{"id":167668,"date":"2020-06-04T17:25:37","date_gmt":"2020-06-04T15:25:37","guid":{"rendered":"http:\/\/www.leccecronaca.it\/?p=167668"},"modified":"2020-06-04T17:32:08","modified_gmt":"2020-06-04T15:32:08","slug":"sinistra-kitsch","status":"publish","type":"post","link":"https:\/\/www.leccecronaca.it\/index.php\/2020\/06\/04\/sinistra-kitsch\/","title":{"rendered":"SINISTRA KITSCH"},"content":{"rendered":"<p><img decoding=\"async\" loading=\"lazy\" class=\"alignnone size-full wp-image-167669\" src=\"https:\/\/www.leccecronaca.it\/wordpress\/wp-content\/uploads\/2020\/06\/83062181_2980528798735509_2580726186082566144_o.jpg\" alt=\"\" width=\"720\" height=\"960\" srcset=\"https:\/\/www.leccecronaca.it\/wordpress\/wp-content\/uploads\/2020\/06\/83062181_2980528798735509_2580726186082566144_o.jpg 720w, https:\/\/www.leccecronaca.it\/wordpress\/wp-content\/uploads\/2020\/06\/83062181_2980528798735509_2580726186082566144_o-225x300.jpg 225w\" sizes=\"(max-width: 720px) 100vw, 720px\" \/>(g.p.)______Foto di tre giorni fa, dal suo diario Facebook, in cui annota una visita istituzionale in un agriturismo salentino. Il ministro dell&#8217;Agricoltura Teresa Bellanova si fa ritrarre davanti ad un ulivo sgangherato, che chiss\u00e0 che guaio ha passato e per mano di chi.<\/p>\n<p>Sfugge, n\u00e9 \u00e8 spiegato nel post, il senso dell&#8217;operazione, comunque sia effetti speciali curatissimi, come si vede. Mirabile, il pendant dell&#8217;insieme, in un&#8217; apoteosi del kitsch, con retrogusto genere horror.<\/p>\n<p>Messaggi subliminali affidati alla libera interpretazione di ognuno, in quello che abbiamo imparato a chiamare l&#8217;immaginario collettivo.<\/p>\n<div class=\"vmod ABgcGb\"><\/div>\n<div class=\"vmod\"><\/div>\n<fb:like href='https:\/\/www.leccecronaca.it\/index.php\/2020\/06\/04\/sinistra-kitsch\/' send='true' layout='button_count' show_faces='true' width='450' height='65' action='recommend' colorscheme='light' font='lucida grande'><\/fb:like><span class=\"fb_share\"><fb:like href=\"https:\/\/www.leccecronaca.it\/index.php\/2020\/06\/04\/sinistra-kitsch\/\" layout=\"button_count\"><\/fb:like><\/span>","protected":false},"excerpt":{"rendered":"<p>(g.p.)______Foto di tre giorni fa, dal suo diario Facebook, in cui annota una visita istituzionale in un agriturismo salentino. Il ministro dell&#8217;Agricoltura Teresa Bellanova si fa ritrarre davanti ad un ulivo sgangherato, che chiss\u00e0 che guaio ha passato e per mano di chi. Sfugge, n\u00e9 \u00e8 spiegato nel post, il senso dell&#8217;operazione, comunque sia effetti [&hellip;]<\/p>\n","protected":false},"author":4,"featured_media":167669,"comment_status":"open","ping_status":"closed","sticky":false,"template":"","format":"standard","meta":[],"categories":[76],"tags":[],"_links":{"self":[{"href":"https:\/\/www.leccecronaca.it\/index.php\/wp-json\/wp\/v2\/posts\/167668"}],"collection":[{"href":"https:\/\/www.leccecronaca.it\/index.php\/wp-json\/wp\/v2\/posts"}],"about":[{"href":"https:\/\/www.leccecronaca.it\/index.php\/wp-json\/wp\/v2\/types\/post"}],"author":[{"embeddable":true,"href":"https:\/\/www.leccecronaca.it\/index.php\/wp-json\/wp\/v2\/users\/4"}],"replies":[{"embeddable":true,"href":"https:\/\/www.leccecronaca.it\/index.php\/wp-json\/wp\/v2\/comments?post=167668"}],"version-history":[{"count":2,"href":"https:\/\/www.leccecronaca.it\/index.php\/wp-json\/wp\/v2\/posts\/167668\/revisions"}],"predecessor-version":[{"id":167671,"href":"https:\/\/www.leccecronaca.it\/index.php\/wp-json\/wp\/v2\/posts\/167668\/revisions\/167671"}],"wp:featuredmedia":[{"embeddable":true,"href":"https:\/\/www.leccecronaca.it\/index.php\/wp-json\/wp\/v2\/media\/167669"}],"wp:attachment":[{"href":"https:\/\/www.leccecronaca.it\/index.php\/wp-json\/wp\/v2\/media?parent=167668"}],"wp:term":[{"taxonomy":"category","embeddable":true,"href":"https:\/\/www.leccecronaca.it\/index.php\/wp-json\/wp\/v2\/categories?post=167668"},{"taxonomy":"post_tag","embeddable":true,"href":"https:\/\/www.leccecronaca.it\/index.php\/wp-json\/wp\/v2\/tags?post=167668"}],"curies":[{"name":"wp","href":"https:\/\/api.w.org\/{rel}","templated":true}]}}