{"id":167747,"date":"2020-06-06T12:08:13","date_gmt":"2020-06-06T10:08:13","guid":{"rendered":"http:\/\/www.leccecronaca.it\/?p=167747"},"modified":"2020-06-06T14:27:16","modified_gmt":"2020-06-06T12:27:16","slug":"belli-di-mamma-sono-ritornata","status":"publish","type":"post","link":"https:\/\/www.leccecronaca.it\/index.php\/2020\/06\/06\/belli-di-mamma-sono-ritornata\/","title":{"rendered":"&#8220;Belli di mamma, eccomi, sono ritornata!&#8221;"},"content":{"rendered":"<p><img decoding=\"async\" loading=\"lazy\" class=\"alignnone size-full wp-image-167748\" src=\"https:\/\/www.leccecronaca.it\/wordpress\/wp-content\/uploads\/2020\/06\/caccia-alla-volpe-1024x536-532536.660x368.jpg\" alt=\"\" width=\"660\" height=\"368\" srcset=\"https:\/\/www.leccecronaca.it\/wordpress\/wp-content\/uploads\/2020\/06\/caccia-alla-volpe-1024x536-532536.660x368.jpg 660w, https:\/\/www.leccecronaca.it\/wordpress\/wp-content\/uploads\/2020\/06\/caccia-alla-volpe-1024x536-532536.660x368-300x167.jpg 300w\" sizes=\"(max-width: 660px) 100vw, 660px\" \/>(Rdl)______Una bella storia di amore per gli animali e rispetto per la Natura \u00e8 stata raccontata ieri dal centro specializzato di recupero e cura SOS Fauna presso il\u00a0 Museo Naturale del Salento di Calimera, con un post che qui di seguito riproduciamo______<br \/>\nDomenica 31 maggio il signor Ferdinando Giuri, di rientro nella sua abitazione, ha notato una volpe riversa per strada, probabilmente investita, in zona &#8220;Vacanze Serene&#8221; a Nard\u00f2 e senza perdere tempo ha allertato i soccorsi, chiamando i volontari di\u00a0ENPA Copertino, che si sono recati immediatamente sul posto per il recupero dell&#8217;animale.<\/p>\n<p>Nel frattempo i volontari hanno avvisato il Centro recupero fauna selvatica a Calimera e, con una staffetta, la volpe \u00e8 stata fatta arrivare\u00a0dapprima al\u00a0Centro Veterinario Lupiae, a Lecce, per gli esami radiologici e successivamente a Calimera per la degenza.<\/p>\n<p>La volpe, al suo arrivo in clinica, era incosciente e in ipotermia, con un trauma cranico e un occhio gonfio. L&#8217;urgenza era dettata anche dal fatto che la volpe era una femmina in lattazione, quindi con dei cuccioli, che, se lei non si fosse ripresa e fosse tornata da loro, non ce l&#8217;avrebbero fatta a sopravvivere.<\/p>\n<p>La tenacia di mamma volpe e le cure tempestive hanno fatto si che le speranze di una rapida ripresa dell&#8217;esemplare ferito fossero esaudite.<\/p>\n<p>Gi\u00e0 al mattino la volpe era sveglia e vigile e si muoveva nervosamente nel trasportino di contenimento. Ancora qualche esame di controllo da parte del veterinario del Centro, Gianluca Nocco e finalmente \u00e8 arrivato l&#8217;ok per il reinserimento immediato.<\/p>\n<p>Simona Potenza, responsabile della fauna omeoterma per il Centro recupero di Calimera e i volontari Enpa, nel pomeriggio di luned\u00ec, si sono recati nella localit\u00e0 del ritrovamento, nella marina di Nard\u00f2, e l\u00ec mamma volpe ha ritrovato la libert\u00e0.<\/p>\n<p>Nessuna esitazione per lei, ma una corsa spedita verso i suoi cuccioli!______<\/p>\n<p>LA RICERCA nel nostro articolo immediatamente precedente<\/p>\n<blockquote class=\"wp-embedded-content\" data-secret=\"BH4JMdUaLp\"><p><a href=\"https:\/\/www.leccecronaca.it\/index.php\/2020\/06\/06\/belli-di-mamma-sono-ritornata\/\">&#8220;Belli di mamma, eccomi, sono ritornata!&#8221;<\/a><\/p><\/blockquote>\n<p><iframe class=\"wp-embedded-content\" sandbox=\"allow-scripts\" security=\"restricted\" style=\"position: absolute; clip: rect(1px, 1px, 1px, 1px);\" src=\"https:\/\/www.leccecronaca.it\/index.php\/2020\/06\/06\/belli-di-mamma-sono-ritornata\/embed\/#?secret=BH4JMdUaLp\" data-secret=\"BH4JMdUaLp\" width=\"500\" height=\"282\" title=\"&#8220;&#8220;Belli di mamma, eccomi, sono ritornata!&#8221;&#8221; &#8212; LecceCronaca.it\" frameborder=\"0\" marginwidth=\"0\" marginheight=\"0\" scrolling=\"no\"><\/iframe><\/p>\n<fb:like href='https:\/\/www.leccecronaca.it\/index.php\/2020\/06\/06\/belli-di-mamma-sono-ritornata\/' send='true' layout='button_count' show_faces='true' width='450' height='65' action='recommend' colorscheme='light' font='lucida grande'><\/fb:like><span class=\"fb_share\"><fb:like href=\"https:\/\/www.leccecronaca.it\/index.php\/2020\/06\/06\/belli-di-mamma-sono-ritornata\/\" layout=\"button_count\"><\/fb:like><\/span>","protected":false},"excerpt":{"rendered":"<p>(Rdl)______Una bella storia di amore per gli animali e rispetto per la Natura \u00e8 stata raccontata ieri dal centro specializzato di recupero e cura SOS Fauna presso il\u00a0 Museo Naturale del Salento di Calimera, con un post che qui di seguito riproduciamo______ Domenica 31 maggio il signor Ferdinando Giuri, di rientro nella sua abitazione, ha [&hellip;]<\/p>\n","protected":false},"author":4,"featured_media":167748,"comment_status":"open","ping_status":"closed","sticky":false,"template":"","format":"standard","meta":[],"categories":[69],"tags":[],"_links":{"self":[{"href":"https:\/\/www.leccecronaca.it\/index.php\/wp-json\/wp\/v2\/posts\/167747"}],"collection":[{"href":"https:\/\/www.leccecronaca.it\/index.php\/wp-json\/wp\/v2\/posts"}],"about":[{"href":"https:\/\/www.leccecronaca.it\/index.php\/wp-json\/wp\/v2\/types\/post"}],"author":[{"embeddable":true,"href":"https:\/\/www.leccecronaca.it\/index.php\/wp-json\/wp\/v2\/users\/4"}],"replies":[{"embeddable":true,"href":"https:\/\/www.leccecronaca.it\/index.php\/wp-json\/wp\/v2\/comments?post=167747"}],"version-history":[{"count":4,"href":"https:\/\/www.leccecronaca.it\/index.php\/wp-json\/wp\/v2\/posts\/167747\/revisions"}],"predecessor-version":[{"id":167752,"href":"https:\/\/www.leccecronaca.it\/index.php\/wp-json\/wp\/v2\/posts\/167747\/revisions\/167752"}],"wp:featuredmedia":[{"embeddable":true,"href":"https:\/\/www.leccecronaca.it\/index.php\/wp-json\/wp\/v2\/media\/167748"}],"wp:attachment":[{"href":"https:\/\/www.leccecronaca.it\/index.php\/wp-json\/wp\/v2\/media?parent=167747"}],"wp:term":[{"taxonomy":"category","embeddable":true,"href":"https:\/\/www.leccecronaca.it\/index.php\/wp-json\/wp\/v2\/categories?post=167747"},{"taxonomy":"post_tag","embeddable":true,"href":"https:\/\/www.leccecronaca.it\/index.php\/wp-json\/wp\/v2\/tags?post=167747"}],"curies":[{"name":"wp","href":"https:\/\/api.w.org\/{rel}","templated":true}]}}