{"id":167968,"date":"2020-06-12T00:02:18","date_gmt":"2020-06-11T22:02:18","guid":{"rendered":"http:\/\/www.leccecronaca.it\/?p=167968"},"modified":"2020-06-11T15:49:01","modified_gmt":"2020-06-11T13:49:01","slug":"le-foto-di-gianni-leone-a-lecce-da-venerdi-26","status":"publish","type":"post","link":"https:\/\/www.leccecronaca.it\/index.php\/2020\/06\/12\/le-foto-di-gianni-leone-a-lecce-da-venerdi-26\/","title":{"rendered":"LE FOTO DI GIANNI LEONE A LECCE DA VENERDI&#8217; 26"},"content":{"rendered":"<p>di <strong>Raffaele Polo<\/strong>______<img decoding=\"async\" loading=\"lazy\" class=\"alignnone size-full wp-image-167969\" src=\"https:\/\/www.leccecronaca.it\/wordpress\/wp-content\/uploads\/2020\/06\/GianniLeone-Leuca_1998_CourtesyFondazionePinoPascali.jpg\" alt=\"\" width=\"1546\" height=\"1293\" srcset=\"https:\/\/www.leccecronaca.it\/wordpress\/wp-content\/uploads\/2020\/06\/GianniLeone-Leuca_1998_CourtesyFondazionePinoPascali.jpg 1546w, https:\/\/www.leccecronaca.it\/wordpress\/wp-content\/uploads\/2020\/06\/GianniLeone-Leuca_1998_CourtesyFondazionePinoPascali-300x251.jpg 300w, https:\/\/www.leccecronaca.it\/wordpress\/wp-content\/uploads\/2020\/06\/GianniLeone-Leuca_1998_CourtesyFondazionePinoPascali-1024x856.jpg 1024w, https:\/\/www.leccecronaca.it\/wordpress\/wp-content\/uploads\/2020\/06\/GianniLeone-Leuca_1998_CourtesyFondazionePinoPascali-768x642.jpg 768w, https:\/\/www.leccecronaca.it\/wordpress\/wp-content\/uploads\/2020\/06\/GianniLeone-Leuca_1998_CourtesyFondazionePinoPascali-1536x1285.jpg 1536w\" sizes=\"(max-width: 1546px) 100vw, 1546px\" \/><\/p>\n<p>Si riprende con le mostre, finalmente.<\/p>\n<p>E venerd\u00ec 26 giugno 2020 nelle sale del MUST Museo Storico della Citt\u00e0 di Lecce si inaugura la mostra personale <strong>\u201cGianni Leone\u201d<\/strong>, antologica del fotografo pugliese, nato a Bari nel 1939.<\/p>\n<p>Un progetto dell\u2019Associazione Kunstschau in collaborazione con il Comune di Lecce \u2013 Assessorato alla Cultura e con la Fondazione Pino Pascali di Polignano a Mare. La mostra \u00e8 a cura di Rosalba Bran\u00e0, direttrice della Fondazione Pino Pascali.<\/p>\n<p>Sessanta opere provenienti dalla stessa collezione approdano al MUST per un\u2019esposizione dedicata ad uno dei massimi esponenti della fotografia italiana di paesaggio.<\/p>\n<p><em>\u201cPer Gianni Leone<\/em> \u2013 scrive la curatrice Rosalba Bran\u00e0, direttrice della Fondazione Pascali \u2013 <em>il paesaggio \u00e8 un altrove teorico, \u00e8 un complesso sistema di segni, \u00e8 il luogo del pensiero ma non della nostalgia, poich\u00e9 questa appartiene ai viaggiatori seriali mentre lui \u00e8 un sedentario e il suo piacere pi\u00f9 grande \u00e8 tornare a casa. Il nostro autore ama e percorre pianure, costeggia il mare, con passo lento attraversando il fluire del tempo e i cambiamenti di luce&#8230;La fotografia si presenta non come rappresentazione della realt\u00e0 ma quale tentativo di sintesi tra memoria, attese, fluire del tempo&#8221;.<\/em><\/p>\n<p>&nbsp;<\/p>\n<p>In mostra al MUST sar\u00e0 visibile un\u2019ampia selezione del lavoro realizzato dagli anni Ottanta ad oggi (nella foto di copertina, (nella foto di copertina, Santa Maria di Leuca, 1998), in una ricerca condotta tra la citt\u00e0 e i piccoli borghi, tra la campagna e l\u2019industria, posando uno sguardo discreto e silenzioso su luoghi marginali, abbandonati, spiagge solitarie ed angoli deserti soprattutto della sua Puglia e del Mezzogiorno. Una sezione sar\u00e0 dedicata all\u2019attenta perlustrazione di superfici, campiture, dettagli formali e geometrie, analizzati fino ai limiti di un\u2019astrazione luminosa e sentimentale.<\/p>\n<p>La mostra sar\u00e0 visitabile dal 26 giugno al 27 settembre 2020, dal marted\u00ec alla domenica, dalle 10,00 alle 13,30 e dalle 15,30 alle 19,00.<\/p>\n<p>&nbsp;<\/p>\n<p>L\u2019accesso alla mostra sar\u00e0 contingentato in osservanza delle misure adottate dal governo italiano in materia di contenimento e gestione dell&#8217;emergenza epidemiologica da Covid-19:<\/p>\n<p>&#8211;\u00a0\u00a0\u00a0\u00a0\u00a0\u00a0\u00a0\u00a0\u00a0 Accesso consentito ad un massimo di 20 persone<\/p>\n<p>&#8211;\u00a0\u00a0\u00a0\u00a0\u00a0\u00a0\u00a0\u00a0\u00a0 Mascherina obbligatoria<\/p>\n<p>&#8211;\u00a0\u00a0\u00a0\u00a0\u00a0\u00a0\u00a0\u00a0\u00a0 Guanti monouso facoltativi<\/p>\n<p>Organizzazione: Kunstschau<\/p>\n<p>Via G. Toma 72, Lecce<\/p>\n<p>Info: + 39 320 5749854\u00a0 |\u00a0 info.kunstschau@gmail.com<\/p>\n<p>&nbsp;<\/p>\n<fb:like href='https:\/\/www.leccecronaca.it\/index.php\/2020\/06\/12\/le-foto-di-gianni-leone-a-lecce-da-venerdi-26\/' send='true' layout='button_count' show_faces='true' width='450' height='65' action='recommend' colorscheme='light' font='lucida grande'><\/fb:like><span class=\"fb_share\"><fb:like href=\"https:\/\/www.leccecronaca.it\/index.php\/2020\/06\/12\/le-foto-di-gianni-leone-a-lecce-da-venerdi-26\/\" layout=\"button_count\"><\/fb:like><\/span>","protected":false},"excerpt":{"rendered":"<p>di Raffaele Polo______ Si riprende con le mostre, finalmente. E venerd\u00ec 26 giugno 2020 nelle sale del MUST Museo Storico della Citt\u00e0 di Lecce si inaugura la mostra personale \u201cGianni Leone\u201d, antologica del fotografo pugliese, nato a Bari nel 1939. Un progetto dell\u2019Associazione Kunstschau in collaborazione con il Comune di Lecce \u2013 Assessorato alla Cultura [&hellip;]<\/p>\n","protected":false},"author":4,"featured_media":167969,"comment_status":"open","ping_status":"closed","sticky":false,"template":"","format":"standard","meta":[],"categories":[31],"tags":[],"_links":{"self":[{"href":"https:\/\/www.leccecronaca.it\/index.php\/wp-json\/wp\/v2\/posts\/167968"}],"collection":[{"href":"https:\/\/www.leccecronaca.it\/index.php\/wp-json\/wp\/v2\/posts"}],"about":[{"href":"https:\/\/www.leccecronaca.it\/index.php\/wp-json\/wp\/v2\/types\/post"}],"author":[{"embeddable":true,"href":"https:\/\/www.leccecronaca.it\/index.php\/wp-json\/wp\/v2\/users\/4"}],"replies":[{"embeddable":true,"href":"https:\/\/www.leccecronaca.it\/index.php\/wp-json\/wp\/v2\/comments?post=167968"}],"version-history":[{"count":1,"href":"https:\/\/www.leccecronaca.it\/index.php\/wp-json\/wp\/v2\/posts\/167968\/revisions"}],"predecessor-version":[{"id":167970,"href":"https:\/\/www.leccecronaca.it\/index.php\/wp-json\/wp\/v2\/posts\/167968\/revisions\/167970"}],"wp:featuredmedia":[{"embeddable":true,"href":"https:\/\/www.leccecronaca.it\/index.php\/wp-json\/wp\/v2\/media\/167969"}],"wp:attachment":[{"href":"https:\/\/www.leccecronaca.it\/index.php\/wp-json\/wp\/v2\/media?parent=167968"}],"wp:term":[{"taxonomy":"category","embeddable":true,"href":"https:\/\/www.leccecronaca.it\/index.php\/wp-json\/wp\/v2\/categories?post=167968"},{"taxonomy":"post_tag","embeddable":true,"href":"https:\/\/www.leccecronaca.it\/index.php\/wp-json\/wp\/v2\/tags?post=167968"}],"curies":[{"name":"wp","href":"https:\/\/api.w.org\/{rel}","templated":true}]}}