{"id":168708,"date":"2020-06-27T12:48:12","date_gmt":"2020-06-27T10:48:12","guid":{"rendered":"http:\/\/www.leccecronaca.it\/?p=168708"},"modified":"2020-06-27T12:57:39","modified_gmt":"2020-06-27T10:57:39","slug":"chi-e-di-destra-non-puo-votare-fitto-a-leccecronaca-it-parla-il-segretario-regionale-della-fiamma-tricolore-abbiamo-le-nostre-ragioni-per-prendere-altre-strade-indipendentemente-dalla-senatri","status":"publish","type":"post","link":"https:\/\/www.leccecronaca.it\/index.php\/2020\/06\/27\/chi-e-di-destra-non-puo-votare-fitto-a-leccecronaca-it-parla-il-segretario-regionale-della-fiamma-tricolore-abbiamo-le-nostre-ragioni-per-prendere-altre-strade-indipendentemente-dalla-senatri\/","title":{"rendered":"&#8220;Chi \u00e8 di destra non pu\u00f2 votare Fitto&#8221;. A leccecronaca.it PARLA IL SEGRETARIO REGIONALE DELLA FIAMMA TRICOLORE EGIDIO PERSONE&#8217;: &#8220;Abbiamo le nostre ragioni per prendere altre strade, indipendentemente dalla senatrice Poli Bortone&#8221;. POI RIVELA VECCHI RETROSCENA&#8230;"},"content":{"rendered":"<p><img decoding=\"async\" loading=\"lazy\" class=\"alignnone wp-image-168709 size-full\" src=\"https:\/\/www.leccecronaca.it\/wordpress\/wp-content\/uploads\/2020\/06\/17545435_197727644057248_4951957393702847692_o-1.jpg\" alt=\"\" width=\"960\" height=\"960\" srcset=\"https:\/\/www.leccecronaca.it\/wordpress\/wp-content\/uploads\/2020\/06\/17545435_197727644057248_4951957393702847692_o-1.jpg 960w, https:\/\/www.leccecronaca.it\/wordpress\/wp-content\/uploads\/2020\/06\/17545435_197727644057248_4951957393702847692_o-1-300x300.jpg 300w, https:\/\/www.leccecronaca.it\/wordpress\/wp-content\/uploads\/2020\/06\/17545435_197727644057248_4951957393702847692_o-1-150x150.jpg 150w, https:\/\/www.leccecronaca.it\/wordpress\/wp-content\/uploads\/2020\/06\/17545435_197727644057248_4951957393702847692_o-1-768x768.jpg 768w, https:\/\/www.leccecronaca.it\/wordpress\/wp-content\/uploads\/2020\/06\/17545435_197727644057248_4951957393702847692_o-1-60x60.jpg 60w\" sizes=\"(max-width: 960px) 100vw, 960px\" \/>di<strong> Francesco Buja<\/strong>______<\/p>\n<p>\u00ab<strong><em>Noi siamo contro Fitto indipendentemente dalla posizione della senatrice Poli Bortone<\/em><\/strong>\u00bb. La precisazione \u00e8 quella di Egidio Person\u00e8 (nella foto, davanti la sua attivit\u00e0 di antiquariato)<img decoding=\"async\" loading=\"lazy\" class=\"alignnone size-medium wp-image-168709\" src=\"https:\/\/www.leccecronaca.it\/wordpress\/wp-content\/uploads\/2020\/06\/17545435_197727644057248_4951957393702847692_o-1-300x300.jpg\" alt=\"\" width=\"300\" height=\"300\" srcset=\"https:\/\/www.leccecronaca.it\/wordpress\/wp-content\/uploads\/2020\/06\/17545435_197727644057248_4951957393702847692_o-1-300x300.jpg 300w, https:\/\/www.leccecronaca.it\/wordpress\/wp-content\/uploads\/2020\/06\/17545435_197727644057248_4951957393702847692_o-1-150x150.jpg 150w, https:\/\/www.leccecronaca.it\/wordpress\/wp-content\/uploads\/2020\/06\/17545435_197727644057248_4951957393702847692_o-1-768x768.jpg 768w, https:\/\/www.leccecronaca.it\/wordpress\/wp-content\/uploads\/2020\/06\/17545435_197727644057248_4951957393702847692_o-1-60x60.jpg 60w, https:\/\/www.leccecronaca.it\/wordpress\/wp-content\/uploads\/2020\/06\/17545435_197727644057248_4951957393702847692_o-1.jpg 960w\" sizes=\"(max-width: 300px) 100vw, 300px\" \/>, segretario regionale della Fiamma Tricolore, il quale non ha digerito quel che si \u00e8 detto sulla stampa recentemente, quindi ha precisato: <strong><em>\u00abLa destra non pu\u00f2 sostenere alla elezioni regionali pugliesi un democristiano. La nostra decisione coincide con quella di Adriana Poli Bortone, ma le ragioni del nostro partito sono diverse da quelle della senatrice. Noi ragioniamo con la nostra testa\u00bb<\/em><\/strong>. Se \u00e8 noto dunque che fra l\u2019ex deputata missina, oggi consigliere comunale di Lecce per la Fiamma tricolore, e il ri-candidato del centrodestra alla guida della Regione Puglia non corra buon sangue (per usare un eufemismo), sono per\u00f2 meno conosciuti i fatti per cui, ideali a parte, il partito rappresentato da Person\u00e9 non sosterr\u00e0 il politico magliese.<\/p>\n<p>&nbsp;<\/p>\n<p>Il focoso segretario regionale del partito fondato da Pino Rauti rivela:<strong><em>\u00abAlle elezioni provinciali, nel 2009, sostenemmo Antonio Gabellone, politico vicino a Fitto, per non consegnare, come sempre si diceva, l\u2019ente alla sinistra. Gli chiedemmo una sala per poter svolgere attivit\u00e0 di partito, ma non avemmo alcunch\u00e9. Eravamo caduti nel solito tranello. Gabellone vinse con il nostro contributo, ma lui non collabor\u00f2 con noi\u00bb. <\/em><\/strong><\/p>\n<p>Un\u2019altra delusione per\u00f2 riservarono esponenti dell\u2019area fittiana al noto attivista della destra radicale. <strong><em>\u00abNon volevo pi\u00f9 partecipare alle elezioni<\/em><\/strong> \u2013 ricorda Person\u00e8 &#8211; <strong><em>Ma in occasione delle elezioni comunali del 2012 mi fu proposto da questo fantomatico centrodestra, allora in mano ai fittiani, che se avessi ottenuto centocinquanta voti avrei ricevuto un posto di lavoro in una societ\u00e0 partecipata di Palazzo Carafa. Presi molti pi\u00f9 voti di quelli pattuiti, nonostante ottanta se ne persero per strada. Ma proposi che lo stipendio che avrei ricevuto dalla societ\u00e0 partecipata fosse devoluto a un\u2019associazione no profit: quei soldi dovevano andare alle famiglie missine indigenti. Firmai la domanda di assunzione, non fui eletto. Quel posto nella societ\u00e0 partecipata dal Comune non \u00e8 mai arrivato\u00bb.<\/em><\/strong><\/p>\n<p>&nbsp;<\/p>\n<p>Dunque, il politico magliese. <strong><em>\u00abAnni fa<\/em> <\/strong>\u2013 rivela Egidio Person\u00e9 &#8211; <strong><em>durante una cena, Fitto disse che i missini se li sarebbe messi in tasca, intendendo significare che li avrebbe convinti a sostenerlo alle elezioni regionali. Anche per questo motivo ci schierammo contro di lui. E ci candidammo anche contro la Poli Bortone, a conferma che noi ragioniamo autonomamente. Ma siamo contenti che ora questa grande donna sia con noi. Un sogno che ho realizzato&#8221;.<\/em><\/strong><\/p>\n<p>Poi continua: <strong><em>&#8220;Che la Poli Bortone\u00a0 abbia motivi per essere contro Fitto a noi non riguarda. Qualche giornalista\u00a0 sostiene che la Poli abbia coinvolto il nostro partito nella sua battaglia contro Fitto, non \u00e8 cos\u00ec: siamo noi missini a non volere farci imporre un nome che non scaturisce da un tavolo di centrodestra, tanto pi\u00f9 di un centrodestra che s\u2019\u00e8 appropriato del nostro simbolo\u00bb<\/em><\/strong>. La stoccata sullo storico simbolo, ricordiamo ai lettori distratti, \u00e8 a Fratelli d\u2019Italia.<\/p>\n<p>&nbsp;<\/p>\n<p>Dunque si riaccender\u00e0 la Fiamma per le elezioni regionali?<\/p>\n<p><em><strong>\u00abProbabilit\u00e0 di ottenere un consigliere ne abbiamo<\/strong><\/em> \u2013 ragiona Person\u00e8 &#8211; <strong><em>bisogna stringere qualche accordo nella nostra area politica. Lo spirito missino, nell\u2019aria c\u2019\u00e8 ancora\u00bb.<\/em><\/strong><\/p>\n<p>La Fiamma tricolore guader\u00e0 magari a Vox Italia, il cui verbo \u00e8 per molti tratti consonante a quello della destra?<\/p>\n<p><strong><em>\u00abHo avuto rapporti giorni fa con alcuni rappresentanti di Vox Italia, ma nutro dei dubbi. Ho proposto una lista unitaria, col nostro simbolo. A me il nome del partner non interessa, l\u2019importante \u00e8 ottenere un consigliere regionale\u00bb.<\/em><\/strong><\/p>\n<fb:like href='https:\/\/www.leccecronaca.it\/index.php\/2020\/06\/27\/chi-e-di-destra-non-puo-votare-fitto-a-leccecronaca-it-parla-il-segretario-regionale-della-fiamma-tricolore-abbiamo-le-nostre-ragioni-per-prendere-altre-strade-indipendentemente-dalla-senatri\/' send='true' layout='button_count' show_faces='true' width='450' height='65' action='recommend' colorscheme='light' font='lucida grande'><\/fb:like><span class=\"fb_share\"><fb:like href=\"https:\/\/www.leccecronaca.it\/index.php\/2020\/06\/27\/chi-e-di-destra-non-puo-votare-fitto-a-leccecronaca-it-parla-il-segretario-regionale-della-fiamma-tricolore-abbiamo-le-nostre-ragioni-per-prendere-altre-strade-indipendentemente-dalla-senatri\/\" layout=\"button_count\"><\/fb:like><\/span>","protected":false},"excerpt":{"rendered":"<p>di Francesco Buja______ \u00abNoi siamo contro Fitto indipendentemente dalla posizione della senatrice Poli Bortone\u00bb. La precisazione \u00e8 quella di Egidio Person\u00e8 (nella foto, davanti la sua attivit\u00e0 di antiquariato), segretario regionale della Fiamma Tricolore, il quale non ha digerito quel che si \u00e8 detto sulla stampa recentemente, quindi ha precisato: \u00abLa destra non pu\u00f2 sostenere [&hellip;]<\/p>\n","protected":false},"author":4,"featured_media":0,"comment_status":"open","ping_status":"closed","sticky":false,"template":"","format":"standard","meta":[],"categories":[69,76],"tags":[],"_links":{"self":[{"href":"https:\/\/www.leccecronaca.it\/index.php\/wp-json\/wp\/v2\/posts\/168708"}],"collection":[{"href":"https:\/\/www.leccecronaca.it\/index.php\/wp-json\/wp\/v2\/posts"}],"about":[{"href":"https:\/\/www.leccecronaca.it\/index.php\/wp-json\/wp\/v2\/types\/post"}],"author":[{"embeddable":true,"href":"https:\/\/www.leccecronaca.it\/index.php\/wp-json\/wp\/v2\/users\/4"}],"replies":[{"embeddable":true,"href":"https:\/\/www.leccecronaca.it\/index.php\/wp-json\/wp\/v2\/comments?post=168708"}],"version-history":[{"count":2,"href":"https:\/\/www.leccecronaca.it\/index.php\/wp-json\/wp\/v2\/posts\/168708\/revisions"}],"predecessor-version":[{"id":168711,"href":"https:\/\/www.leccecronaca.it\/index.php\/wp-json\/wp\/v2\/posts\/168708\/revisions\/168711"}],"wp:attachment":[{"href":"https:\/\/www.leccecronaca.it\/index.php\/wp-json\/wp\/v2\/media?parent=168708"}],"wp:term":[{"taxonomy":"category","embeddable":true,"href":"https:\/\/www.leccecronaca.it\/index.php\/wp-json\/wp\/v2\/categories?post=168708"},{"taxonomy":"post_tag","embeddable":true,"href":"https:\/\/www.leccecronaca.it\/index.php\/wp-json\/wp\/v2\/tags?post=168708"}],"curies":[{"name":"wp","href":"https:\/\/api.w.org\/{rel}","templated":true}]}}