{"id":168765,"date":"2020-06-28T18:57:56","date_gmt":"2020-06-28T16:57:56","guid":{"rendered":"http:\/\/www.leccecronaca.it\/?p=168765"},"modified":"2020-06-28T19:01:05","modified_gmt":"2020-06-28T17:01:05","slug":"la-lega-non-vuole-i-cera-avvicinatisi-a-fitto","status":"publish","type":"post","link":"https:\/\/www.leccecronaca.it\/index.php\/2020\/06\/28\/la-lega-non-vuole-i-cera-avvicinatisi-a-fitto\/","title":{"rendered":"LA LEGA NON VUOLE I CERA AVVICINATISI A FITTO"},"content":{"rendered":"<p><img decoding=\"async\" loading=\"lazy\" class=\"alignnone size-full wp-image-168766\" src=\"https:\/\/www.leccecronaca.it\/wordpress\/wp-content\/uploads\/2020\/06\/rf.jpg\" alt=\"\" width=\"960\" height=\"960\" srcset=\"https:\/\/www.leccecronaca.it\/wordpress\/wp-content\/uploads\/2020\/06\/rf.jpg 960w, https:\/\/www.leccecronaca.it\/wordpress\/wp-content\/uploads\/2020\/06\/rf-300x300.jpg 300w, https:\/\/www.leccecronaca.it\/wordpress\/wp-content\/uploads\/2020\/06\/rf-150x150.jpg 150w, https:\/\/www.leccecronaca.it\/wordpress\/wp-content\/uploads\/2020\/06\/rf-768x768.jpg 768w, https:\/\/www.leccecronaca.it\/wordpress\/wp-content\/uploads\/2020\/06\/rf-60x60.jpg 60w\" sizes=\"(max-width: 960px) 100vw, 960px\" \/>(Rdl)______Si \u00e8 svolta ieri a Bari, al Palace Hotel, una manifestazione elettorale di Raffaele Fitto, candidato unitario del centro &#8211; destra alle prossime elezioni regionali, insieme a Forza Italia, alla presenza del vicepresidente Antonio Tajani (nella foto), di tutto lo stato maggiore del partito e con tanto di benedizione telefonica di Silvio Berlusconi in persona.<\/p>\n<p>Il problema \u00e8 diventato la partecipazione del consigliere regionale Napoleone Cera e del padre Angelo, ex parlamentare dell\u2019Udc, notati fra i presenti e, come ricordiamo nel link riportato qui sotto, indagati dalla magistratura in un&#8217;inchiesta in cui figura pure Michele Emiliano.<\/p>\n<p>Infatti, questa sera si registra un duro comunicato stampa degli alleati di coalizione della Lega, che chiede a Fitto di prendere esplicitamente le distanze dai due politici indagati, fino a ieri considerati sodali del presidente della Regione Puglia.<\/p>\n<p>Ecco cosa ha dichiarato in un comunicato stampa il segretario regionale pugliese della Lega, Luigi D&#8217;Eramo: &#8220;<em>\u00c8 decisamente imbarazzante la notizia della presenza del consigliere regionale Cera e di suo padre alla conferenza stampa di Forza Italia alla quale \u00e8 intervenuto anche Raffaele Fitto.\u00a0<\/em><\/p>\n<p><em>Che la coalizione debba aprirsi ed essere inclusiva \u00e8 una opzione che per\u00f2 non pu\u00f2 e non deve scivolare nel peggiore trasformismo di chi, ancora oggi, sostiene la sinistra, la giunta Emiliano e con lui \u00e8 addirittura coinvolto in vicende che la magistratura sta approfondendo. <\/em><\/p>\n<p><em>La Lega intende cambiare il governo della Regione, ma soprattutto la cultura di governo in Puglia, segnando una decisa discontinuit\u00e0 con modelli del passato che tanto male hanno fatto ai pugliesi. Abbiamo chiesto il cambiamento e difenderemo con ogni sforzo tale principio che, per la Lega, non \u00e8 derogabile. Vogliamo una Puglia nuova e diversa! Chiediamo quindi a Fitto ed a Forza Italia di prendere immediatamente le distanze&#8221;.______<\/em><\/p>\n<p>L&#8217; APPROFONDIMENTO nel nostro articolo del 10 giugno scorso<\/p>\n<blockquote class=\"wp-embedded-content\" data-secret=\"Q0okRXZPHr\"><p><a href=\"https:\/\/www.leccecronaca.it\/index.php\/2020\/06\/10\/cera-una-volta-una-nomina-da-fare-arriva-adesso-allavvio-della-campagna-elettorale-un-guaio-giudiziario-per-michele-emiliano\/\">C&#8217;ERA UNA VOLTA UNA NOMINA DA FARE&#8230;ARRIVA ADESSO, ALL&#8217;AVVIO DELLA CAMPAGNA ELETTORALE, UN PROCEDIMENTO GIUDIZIARIO PER MICHELE EMILIANO<\/a><\/p><\/blockquote>\n<p><iframe class=\"wp-embedded-content\" sandbox=\"allow-scripts\" security=\"restricted\" style=\"position: absolute; clip: rect(1px, 1px, 1px, 1px);\" src=\"https:\/\/www.leccecronaca.it\/index.php\/2020\/06\/10\/cera-una-volta-una-nomina-da-fare-arriva-adesso-allavvio-della-campagna-elettorale-un-guaio-giudiziario-per-michele-emiliano\/embed\/#?secret=Q0okRXZPHr\" data-secret=\"Q0okRXZPHr\" width=\"500\" height=\"282\" title=\"&#8220;C&#8217;ERA UNA VOLTA UNA NOMINA DA FARE&#8230;ARRIVA ADESSO, ALL&#8217;AVVIO DELLA CAMPAGNA ELETTORALE, UN PROCEDIMENTO GIUDIZIARIO PER MICHELE EMILIANO&#8221; &#8212; LecceCronaca.it\" frameborder=\"0\" marginwidth=\"0\" marginheight=\"0\" scrolling=\"no\"><\/iframe><\/p>\n<fb:like href='https:\/\/www.leccecronaca.it\/index.php\/2020\/06\/28\/la-lega-non-vuole-i-cera-avvicinatisi-a-fitto\/' send='true' layout='button_count' show_faces='true' width='450' height='65' action='recommend' colorscheme='light' font='lucida grande'><\/fb:like><span class=\"fb_share\"><fb:like href=\"https:\/\/www.leccecronaca.it\/index.php\/2020\/06\/28\/la-lega-non-vuole-i-cera-avvicinatisi-a-fitto\/\" layout=\"button_count\"><\/fb:like><\/span>","protected":false},"excerpt":{"rendered":"<p>(Rdl)______Si \u00e8 svolta ieri a Bari, al Palace Hotel, una manifestazione elettorale di Raffaele Fitto, candidato unitario del centro &#8211; destra alle prossime elezioni regionali, insieme a Forza Italia, alla presenza del vicepresidente Antonio Tajani (nella foto), di tutto lo stato maggiore del partito e con tanto di benedizione telefonica di Silvio Berlusconi in persona. [&hellip;]<\/p>\n","protected":false},"author":4,"featured_media":168766,"comment_status":"open","ping_status":"closed","sticky":false,"template":"","format":"standard","meta":[],"categories":[76],"tags":[],"_links":{"self":[{"href":"https:\/\/www.leccecronaca.it\/index.php\/wp-json\/wp\/v2\/posts\/168765"}],"collection":[{"href":"https:\/\/www.leccecronaca.it\/index.php\/wp-json\/wp\/v2\/posts"}],"about":[{"href":"https:\/\/www.leccecronaca.it\/index.php\/wp-json\/wp\/v2\/types\/post"}],"author":[{"embeddable":true,"href":"https:\/\/www.leccecronaca.it\/index.php\/wp-json\/wp\/v2\/users\/4"}],"replies":[{"embeddable":true,"href":"https:\/\/www.leccecronaca.it\/index.php\/wp-json\/wp\/v2\/comments?post=168765"}],"version-history":[{"count":2,"href":"https:\/\/www.leccecronaca.it\/index.php\/wp-json\/wp\/v2\/posts\/168765\/revisions"}],"predecessor-version":[{"id":168768,"href":"https:\/\/www.leccecronaca.it\/index.php\/wp-json\/wp\/v2\/posts\/168765\/revisions\/168768"}],"wp:featuredmedia":[{"embeddable":true,"href":"https:\/\/www.leccecronaca.it\/index.php\/wp-json\/wp\/v2\/media\/168766"}],"wp:attachment":[{"href":"https:\/\/www.leccecronaca.it\/index.php\/wp-json\/wp\/v2\/media?parent=168765"}],"wp:term":[{"taxonomy":"category","embeddable":true,"href":"https:\/\/www.leccecronaca.it\/index.php\/wp-json\/wp\/v2\/categories?post=168765"},{"taxonomy":"post_tag","embeddable":true,"href":"https:\/\/www.leccecronaca.it\/index.php\/wp-json\/wp\/v2\/tags?post=168765"}],"curies":[{"name":"wp","href":"https:\/\/api.w.org\/{rel}","templated":true}]}}