{"id":168772,"date":"2020-06-29T11:46:09","date_gmt":"2020-06-29T09:46:09","guid":{"rendered":"http:\/\/www.leccecronaca.it\/?p=168772"},"modified":"2020-06-29T16:56:11","modified_gmt":"2020-06-29T14:56:11","slug":"le-foto-di-massimo-sestini-in-mostra-a-lecce-da-venerdi-3","status":"publish","type":"post","link":"https:\/\/www.leccecronaca.it\/index.php\/2020\/06\/29\/le-foto-di-massimo-sestini-in-mostra-a-lecce-da-venerdi-3\/","title":{"rendered":"LE FOTO DI SESTINI IN MOSTRA A LECCE DA VENERDI&#8217; 3"},"content":{"rendered":"<p><img decoding=\"async\" loading=\"lazy\" class=\"alignnone size-full wp-image-168773\" src=\"https:\/\/www.leccecronaca.it\/wordpress\/wp-content\/uploads\/2020\/06\/buna-3.jpg\" alt=\"\" width=\"1000\" height=\"667\" srcset=\"https:\/\/www.leccecronaca.it\/wordpress\/wp-content\/uploads\/2020\/06\/buna-3.jpg 1000w, https:\/\/www.leccecronaca.it\/wordpress\/wp-content\/uploads\/2020\/06\/buna-3-300x200.jpg 300w, https:\/\/www.leccecronaca.it\/wordpress\/wp-content\/uploads\/2020\/06\/buna-3-768x512.jpg 768w\" sizes=\"(max-width: 1000px) 100vw, 1000px\" \/>di <strong>Raffaele Polo<\/strong>______<\/p>\n<p>Carlo d&#8217;Inghilterra fotografato a Recanati mentre dipinge un acquerello, Licio Gelli ripreso a Ginevra mentre \u00e8 portato in carcere appena costituitosi dopo la fuga in Argentina e l\u2019attentato al Rapido 904 nella galleria di San Benedetto Val di Sambro, con cui ottiene la sua prima copertina sul settimanale tedesco Stern: sono questi i primi soggetti realizzati dal fotografo toscano, in et\u00e0 giovanissima.<\/p>\n<p>In seguito Sestini (nella foto), oltre a mantenere una costante attenzione per la cronaca, fonda l\u2019agenzia che porta il suo nome e collabora con numerosi fotoreporter, si dedica ai grandi avvenimenti d\u2019attualit\u00e0. Sar\u00e0 cos\u00ec testimone della tragedia della Moby Prince e autore delle foto dall\u2019alto degli attentati a Falcone e a Borsellino.\u00a0Gli anni successivi porteranno altre esclusive: gli scatti aerei del Giubileo, degli scontri al G8 di Genova, dei funerali di papa Giovanni II&#8230;<\/p>\n<p>Questo ottimo professionista \u00e8 adesso ospite a Lecce da gioved\u00ec 2 luglio 2020, nelle sale del Castello Carlo V. In questa data si apre infatti, alle 19.00, con una conferenza &#8211; stampa riservata ai giornalisti, la mostra <strong><em>L\u2019Aria del Tempo<\/em><\/strong>,\u00a0personale di <strong>Massimo Sestini, <\/strong>57 anni, di Prato,\u00a0considerato tra i pi\u00f9 grandi interpreti della nuova fotografia del reportage, audace nella cattura di immagini estreme, colte sul punto di massimo acume espressivo e drammatico.<\/p>\n<p>L&#8217;esposizione sar\u00e0 aperta al pubblico da venerd\u00ec 3 fino al 30 settembre, tutti i giorni, dalle 10.00 alle 13.00 e dalle 16.00 alle 20.00.<\/p>\n<p>Il progetto espositivo, a cura di Kunstschau in collaborazione con RTI Theutra \u2013 Oasimed, presenta quaranta fotografie di grande e medio formato che raccontano pezzi di storia del nostro Paese, attraverso punti di osservazione inediti e inaccessibili, come quelli espressi nell\u2019altezza vertiginosa dell\u2019ascesa verticale.<\/p>\n<p>La consacrazione di Sestini giunge nel 2015 con la vittoria del prestigioso\u00a0World Press Photo, nella sezione General News: a bordo della Fregata Bergamini, Sestini assiste alle operazioni di salvataggio Mare Nostrum, al largo delle coste libiche; dopo dodici giorni di tempesta, riesce a riprendere dall\u2019elicottero un barcone alla deriva con un carico di cinquecento migranti, poi tratti in salvo. \u00c8 uno scatto che attraversa il mondo e dimostra la grande sensibilit\u00e0 e forza estetica della sua fotografia.<\/p>\n<p>Seguiranno scatti di grande popolarit\u00e0 come la strage di\u00a0Capaci, l\u2019affondamento della\u00a0Costa Concordia\u00a0all\u2019isola del Giglio, le spiagge affollate e i pi\u00f9 sconfinati deserti. La mostra rappresenta il proseguimento naturale di un omonimo progetto editoriale del 2018, un fotolibro edito da Contrasto Books che ripercorre quarant\u2019anni di storia italiana esclusivamente con una serie di incredibili visioni aeree la cui unica regola \u00e8 l\u2019assenza di limiti o barriere.<\/p>\n<p>&nbsp;<\/p>\n<fb:like href='https:\/\/www.leccecronaca.it\/index.php\/2020\/06\/29\/le-foto-di-massimo-sestini-in-mostra-a-lecce-da-venerdi-3\/' send='true' layout='button_count' show_faces='true' width='450' height='65' action='recommend' colorscheme='light' font='lucida grande'><\/fb:like><span class=\"fb_share\"><fb:like href=\"https:\/\/www.leccecronaca.it\/index.php\/2020\/06\/29\/le-foto-di-massimo-sestini-in-mostra-a-lecce-da-venerdi-3\/\" layout=\"button_count\"><\/fb:like><\/span>","protected":false},"excerpt":{"rendered":"<p>di Raffaele Polo______ Carlo d&#8217;Inghilterra fotografato a Recanati mentre dipinge un acquerello, Licio Gelli ripreso a Ginevra mentre \u00e8 portato in carcere appena costituitosi dopo la fuga in Argentina e l\u2019attentato al Rapido 904 nella galleria di San Benedetto Val di Sambro, con cui ottiene la sua prima copertina sul settimanale tedesco Stern: sono questi [&hellip;]<\/p>\n","protected":false},"author":4,"featured_media":168773,"comment_status":"open","ping_status":"closed","sticky":false,"template":"","format":"standard","meta":[],"categories":[31],"tags":[],"_links":{"self":[{"href":"https:\/\/www.leccecronaca.it\/index.php\/wp-json\/wp\/v2\/posts\/168772"}],"collection":[{"href":"https:\/\/www.leccecronaca.it\/index.php\/wp-json\/wp\/v2\/posts"}],"about":[{"href":"https:\/\/www.leccecronaca.it\/index.php\/wp-json\/wp\/v2\/types\/post"}],"author":[{"embeddable":true,"href":"https:\/\/www.leccecronaca.it\/index.php\/wp-json\/wp\/v2\/users\/4"}],"replies":[{"embeddable":true,"href":"https:\/\/www.leccecronaca.it\/index.php\/wp-json\/wp\/v2\/comments?post=168772"}],"version-history":[{"count":6,"href":"https:\/\/www.leccecronaca.it\/index.php\/wp-json\/wp\/v2\/posts\/168772\/revisions"}],"predecessor-version":[{"id":168786,"href":"https:\/\/www.leccecronaca.it\/index.php\/wp-json\/wp\/v2\/posts\/168772\/revisions\/168786"}],"wp:featuredmedia":[{"embeddable":true,"href":"https:\/\/www.leccecronaca.it\/index.php\/wp-json\/wp\/v2\/media\/168773"}],"wp:attachment":[{"href":"https:\/\/www.leccecronaca.it\/index.php\/wp-json\/wp\/v2\/media?parent=168772"}],"wp:term":[{"taxonomy":"category","embeddable":true,"href":"https:\/\/www.leccecronaca.it\/index.php\/wp-json\/wp\/v2\/categories?post=168772"},{"taxonomy":"post_tag","embeddable":true,"href":"https:\/\/www.leccecronaca.it\/index.php\/wp-json\/wp\/v2\/tags?post=168772"}],"curies":[{"name":"wp","href":"https:\/\/api.w.org\/{rel}","templated":true}]}}