{"id":168860,"date":"2020-07-02T00:02:20","date_gmt":"2020-07-01T22:02:20","guid":{"rendered":"http:\/\/www.leccecronaca.it\/?p=168860"},"modified":"2020-07-02T08:25:40","modified_gmt":"2020-07-02T06:25:40","slug":"168860","status":"publish","type":"post","link":"https:\/\/www.leccecronaca.it\/index.php\/2020\/07\/02\/168860\/","title":{"rendered":"IL &#8216;NOIR&#8217; DI PINO DE LUCA A LECCE VENERDI&#8217; 3"},"content":{"rendered":"<p><img decoding=\"async\" loading=\"lazy\" class=\"alignnone size-full wp-image-168863\" src=\"https:\/\/www.leccecronaca.it\/wordpress\/wp-content\/uploads\/2020\/07\/102930138_2991172670935860_5462118340917069612_o.jpg\" alt=\"\" width=\"960\" height=\"960\" srcset=\"https:\/\/www.leccecronaca.it\/wordpress\/wp-content\/uploads\/2020\/07\/102930138_2991172670935860_5462118340917069612_o.jpg 960w, https:\/\/www.leccecronaca.it\/wordpress\/wp-content\/uploads\/2020\/07\/102930138_2991172670935860_5462118340917069612_o-300x300.jpg 300w, https:\/\/www.leccecronaca.it\/wordpress\/wp-content\/uploads\/2020\/07\/102930138_2991172670935860_5462118340917069612_o-150x150.jpg 150w, https:\/\/www.leccecronaca.it\/wordpress\/wp-content\/uploads\/2020\/07\/102930138_2991172670935860_5462118340917069612_o-768x768.jpg 768w, https:\/\/www.leccecronaca.it\/wordpress\/wp-content\/uploads\/2020\/07\/102930138_2991172670935860_5462118340917069612_o-60x60.jpg 60w\" sizes=\"(max-width: 960px) 100vw, 960px\" \/>(Rdl)______Ritornano le presentazioni librarie, finalmente! Quelle vere, non quelle virtuali, per cui in tutti questi mesi si \u00e8 fatta di necessit\u00e0 virt\u00f9, ma che sono risultate sempre almeno un po&#8217; malinconiche e distaccate.<\/p>\n<p>Ritornano quelle vere con i dialoghi di persone, le battute, le argomentazioni pi\u00f9 o meno ardite, le firme degli autori sulle copie.<\/p>\n<p>Dopo la crisi del lockdown, un segnale di speranza per il futuro e gi\u00e0 di certezza per la ripresa.<\/p>\n<p>Sono mancate a molti, queste &#8216;cerimonie&#8217; che hanno un loro pubblico fedele, attento e partecipe, di volta in volta interessato, queste serate che lasciano sempre qualcosa dentro chi vi partecipa, come un germoglio vitale, questi eventi tanto cari ad autori ed editori.<\/p>\n<p>Il Raggio Verde\u00a0 di Antonietta Fulvio e Giusy Petracca presenta il romanzo di<strong> Pino de Luca<\/strong> (nella foto) <strong><em>&#8220;Rossa. Tacco 12&#8221;<\/em><\/strong> a <strong>Lecce, sulla Terrazza del Bar Astoria, a Porta San Biagio, venerd\u00ec 3 luglio alle 19.30.<\/strong><\/p>\n<p>Le due responsabili della casa editrice salentina dialogheranno con l&#8217;autore, a proposito di questo suo ultimo romanzo noir, uscito lo scorso mese di maggio.______<\/p>\n<blockquote class=\"wp-embedded-content\" data-secret=\"xU0KjnCRaH\"><p><a href=\"https:\/\/www.leccecronaca.it\/index.php\/2020\/05\/05\/colori-suoni-profumi-sapori-e-ambienti-salentini-nel-nuovo-noir-di-pino-de-luca-rossa-tacco-12-appena-uscito-per-il-raggio-verde-edizioni\/\">COLORI, SUONI, PROFUMI, SAPORI E AMBIENTI SALENTINI<\/a><\/p><\/blockquote>\n<p><iframe class=\"wp-embedded-content\" sandbox=\"allow-scripts\" security=\"restricted\" style=\"position: absolute; clip: rect(1px, 1px, 1px, 1px);\" src=\"https:\/\/www.leccecronaca.it\/index.php\/2020\/05\/05\/colori-suoni-profumi-sapori-e-ambienti-salentini-nel-nuovo-noir-di-pino-de-luca-rossa-tacco-12-appena-uscito-per-il-raggio-verde-edizioni\/embed\/#?secret=xU0KjnCRaH\" data-secret=\"xU0KjnCRaH\" width=\"500\" height=\"282\" title=\"&#8220;COLORI, SUONI, PROFUMI, SAPORI E AMBIENTI SALENTINI&#8221; &#8212; LecceCronaca.it\" frameborder=\"0\" marginwidth=\"0\" marginheight=\"0\" scrolling=\"no\"><\/iframe><\/p>\n<fb:like href='https:\/\/www.leccecronaca.it\/index.php\/2020\/07\/02\/168860\/' send='true' layout='button_count' show_faces='true' width='450' height='65' action='recommend' colorscheme='light' font='lucida grande'><\/fb:like><span class=\"fb_share\"><fb:like href=\"https:\/\/www.leccecronaca.it\/index.php\/2020\/07\/02\/168860\/\" layout=\"button_count\"><\/fb:like><\/span>","protected":false},"excerpt":{"rendered":"<p>(Rdl)______Ritornano le presentazioni librarie, finalmente! Quelle vere, non quelle virtuali, per cui in tutti questi mesi si \u00e8 fatta di necessit\u00e0 virt\u00f9, ma che sono risultate sempre almeno un po&#8217; malinconiche e distaccate. Ritornano quelle vere con i dialoghi di persone, le battute, le argomentazioni pi\u00f9 o meno ardite, le firme degli autori sulle copie. [&hellip;]<\/p>\n","protected":false},"author":4,"featured_media":168863,"comment_status":"open","ping_status":"closed","sticky":false,"template":"","format":"standard","meta":[],"categories":[31,75,57],"tags":[],"_links":{"self":[{"href":"https:\/\/www.leccecronaca.it\/index.php\/wp-json\/wp\/v2\/posts\/168860"}],"collection":[{"href":"https:\/\/www.leccecronaca.it\/index.php\/wp-json\/wp\/v2\/posts"}],"about":[{"href":"https:\/\/www.leccecronaca.it\/index.php\/wp-json\/wp\/v2\/types\/post"}],"author":[{"embeddable":true,"href":"https:\/\/www.leccecronaca.it\/index.php\/wp-json\/wp\/v2\/users\/4"}],"replies":[{"embeddable":true,"href":"https:\/\/www.leccecronaca.it\/index.php\/wp-json\/wp\/v2\/comments?post=168860"}],"version-history":[{"count":5,"href":"https:\/\/www.leccecronaca.it\/index.php\/wp-json\/wp\/v2\/posts\/168860\/revisions"}],"predecessor-version":[{"id":168925,"href":"https:\/\/www.leccecronaca.it\/index.php\/wp-json\/wp\/v2\/posts\/168860\/revisions\/168925"}],"wp:featuredmedia":[{"embeddable":true,"href":"https:\/\/www.leccecronaca.it\/index.php\/wp-json\/wp\/v2\/media\/168863"}],"wp:attachment":[{"href":"https:\/\/www.leccecronaca.it\/index.php\/wp-json\/wp\/v2\/media?parent=168860"}],"wp:term":[{"taxonomy":"category","embeddable":true,"href":"https:\/\/www.leccecronaca.it\/index.php\/wp-json\/wp\/v2\/categories?post=168860"},{"taxonomy":"post_tag","embeddable":true,"href":"https:\/\/www.leccecronaca.it\/index.php\/wp-json\/wp\/v2\/tags?post=168860"}],"curies":[{"name":"wp","href":"https:\/\/api.w.org\/{rel}","templated":true}]}}