{"id":169008,"date":"2020-07-04T17:01:23","date_gmt":"2020-07-04T15:01:23","guid":{"rendered":"http:\/\/www.leccecronaca.it\/?p=169008"},"modified":"2020-07-04T20:55:41","modified_gmt":"2020-07-04T18:55:41","slug":"apocalypse-now-taranto-devastata-dal-mostro","status":"publish","type":"post","link":"https:\/\/www.leccecronaca.it\/index.php\/2020\/07\/04\/apocalypse-now-taranto-devastata-dal-mostro\/","title":{"rendered":"APOCALYPSE NOW, TARANTO DEVASTATA DAL MOSTRO"},"content":{"rendered":"<p><img decoding=\"async\" loading=\"lazy\" class=\"alignnone size-full wp-image-169009\" src=\"https:\/\/www.leccecronaca.it\/wordpress\/wp-content\/uploads\/2020\/07\/ta.jpg\" alt=\"\" width=\"480\" height=\"892\" srcset=\"https:\/\/www.leccecronaca.it\/wordpress\/wp-content\/uploads\/2020\/07\/ta.jpg 480w, https:\/\/www.leccecronaca.it\/wordpress\/wp-content\/uploads\/2020\/07\/ta-161x300.jpg 161w\" sizes=\"(max-width: 480px) 100vw, 480px\" \/>(Rdl)______Foto scattata da un cittadino del quartiere Tamburi, a ridosso dell&#8217;ex Ilva-AncelorMittal. Taranto, questo pomeriggio, forte perturbazione e il veleni del Mostro che stanno dilagando.<\/p>\n<p>La foto \u00e8 stata diffusa pochi minuti fa tramite social da Luciano Manna, giornalista di GNS Press e fondatore di VeraLeaks, che cos\u00ec l&#8217;ha commentata: <em>&#8220;Taranto, ex Ilva ArcelorMittal, sotto la tempesta di minerali nonostante la copertura dei parchi minerali,\u00a0Sergio Costa\u00a0Giuseppe Conte\u00a0\u00e8 l\u2019olocausto a norma di legge, in Brasile con la Vale stanno messi meglio. Attuate la Costituzione, salvate un popolo intero, il nostro sindaco e i nostri onorevoli hanno fallito.\u00a0Taranto \u00e8 Lui&#8221;.______<\/em><\/p>\n<p>AGGIORNAMENTO delle ore 17.30. Sulla sua pagina Facebook, il Comitato Cittadini e Lavoratori Liberi e Pensanti ha appena pubblicato un video, della durata di poco pi\u00f9 di un minuto, in cui si vede la stessa zona della foto di cui sopra, e dintorni, invasa da fumi e polveri, in uno scenario apocalittico, da paura. Ecco il commento aggiunto dall&#8217;associazione:<\/p>\n<p><em>&#8220;Dal siderurgico che definiscono &#8216;pi\u00f9 moderno e pi\u00f9 potente d\u2019Europa&#8217; le immagini di quello che si depositer\u00e0 fino a chilometri di distanza.<\/em><br \/>\n<em>Quello che noi respiriamo ogni giorno, che le coperture da centinaia di migliaia di euro evidentemente non trattengono, continua ad essere sottovalutato come se fosse un problema solo nostro.<\/em><br \/>\n<em>I danni alla salute di persone e territorio riguardano tutti. Anche coloro che non ne hanno coscienza. I rischi di un impianto che non garantisce<span class=\"text_exposed_show\">\u00a0nessuna sicurezza sono enormi e visibili.<br \/>\nE sar\u00e0 sempre troppo tardi correre ai ripari.<br \/>\nStato assassino!&#8221;______<\/span><\/em><\/p>\n<p>IL COMMENTO del Gruppo Facebook GIUSTIZIA PER TARANTO:<\/p>\n<p><em>&#8220;Riceviamo questo video (immagini di oggi 04.07.2020), che vorremmo fosse condiviso il pi\u00f9 possibile, per far comprendere L&#8217;INUTILIT\u00c0 DELLE COPERTURE DEI PARCHI MINERALI!<\/em><br \/>\n<em>Queste polveri arriveranno lontano, non solo sul quartiere Tamburi!<\/em><br \/>\n<em>Ecco a voi il pi\u00f9 bell&#8217;impianto d&#8217;Europa!&#8221;<\/em><\/p>\n<p>QUELLO di Carla Luccarelli, dell&#8217;associazione GiorgioForever, madre di un ragazzo di 15 anni morto di tumore il 25 gennaio 2019:<\/p>\n<p><em>&#8220;Montagne di minerale che vola impazzito alla stessa velocit\u00e0 del vento che le trasporta. Raggiunger\u00e0 distanze impensabili, anche quei luoghi che fanno sentire debitamente sicure alcune persone. Si poseranno sui terreni, sugli alberi e nei polmoni di grandi e piccini. Entrer\u00e0 nel nostro cibo e poi nel corpo e inizier\u00e0 a viaggiare indisturbato nel nostro sangue toccando ogni organo e quando vorr\u00e0 far\u00e0 impazzire quella cellula che determiner\u00e0 l&#8217; irreparabile.<\/em><br \/>\n<em>Riflettete&#8221;.<\/em><\/p>\n<p>______<\/p>\n<p>&nbsp;<\/p>\n<p>AGGIORNAMENTO delle ore 17.45. C&#8217;\u00e8 un altro video ripreso in zona diffuso su Facebook, girato da un auto in corsa, dalla tangenziale, un minuto di terrore, di veleni consolidati che incombono da tutte le parti, messo on line da Pinuccio, che poi ha aggiunto: <span class=\"text_exposed_show\">\u00a0<\/span><\/p>\n<p><em><span class=\"text_exposed_show\">&#8220;Questo accade a\u00a0#Taranto\u00a0quando soffia il vento. Oggi c&#8217;\u00e8 vento e le polveri dell&#8217;ilva invadono il cielo. Niente, \u00e8 giusto che si sappia, che non si pensi che si stia dando una mano a questa citt\u00e0 perch\u00e9 la situazione di quell&#8217;impianto peggiora e con lui le condizioni di chi ci vive vicino. <\/span><\/em><\/p>\n<p><em><span class=\"text_exposed_show\">Chi non lo ha visto non pu\u00f2 capire, chi non ha messo le mani in quella polvere o visto la sofferenza negli occhi dei genitori non pu\u00f2 comprendere. <\/span><\/em><\/p>\n<p><em><span class=\"text_exposed_show\">Quando sento le parole &#8220;vedremo&#8221; &#8220;salvaguardare&#8221; &#8220;impatto ambientale &#8221; mi sale il sangue al cervello . <\/span><\/em><\/p>\n<p><em><span class=\"text_exposed_show\">Questa \u00e8 una ferita insanabile di civilt\u00e0 che a prescindere dai colori politici viene inflitta tutti i giorni a questo luogo. <\/span><\/em><\/p>\n<p><em><span class=\"text_exposed_show\">Immaginate di guardare il cielo con paura , che quelle strane nuvole vi fanno stringere il cuore, vi fanno sentire colpevoli di qualcosa di cui non avete colpa. <\/span><\/em><\/p>\n<p><em><span class=\"text_exposed_show\">Nessuno tranne i tarantini pu\u00f2 spiegare il mix di sensazioni che si prova. Noi possiamo informare, insistere nel raccontare e la politica dovrebbe fare qualcosa. Ma questo ultimo passaggio manca, manca da troppo tempo, anzi forse non c&#8217;\u00e8 mai stato&#8221;.______<\/span><\/em><\/p>\n<p>AGGIORNAMENTO delle ore 18.15. Un effetto dirompente, la foto postata da Luciano Manna. Una valanga di reazioni. Ci sono anche video strazianti, di polvere che si \u00e8 accumulata nelle abitazioni private, in un video si vede un piccolo che gioca in una stanzetta, in cui sulle finestre c&#8217;\u00e8 un dito di veleni. Migliaia le reazioni, da chi ricorda le responsabilit\u00e0 dei governi e della politica, a chi ammonisce che le polveri sottili viaggiano nell&#8217;aria per decine di chilometri, a chi continua a maledire il ricatto &#8216;salute o lavoro&#8217;, a chi giustamente sostiene che solamente a bonificare l&#8217;ex ilva, una volta chiusa, di lavoro ce ne sarebbe tantissimo, per non dire delle iniziative di riconversione economica possibili.<\/p>\n<p>Valga per tutte le migliaia e migliaia di reazioni, che si stanno susseguendo in questi minuti, in contemporanea su pi\u00f9 pagine social, il commento che dice:<\/p>\n<p><em>&#8220;Questo \u00e8 in nostro Covid da cinquanta anni a questa parte&#8221;.______<\/em><\/p>\n<p>LA RICERCA nel nostro ultimo articolo sulla questione, del 7 maggio scorso<\/p>\n<blockquote class=\"wp-embedded-content\" data-secret=\"juTQg25pwD\"><p><a href=\"https:\/\/www.leccecronaca.it\/index.php\/2020\/05\/07\/il-mostro-e-impazzito-in-tempi-di-emergenza-sanitaria-a-taranto-inquinamento-ai-massimi-storici-la-denuncia-di-peacelink\/\">IL MOSTRO E&#8217; IMPAZZITO. PROPRIO IN TEMPI DI EMERGENZA SANITARIA, A TARANTO INQUINAMENTO AI MASSIMI  STORICI. LA DENUNCIA DI PEACELINK<\/a><\/p><\/blockquote>\n<p><iframe class=\"wp-embedded-content\" sandbox=\"allow-scripts\" security=\"restricted\" style=\"position: absolute; clip: rect(1px, 1px, 1px, 1px);\" src=\"https:\/\/www.leccecronaca.it\/index.php\/2020\/05\/07\/il-mostro-e-impazzito-in-tempi-di-emergenza-sanitaria-a-taranto-inquinamento-ai-massimi-storici-la-denuncia-di-peacelink\/embed\/#?secret=juTQg25pwD\" data-secret=\"juTQg25pwD\" width=\"500\" height=\"282\" title=\"&#8220;IL MOSTRO E&#8217; IMPAZZITO. PROPRIO IN TEMPI DI EMERGENZA SANITARIA, A TARANTO INQUINAMENTO AI MASSIMI  STORICI. LA DENUNCIA DI PEACELINK&#8221; &#8212; LecceCronaca.it\" frameborder=\"0\" marginwidth=\"0\" marginheight=\"0\" scrolling=\"no\"><\/iframe><\/p>\n<fb:like href='https:\/\/www.leccecronaca.it\/index.php\/2020\/07\/04\/apocalypse-now-taranto-devastata-dal-mostro\/' send='true' layout='button_count' show_faces='true' width='450' height='65' action='recommend' colorscheme='light' font='lucida grande'><\/fb:like><span class=\"fb_share\"><fb:like href=\"https:\/\/www.leccecronaca.it\/index.php\/2020\/07\/04\/apocalypse-now-taranto-devastata-dal-mostro\/\" layout=\"button_count\"><\/fb:like><\/span>","protected":false},"excerpt":{"rendered":"<p>(Rdl)______Foto scattata da un cittadino del quartiere Tamburi, a ridosso dell&#8217;ex Ilva-AncelorMittal. Taranto, questo pomeriggio, forte perturbazione e il veleni del Mostro che stanno dilagando. La foto \u00e8 stata diffusa pochi minuti fa tramite social da Luciano Manna, giornalista di GNS Press e fondatore di VeraLeaks, che cos\u00ec l&#8217;ha commentata: &#8220;Taranto, ex Ilva ArcelorMittal, sotto [&hellip;]<\/p>\n","protected":false},"author":4,"featured_media":169009,"comment_status":"open","ping_status":"closed","sticky":false,"template":"","format":"standard","meta":[],"categories":[69,76],"tags":[],"_links":{"self":[{"href":"https:\/\/www.leccecronaca.it\/index.php\/wp-json\/wp\/v2\/posts\/169008"}],"collection":[{"href":"https:\/\/www.leccecronaca.it\/index.php\/wp-json\/wp\/v2\/posts"}],"about":[{"href":"https:\/\/www.leccecronaca.it\/index.php\/wp-json\/wp\/v2\/types\/post"}],"author":[{"embeddable":true,"href":"https:\/\/www.leccecronaca.it\/index.php\/wp-json\/wp\/v2\/users\/4"}],"replies":[{"embeddable":true,"href":"https:\/\/www.leccecronaca.it\/index.php\/wp-json\/wp\/v2\/comments?post=169008"}],"version-history":[{"count":11,"href":"https:\/\/www.leccecronaca.it\/index.php\/wp-json\/wp\/v2\/posts\/169008\/revisions"}],"predecessor-version":[{"id":169020,"href":"https:\/\/www.leccecronaca.it\/index.php\/wp-json\/wp\/v2\/posts\/169008\/revisions\/169020"}],"wp:featuredmedia":[{"embeddable":true,"href":"https:\/\/www.leccecronaca.it\/index.php\/wp-json\/wp\/v2\/media\/169009"}],"wp:attachment":[{"href":"https:\/\/www.leccecronaca.it\/index.php\/wp-json\/wp\/v2\/media?parent=169008"}],"wp:term":[{"taxonomy":"category","embeddable":true,"href":"https:\/\/www.leccecronaca.it\/index.php\/wp-json\/wp\/v2\/categories?post=169008"},{"taxonomy":"post_tag","embeddable":true,"href":"https:\/\/www.leccecronaca.it\/index.php\/wp-json\/wp\/v2\/tags?post=169008"}],"curies":[{"name":"wp","href":"https:\/\/api.w.org\/{rel}","templated":true}]}}