{"id":169602,"date":"2020-07-16T09:13:40","date_gmt":"2020-07-16T07:13:40","guid":{"rendered":"http:\/\/www.leccecronaca.it\/?p=169602"},"modified":"2020-07-16T09:16:39","modified_gmt":"2020-07-16T07:16:39","slug":"il-lecce-il-postpartita-il-realismo-di-liverani","status":"publish","type":"post","link":"https:\/\/www.leccecronaca.it\/index.php\/2020\/07\/16\/il-lecce-il-postpartita-il-realismo-di-liverani\/","title":{"rendered":"IL LECCE \/ IL POSTPARTITA \/ IL REALISMO DI LIVERANI"},"content":{"rendered":"<p><img decoding=\"async\" loading=\"lazy\" class=\"alignleft size-full wp-image-169603\" src=\"https:\/\/www.leccecronaca.it\/wordpress\/wp-content\/uploads\/2020\/07\/stadio-luigi-ferraris-genova.jpg\" alt=\"\" width=\"728\" height=\"428\" srcset=\"https:\/\/www.leccecronaca.it\/wordpress\/wp-content\/uploads\/2020\/07\/stadio-luigi-ferraris-genova.jpg 728w, https:\/\/www.leccecronaca.it\/wordpress\/wp-content\/uploads\/2020\/07\/stadio-luigi-ferraris-genova-300x176.jpg 300w\" sizes=\"(max-width: 728px) 100vw, 728px\" \/>(Rdl)______Su Lecce citt\u00e0 il temporale estivo si annuncia prima con lampi improvvisi e tuoni sordi, poco dopo la partita, poi si scatena quando \u00e8 gi\u00e0 notte fonda.<\/p>\n<p>Sul Lecce, una grandinata di tre gol si era gi\u00e0 abbattuta al Via del Mare.<\/p>\n<p>1 a 3 incassato dal Genoa, dopo la sconfitta 1 a 2 patita contro la Sampdoria, nel mezzo l&#8217;impresa compiuta con la Lazio e il pareggio in Sardegna.<\/p>\n<p>Troppo poco, ma forse pu\u00f2 bastare, se nelle cinque partite rimanenti la squadra sapr\u00e0 trasformare la fiammella ancora accesa in un lanciafiamme dirompente, a cominciare da domenica prossima, a Genova, contro il Genoa.<\/p>\n<p>Come ben evidenziava Annibale Gagliani a gara ancora in corso, nel suo resoconto di questa notte in riva all&#8217;Adriatico, la testa giallorossa \u00e8 gi\u00e0 sul mar Ligure, a Marassi, allo stadio Luigi Ferraris (nella foto).<\/p>\n<p>Lo si evince anche dalle parole di mister Liverani negli spogliatoi del postpartita. Ecco una sintesi delle sue dichiarazioni:<\/p>\n<p><em>&#8220;Abbiamo pagato molto la terza partita a livello fisico, non riusciamo a fare cambi e far respirare i calciatori. Non riusciamo a giocare in continuazione, in molti erano stanchi e purtroppo siamo contati. Alla terza partita di fila pu\u00f2 arrivare uno scarico fisico e mentale, e contro squadre con questa qualit\u00e0 li paghi a carissimo prezzo.\u00a0<\/em><\/p>\n<p><em>Adesso diventa fondamentale la sfida col Genoa.<\/em><\/p>\n<p><em>Gli stimoli sono tanti, \u00e8 una di quelle partite che si preparano da sole. Far\u00e0 la differenza chi sar\u00e0 pi\u00f9 lucido ed agonisticamente attento, correndo meno rischi. Il dispiacere di oggi \u00e8 aver steso il tappeto rosso a una squadra come la Fiorentina. Cancelliamo anche questa partita, come facciamo dopo un risultato positivo. Non possiamo lavorare sugli errori, siamo talmente giovani che giocando cos\u00ec spesso ci ritroviamo menomati.<\/em><\/p>\n<p><em>Non sono amareggiato, sono realista.<\/em><\/p>\n<p><em>Sono realista nel sapere cosa pu\u00f2 succedere a questa squadra che ha tredici-quattordici giocatori. Normale che dopo Lazio e Cagliari, due ottime prestazioni, un gruppo non abituato a giocare tre volte in una settimana pu\u00f2 non stare dentro la partita. <\/em><\/p>\n<p><em>Si dice che la Fiorentina lotta per la salvezza&#8230; Ma a gennaio hanno speso 70-80 milioni di euro&#8230;.<\/em><\/p>\n<p><em>Sapevamo che del rischio c&#8217;era, ma anche girandosi non c&#8217;erano molte aspettative. Domenica abbiamo un bivio importante, provando a prepararlo in un paio di giorni. Cercheremo di fare il massimo, provando a far recuperare un po&#8217; di forze.<\/em><\/p>\n<p><em>Possiamo vincere con tutti ma anche perdere con tutti. Io oggi per\u00f2 devo avere quattro-cinque giocatori di Primavera 2: non \u00e8 una scusante, certe difficolt\u00e0 sono oggettive&#8221;.______<\/em><\/p>\n<p>LA RICERCA nel nostro articolo di questa notte<\/p>\n<blockquote class=\"wp-embedded-content\" data-secret=\"OuJkngOL1P\"><p><a href=\"https:\/\/www.leccecronaca.it\/index.php\/2020\/07\/15\/ribery-porta-a-spasso-il-lupo-1-3-tra-lecce-e-fiorentina-ma-la-testa-e-gia-a-marassi\/\">RIBERY PORTA A SPASSO IL LUPO: 1-3 TRA LECCE E FIORENTINA, MA LA TESTA E&#8217; GIA&#8217; A MARASSI<\/a><\/p><\/blockquote>\n<p><iframe class=\"wp-embedded-content\" sandbox=\"allow-scripts\" security=\"restricted\" style=\"position: absolute; clip: rect(1px, 1px, 1px, 1px);\" src=\"https:\/\/www.leccecronaca.it\/index.php\/2020\/07\/15\/ribery-porta-a-spasso-il-lupo-1-3-tra-lecce-e-fiorentina-ma-la-testa-e-gia-a-marassi\/embed\/#?secret=OuJkngOL1P\" data-secret=\"OuJkngOL1P\" width=\"500\" height=\"282\" title=\"&#8220;RIBERY PORTA A SPASSO IL LUPO: 1-3 TRA LECCE E FIORENTINA, MA LA TESTA E&#8217; GIA&#8217; A MARASSI&#8221; &#8212; LecceCronaca.it\" frameborder=\"0\" marginwidth=\"0\" marginheight=\"0\" scrolling=\"no\"><\/iframe><\/p>\n<p>&nbsp;<\/p>\n<fb:like href='https:\/\/www.leccecronaca.it\/index.php\/2020\/07\/16\/il-lecce-il-postpartita-il-realismo-di-liverani\/' send='true' layout='button_count' show_faces='true' width='450' height='65' action='recommend' colorscheme='light' font='lucida grande'><\/fb:like><span class=\"fb_share\"><fb:like href=\"https:\/\/www.leccecronaca.it\/index.php\/2020\/07\/16\/il-lecce-il-postpartita-il-realismo-di-liverani\/\" layout=\"button_count\"><\/fb:like><\/span>","protected":false},"excerpt":{"rendered":"<p>(Rdl)______Su Lecce citt\u00e0 il temporale estivo si annuncia prima con lampi improvvisi e tuoni sordi, poco dopo la partita, poi si scatena quando \u00e8 gi\u00e0 notte fonda. Sul Lecce, una grandinata di tre gol si era gi\u00e0 abbattuta al Via del Mare. 1 a 3 incassato dal Genoa, dopo la sconfitta 1 a 2 patita [&hellip;]<\/p>\n","protected":false},"author":4,"featured_media":169603,"comment_status":"open","ping_status":"closed","sticky":false,"template":"","format":"standard","meta":[],"categories":[28],"tags":[],"_links":{"self":[{"href":"https:\/\/www.leccecronaca.it\/index.php\/wp-json\/wp\/v2\/posts\/169602"}],"collection":[{"href":"https:\/\/www.leccecronaca.it\/index.php\/wp-json\/wp\/v2\/posts"}],"about":[{"href":"https:\/\/www.leccecronaca.it\/index.php\/wp-json\/wp\/v2\/types\/post"}],"author":[{"embeddable":true,"href":"https:\/\/www.leccecronaca.it\/index.php\/wp-json\/wp\/v2\/users\/4"}],"replies":[{"embeddable":true,"href":"https:\/\/www.leccecronaca.it\/index.php\/wp-json\/wp\/v2\/comments?post=169602"}],"version-history":[{"count":3,"href":"https:\/\/www.leccecronaca.it\/index.php\/wp-json\/wp\/v2\/posts\/169602\/revisions"}],"predecessor-version":[{"id":169606,"href":"https:\/\/www.leccecronaca.it\/index.php\/wp-json\/wp\/v2\/posts\/169602\/revisions\/169606"}],"wp:featuredmedia":[{"embeddable":true,"href":"https:\/\/www.leccecronaca.it\/index.php\/wp-json\/wp\/v2\/media\/169603"}],"wp:attachment":[{"href":"https:\/\/www.leccecronaca.it\/index.php\/wp-json\/wp\/v2\/media?parent=169602"}],"wp:term":[{"taxonomy":"category","embeddable":true,"href":"https:\/\/www.leccecronaca.it\/index.php\/wp-json\/wp\/v2\/categories?post=169602"},{"taxonomy":"post_tag","embeddable":true,"href":"https:\/\/www.leccecronaca.it\/index.php\/wp-json\/wp\/v2\/tags?post=169602"}],"curies":[{"name":"wp","href":"https:\/\/api.w.org\/{rel}","templated":true}]}}