{"id":169607,"date":"2020-07-18T21:35:38","date_gmt":"2020-07-18T19:35:38","guid":{"rendered":"http:\/\/www.leccecronaca.it\/?p=169607"},"modified":"2020-07-18T22:16:58","modified_gmt":"2020-07-18T20:16:58","slug":"dior","status":"publish","type":"post","link":"https:\/\/www.leccecronaca.it\/index.php\/2020\/07\/18\/dior\/","title":{"rendered":"IL DIAVOLO VESTE DIOR &#8211; 2 \/ SALVEMINI E MARINO, IL SINDACO E L&#8217;INTELLETTUALE: UN EDIFICANTE DIBATTITO"},"content":{"rendered":"<p><img decoding=\"async\" loading=\"lazy\" class=\"alignleft size-large wp-image-169752\" src=\"https:\/\/www.leccecronaca.it\/wordpress\/wp-content\/uploads\/2020\/07\/d2-1024x435.jpg\" alt=\"\" width=\"1024\" height=\"435\" srcset=\"https:\/\/www.leccecronaca.it\/wordpress\/wp-content\/uploads\/2020\/07\/d2-1024x435.jpg 1024w, https:\/\/www.leccecronaca.it\/wordpress\/wp-content\/uploads\/2020\/07\/d2-300x128.jpg 300w, https:\/\/www.leccecronaca.it\/wordpress\/wp-content\/uploads\/2020\/07\/d2-768x326.jpg 768w, https:\/\/www.leccecronaca.it\/wordpress\/wp-content\/uploads\/2020\/07\/d2.jpg 1280w\" sizes=\"(max-width: 1024px) 100vw, 1024px\" \/>(g.p.)______Mauro Marino (nella foto qui sotto; nella foto di copertina l&#8217;attrice Meryl Streep in una scena del film &#8220;Il diavolo veste Prada&#8221;), 64 anni, poeta, attore e autore teatrale, giornalista, saggista, editore, infaticabile animatore, quale luogo di elaborazione e di proposta, del Fondo Verri, \u00e8 uno dei protagonisti principali della cultura a Lecce.<\/p>\n<p>E&#8217; anche impegnato politicamente, da sempre in quella, ahim\u00e8, diventata via via sempre pi\u00f9 rara,\u00a0 sinistra buona dell&#8217;onest\u00e0 intellettuale, della passione sapiente, della consapevole apertura mentale, senza chiusure, pregiudizi, e servit\u00f9 di partito.<\/p>\n<p><img decoding=\"async\" loading=\"lazy\" class=\"alignleft size-full wp-image-169753\" src=\"https:\/\/www.leccecronaca.it\/wordpress\/wp-content\/uploads\/2020\/07\/ma-ma.jpg\" alt=\"\" width=\"960\" height=\"640\" srcset=\"https:\/\/www.leccecronaca.it\/wordpress\/wp-content\/uploads\/2020\/07\/ma-ma.jpg 960w, https:\/\/www.leccecronaca.it\/wordpress\/wp-content\/uploads\/2020\/07\/ma-ma-300x200.jpg 300w, https:\/\/www.leccecronaca.it\/wordpress\/wp-content\/uploads\/2020\/07\/ma-ma-768x512.jpg 768w\" sizes=\"(max-width: 960px) 100vw, 960px\" \/><\/p>\n<p>Per citare tre autori sicuramente a lui cari che si sono occupati del ruolo degli intellettuali, Antonio Gramsci lo metterebbe fra i disorganici; Alberto Asor Rosa fra i laici, e Umberto Eco fra gli apocalittici.<\/p>\n<p>Alle\u00a0 ultime elezioni comunali, si \u00e8 candidato al consiglio comunale in una lista civica a sostegno di Carlo Salvemini. Non fu eletto, ma si parlava di lui quale assessore alla cultura.<\/p>\n<p>Niente da fare, come per la precedente, anche quest&#8217;altra scelta del sindaco \u00e8 andata in altre direzioni, di cui, adesso come prima, sfuggono completamente le ragioni di merito.<\/p>\n<p>E va bene, veniamo al sodo. Perch\u00e9 di Mauro Marino \u00e8 stata l&#8217;unica critica compiuta, espressa sapientemente a livello di perplessit\u00e0, sulla sfilata di moda di Dior a Lecce, ospitata dalla<em> Gazzetta del Mezzogiorno<\/em> lo scorso 1 luglio, quindi in tempi non sospetti, voglio dire senza sapere di certi spettacoli che stiamo vedendo in questi giorni, come abbiamo documentato nel nostro precedente articolo.<\/p>\n<p>E&#8217; singolare che venga da sinistra: uno scritto corsaro, che rimbomba come un colpo di cannone\u00a0 all&#8217;assalto della nave del partito unico dominante.<\/p>\n<p>Suaviter in modo, fortiter in re, <span style=\"color: #0000ff;\"><strong>Mauro Marino<\/strong><\/span> comincia con il lamentare nei confronti della cultura leccese <span style=\"color: #0000ff;\"><em>&#8220;il disinteresse amministrativo che non attiva, in citt\u00e0, occasioni di confronto, di incontro, di visibilit\u00e0&#8221;<\/em>.<\/span> A proposito della stilista Maria Grazia Chiuri, la definisce salentina e femminista, ma con tanto di virgolette ogni volta.<\/p>\n<p>Sui grandi eventi, afferma che <span style=\"color: #0000ff;\"><em>&#8220;non servono a nulla se la loro portata non dialoga con il territorio, lasciando traccia e semenza da poter crescere nel tempo&#8221;.<\/em><\/span><\/p>\n<p>Con due sole parole, un sostantivo e un aggettivo, che da sole dicono tutto, liquida la parata del 22 luglio\u00a0 quale <span style=\"color: #0000ff;\"><em>&#8220;occasione glamour&#8221;<\/em>.<\/span><\/p>\n<p>Infine, dopo qualche concessione pi\u00f9 allo stato di speranza che di certezza, dal momento che nella sostanza esprime solo timori di senso contrario, sulla bont\u00e0 dei promotori dello show, cos\u00ec lo definisce ancora, conclude:<\/p>\n<p><em>&#8220;<span style=\"color: #0000ff;\">Vorrei immaginare \u00e8 che questo evento non sia la solita meteora passeggera e possa lasciare traccia in citt\u00e0. Dove? Soprattutto l\u00ec dove la ricerca, la formazione intorno e sul far moda \u00e8 viva e attiva. Ci si \u00e8 chiesti quante sono le scuole e le accademie di moda attive in citt\u00e0? Quanti giovani coinvolgono? Quanti insegnanti? &#8230;<\/span><\/em><\/p>\n<p><span style=\"color: #0000ff;\"><em>Il pensiero creativo \u00e8 valore quando si presta al dialogo, allo scambio, al fare; alla costruzione di visioni possibili per il futuro legando la vita e i vissuti delle persone con l\u2019intima materia dei Luoghi e del Tempo&#8230;<\/em><\/span><br \/>\n<span style=\"color: #0000ff;\"><em> Insomma, speriamo non si risolva tutto in una inutile passerella\u2026&#8221;.<\/em><\/span><\/p>\n<p>&nbsp;<\/p>\n<p>Fin qui in buona sostanza Mauro Marino.<\/p>\n<p>Il sindaco <span style=\"color: #ff0000;\"><strong>Carlo Salvemini<\/strong><\/span> gli risponde tramite Facebook il giorno dopo.<\/p>\n<p>Ribadendo proprio tutto quanto quello su cui il suo interlocutore aveva sollevato una sfilza di perplessit\u00e0.<\/p>\n<p>Per quanto affermi esplicitamente di non avere dubbi al riguardo, in realt\u00e0 il sindaco sembra voler rassicurare s\u00e9 stesso, pi\u00f9 che l&#8217;altro.<\/p>\n<p><span style=\"color: #ff0000;\"><em>&#8220;Scegliendo come scenario Piazza Duomo Lecce si garantir\u00e0 una visibilit\u00e0 internazionale che come rappresentante degli interessi di una comunit\u00e0 che vive anche di turismo, sono stato felice di cogliere, per il bene di tutti. La portata delle ricadute in termini promozionali \u00e8 superiore a qualunque campagna di comunicazione e marketing finora realizzata su scala globale sulla citt\u00e0 di Lecce. A costo zero per l&#8217;amministrazione. E sono riconoscente anche nei confronti dell&#8217;arcivescovo Seccia che ha riconosciuto questo valore per la citt\u00e0&#8221;.<\/em><\/span><\/p>\n<p>Costo zero? Vedremo.<\/p>\n<p><span style=\"color: #ff0000;\"><em>&#8220;Da dicembre scorso, la direttrice creativa di Dior ha incontrato numerose realt\u00e0 artigianali, industriali, culturali del Salento. Tante di loro sono da mesi impegnate nel lavoro di preparazione della sfilata e sono state coinvolte nella produzione degli allestimenti e degli abiti&#8221;.<\/em><\/span><\/p>\n<p>Si pu\u00f2 parlare per questo di coinvolgimento economico e sociale del Salento?<\/p>\n<p>Sul significato simbolico dell&#8217;offerta culturale\u00a0 dell&#8217;amministrazione che Mauro Marino, negativamente coglie nell&#8217;evento del 22 luglio, Carlo Salvemini lo accusa di sbagliare, anzi afferma <span style=\"color: #ff0000;\"><em>&#8220;mi sfugge il senso della polemica<\/em><\/span>&#8220;.<\/p>\n<p>E va beh, se gli sfugge, gli sfugge.<\/p>\n<p>Poi parte in un lunghissimo excursus senza contraddittorio, di cui \u00e8 impossibile dare conto in questa sede, Cicero pro domo sua sulla propria politica culturale.<\/p>\n<p>Infine, prima di congedarsi con un finale apologetico di s\u00e9 stesso in tema di scelte culturali, da cui si evince solo l&#8217;insostenibile pesantezza dell&#8217;essere,\u00a0 di Carlo Salvemini, che Antonio Gramsci metterebbe fra gli organici, Alberto Asor Rosa fra i chierici e Umberto Eco fra gli integrati, da buon maestrino capo classe il sindaco bacchetta sulle mani Mauro Marino:<span style=\"color: #ff0000;\"><em>\u00a0&#8220;Mi chiedo se le critiche legittime che hai espresso nel tuo intervento su giornali e social avrebbero potuto trovare modalit\u00e0 e luoghi diversi per essere espresse, almeno in prima istanza. <\/em><\/span><\/p>\n<p><span style=\"color: #ff0000;\"><em>Esiste infatti un agire politico che, come quello culturale, si nutre di dialogo, confronto, scambio, rispetto reciproco tra persone che hanno scelto di impegnarsi dalla stessa parte. Il riconoscimento delle istanze di cui si \u00e8 portatori non passa necessariamente dalla tempesta sui social contro gli amministratori, che non ti hanno mai negato ascolto e incontri&#8221;.<\/em><\/span><\/p>\n<p>Come si vede, lo fa pubblicamente.<\/p>\n<p>E sia di esempio per tutti &#8211; \u00e8 il senso delle bacchettate &#8211; nessuno si permetta di fare critiche.<\/p>\n<p>E tu volevi fare l&#8217;assessore? &#8211; sembra avergli voluto dire &#8211; Ma stai zitto, e torna al tuo posto!______<\/p>\n<p>LA RICERCA nel nostro articolo immediatamente precedente<\/p>\n<blockquote class=\"wp-embedded-content\" data-secret=\"C0KQtRTXCB\"><p><a href=\"https:\/\/www.leccecronaca.it\/index.php\/2020\/07\/18\/caro-mauro\/\">IL DIAVOLO VESTE DIOR &#8211; 1 \/ LO SFREGIO<\/a><\/p><\/blockquote>\n<p><iframe class=\"wp-embedded-content\" sandbox=\"allow-scripts\" security=\"restricted\" style=\"position: absolute; clip: rect(1px, 1px, 1px, 1px);\" src=\"https:\/\/www.leccecronaca.it\/index.php\/2020\/07\/18\/caro-mauro\/embed\/#?secret=C0KQtRTXCB\" data-secret=\"C0KQtRTXCB\" width=\"500\" height=\"282\" title=\"&#8220;IL DIAVOLO VESTE DIOR &#8211; 1 \/ LO SFREGIO&#8221; &#8212; LecceCronaca.it\" frameborder=\"0\" marginwidth=\"0\" marginheight=\"0\" scrolling=\"no\"><\/iframe><\/p>\n<fb:like href='https:\/\/www.leccecronaca.it\/index.php\/2020\/07\/18\/dior\/' send='true' layout='button_count' show_faces='true' width='450' height='65' action='recommend' colorscheme='light' font='lucida grande'><\/fb:like><span class=\"fb_share\"><fb:like href=\"https:\/\/www.leccecronaca.it\/index.php\/2020\/07\/18\/dior\/\" layout=\"button_count\"><\/fb:like><\/span>","protected":false},"excerpt":{"rendered":"<p>(g.p.)______Mauro Marino (nella foto qui sotto; nella foto di copertina l&#8217;attrice Meryl Streep in una scena del film &#8220;Il diavolo veste Prada&#8221;), 64 anni, poeta, attore e autore teatrale, giornalista, saggista, editore, infaticabile animatore, quale luogo di elaborazione e di proposta, del Fondo Verri, \u00e8 uno dei protagonisti principali della cultura a Lecce. E&#8217; anche [&hellip;]<\/p>\n","protected":false},"author":4,"featured_media":169752,"comment_status":"open","ping_status":"closed","sticky":false,"template":"","format":"standard","meta":[],"categories":[69,31,76],"tags":[],"_links":{"self":[{"href":"https:\/\/www.leccecronaca.it\/index.php\/wp-json\/wp\/v2\/posts\/169607"}],"collection":[{"href":"https:\/\/www.leccecronaca.it\/index.php\/wp-json\/wp\/v2\/posts"}],"about":[{"href":"https:\/\/www.leccecronaca.it\/index.php\/wp-json\/wp\/v2\/types\/post"}],"author":[{"embeddable":true,"href":"https:\/\/www.leccecronaca.it\/index.php\/wp-json\/wp\/v2\/users\/4"}],"replies":[{"embeddable":true,"href":"https:\/\/www.leccecronaca.it\/index.php\/wp-json\/wp\/v2\/comments?post=169607"}],"version-history":[{"count":15,"href":"https:\/\/www.leccecronaca.it\/index.php\/wp-json\/wp\/v2\/posts\/169607\/revisions"}],"predecessor-version":[{"id":169760,"href":"https:\/\/www.leccecronaca.it\/index.php\/wp-json\/wp\/v2\/posts\/169607\/revisions\/169760"}],"wp:featuredmedia":[{"embeddable":true,"href":"https:\/\/www.leccecronaca.it\/index.php\/wp-json\/wp\/v2\/media\/169752"}],"wp:attachment":[{"href":"https:\/\/www.leccecronaca.it\/index.php\/wp-json\/wp\/v2\/media?parent=169607"}],"wp:term":[{"taxonomy":"category","embeddable":true,"href":"https:\/\/www.leccecronaca.it\/index.php\/wp-json\/wp\/v2\/categories?post=169607"},{"taxonomy":"post_tag","embeddable":true,"href":"https:\/\/www.leccecronaca.it\/index.php\/wp-json\/wp\/v2\/tags?post=169607"}],"curies":[{"name":"wp","href":"https:\/\/api.w.org\/{rel}","templated":true}]}}