{"id":169763,"date":"2020-07-19T14:34:02","date_gmt":"2020-07-19T12:34:02","guid":{"rendered":"http:\/\/www.leccecronaca.it\/?p=169763"},"modified":"2020-07-19T17:44:01","modified_gmt":"2020-07-19T15:44:01","slug":"il-diavolo-veste-dior-3","status":"publish","type":"post","link":"https:\/\/www.leccecronaca.it\/index.php\/2020\/07\/19\/il-diavolo-veste-dior-3\/","title":{"rendered":"IL DIAVOLO VESTE DIOR &#8211; 3 \/ QUALI SONO LE QUESTIONI DA VERIFICARE? CHI SI GIOCA LA SUA CREDIBILITA&#8217;?"},"content":{"rendered":"<p><img decoding=\"async\" loading=\"lazy\" class=\"alignleft size-large wp-image-169767\" src=\"https:\/\/www.leccecronaca.it\/wordpress\/wp-content\/uploads\/2020\/07\/tre-1-1024x667.jpg\" alt=\"\" width=\"1024\" height=\"667\" srcset=\"https:\/\/www.leccecronaca.it\/wordpress\/wp-content\/uploads\/2020\/07\/tre-1-1024x667.jpg 1024w, https:\/\/www.leccecronaca.it\/wordpress\/wp-content\/uploads\/2020\/07\/tre-1-300x195.jpg 300w, https:\/\/www.leccecronaca.it\/wordpress\/wp-content\/uploads\/2020\/07\/tre-1-768x500.jpg 768w, https:\/\/www.leccecronaca.it\/wordpress\/wp-content\/uploads\/2020\/07\/tre-1.jpg 1536w\" sizes=\"(max-width: 1024px) 100vw, 1024px\" \/>(g.p.)______L&#8217;ultima iniziativa di Dior analoga a quella leccese del prossimo mercoled\u00ec 22 luglio, per presentare la sua nuova collezione cruise, cos\u00ec si chiamano, si tenne a Marrakesh, in Marocco, il 29 aprile 2019.<\/p>\n<p>Cosa sono le collezioni cruise? Dobbiamo saperlo, perch\u00e9 se no non capiamo di che cosa stiamo parlando, per poter andare alla sostanze delle cose.<\/p>\n<p>E&#8217; un primo passo, a questo punto, dopo i nostri primi due articoli di ieri, necessario, per arrivare poi a definire le questioni pi\u00f9 importanti, e poterle poi, successivamente, verificare nei fatti.<\/p>\n<p>Andiamo con ordine.<\/p>\n<p>Ci spiega cosa siano le collezioni cruise e le loro presentazioni, un articolo &#8211; il pi\u00f9 chiaro, conciso e compendioso che abbiamo trovato &#8211; di Enrico Matzeu, sul quotidiano on line\u00a0 di informazione e di approfondimento Il Post diretto da Luca Sofri.<\/p>\n<p>Ne riportiamo qui di seguito una sintesi significativa:<\/p>\n<p><em>&#8220;Le cosiddette collezioni cruise\u00a0stanno diventando un fenomeno nuovo e sempre pi\u00f9 significativo nel mondo della moda&#8230;presentate in primavera con capi destinati a chi, nei mesi invernali, andava in vacanza in posti esotici (da qui il termine\u00a0cruise,\u00a0crociera, o\u00a0resort, con cui vengono chiamate).\u00a0Di recente la loro\u00a0funzione \u00e8 cambiata: sono diventate fondamentali per le case di moda, e destinate\u00a0ai\u00a0mercati pi\u00f9 promettenti e ai clienti\u00a0pi\u00f9 disposti a comprare.<\/em><\/p>\n<p><em>Oggi le collezioni cruise sono\u00a0presentate qualche mese prima delle collezioni principali di pr\u00eat \u00e0 porter, fuori dalle tradizionali settimane della moda. Sono di due tipi: quelle\u00a0con\u00a0le collezioni per la primavera\/estate, chiamate anche\u00a0resort collection\u00a0e mostrate tra maggio e giugno; e quelle che propongono capi invernali, chiamate\u00a0pre fall collection, mostrate\u00a0tra novembre e dicembre. <\/em><\/p>\n<p><em>La maggior parte dei marchi di lusso propone queste collezioni attraverso\u00a0servizi fotografici pubblicati da giornali e riviste, anche se\u00a0soprattutto le case di moda pi\u00f9 grandi hanno iniziato a organizzare vere e proprie sfilate dedicate, in particolare per le resort collection. <\/em><\/p>\n<p><em>L\u2019aumento di queste collezioni intermedie \u00e8 dovuto alla continua richiesta dei clienti di qualcosa di\u00a0nuovo oltre alle due collezioni abituali, una richiesta stimolata dalle aziende di\u00a0fast fashion (come Zara, H&amp;M, Mango e simili), che propongono capi nuovi praticamente ogni mese.<\/em><\/p>\n<p><em>Oggi le collezioni cruise non sono pi\u00f9 dedicate a un abbigliamento\u00a0da vacanza\u00a0ma offrono capi\u00a0che si possono\u00a0indossare tutti i giorni, molto pi\u00f9 portabili di quelli\u00a0delle\u00a0collezioni principali. Sono quindi destinate alle\u00a0singole persone\u00a0piuttosto che alla stampa e ai buyer (quelli che scelgono i capi da acquistare per boutique, grandi magazzini e portali di e-commerce). <\/em><\/p>\n<p><em>Proprio per questo, le aziende\u00a0che organizzano sfilate con le collezioni cruise invitano oltre che i giornalisti e le celebrit\u00e0 soprattutto i loro clienti pi\u00f9 facoltosi. <\/em><\/p>\n<p><em>Le aziende investono parecchio\u00a0nella presentazione delle collezioni cruise:\u00a0le passerelle vengono allestite in modo molto scenografico e i marchi spesso pagano agli invitati viaggio e permanenza, soprattutto se sono organizzate in paesi lontani dall\u2019Europa. <\/em><\/p>\n<p><em>Presentando le loro creazioni fuori dai ritmi frenetici delle fashion week, gli stilisti hanno anche\u00a0la possibilit\u00e0 di far conoscere meglio i propri prodotti, spesso in citt\u00e0\u00a0diverse da quelle\u00a0classiche della moda&#8221;.<\/em><\/p>\n<p>Perfetto. Ora abbiamo capito che cosa sia la sfilata di Dior a Lecce il prossimo 22 luglio.<\/p>\n<p>&nbsp;<\/p>\n<p>Detto ci\u00f2, come and\u00f2 in Marocco l&#8217;anno scorso (nella foto qui sotto; nella foto di copertina\u00a0Meryl Streep e Stanley Tucci nel film &#8220;Il diavolo veste Prada&#8221;), l&#8217;ultima occasione per Dior per far parlare di s\u00e9 attraverso ambientazioni scenografiche e insolite, nella fattispecie palazzo El Badi, fatto costruire da un sultano nel 1578, 350 stanze e una piscina lunga 90 metri e larga 20, con le modelle che sfilarono\u00a0 seguendone il bordo, alla luce di torce e fal\u00f2?<\/p>\n<p><img decoding=\"async\" loading=\"lazy\" class=\"alignleft wp-image-169768\" src=\"https:\/\/www.leccecronaca.it\/wordpress\/wp-content\/uploads\/2020\/07\/qu-1.jpg\" alt=\"\" width=\"855\" height=\"600\" srcset=\"https:\/\/www.leccecronaca.it\/wordpress\/wp-content\/uploads\/2020\/07\/qu-1.jpg 640w, https:\/\/www.leccecronaca.it\/wordpress\/wp-content\/uploads\/2020\/07\/qu-1-300x210.jpg 300w\" sizes=\"(max-width: 855px) 100vw, 855px\" \/><\/p>\n<p>&nbsp;<\/p>\n<p>Ce lo facciamo raccontare dal TgCom24, articolo non firmato del 30 aprile 2019, forse un redazionale pubblicitario, forse, almeno cos\u00ec sembra dai toni, che, comunque sia, anche se fosse un comunicato aziendale, ci permette di continuare a farci un&#8217;idea pi\u00f9 precisa sull&#8217;evento leccese. Qui di seguito il testo integrale:<\/p>\n<p><em>&#8220;Un punto di incontro tra\u00a0mondi diversi, una metaforica nuova \u2018porta\u2019 che si apre sullo sfondo di uno scenografico tramonto infuocato, in una\u00a0location\u00a0suggestiva, il Palais El Badi di Marrakech, in Marocco. \u00c8 andata in scena cos\u00ec la presentazione della collezione\u00a0Cruise 2020\u00a0di Christian Dior. Continua il viaggio della direttrice artistica Maria Grazia Chiuri lungo nuove direttrici che a poco a poco stanno facendo evolvere l\u2019intero sistema moda. <\/em><\/p>\n<p><em>Dal tradizionale lavoro d\u2019atelier a \u2018factory\u00a0contemporanea\u2019, promotrice dell\u2019artigianato, del rispetto delle culture, di emancipazione e inclusione sociale. <\/em><\/p>\n<p><em>Non pi\u00f9 semplicemente abiti\u2026Un vero e proprio \u2018melting pot\u2019 culturale, quello che ha sfilato sulla passerella a cielo aperto, davanti ai bagliori del fuoco. Rivoluzionario l\u2019uso dei\u00a0tessuti\u00a0\u2018Wax\u2019, tecnica di stampa composta da molteplici passaggi per imprimere\u00a0colori e fantasie sui tessuti, grazie anche alla preziosa collaborazione di\u00a0artisti e designer africani. Non una superficiale \u2018cartolina dall\u2019Africa\u2019, ma un vero viaggio alla scoperta di territori tutti da esplorare e da cui lasciarsi attraversare&#8221;.<\/em><\/p>\n<p>&nbsp;<\/p>\n<p>Questo &#8211; ci siamo arrivati, non vogliamo abusare della pazienza dei nostri lettori, ma \u00e8 necessario procedere con i dovuti approfondimenti &#8211; \u00e8 il primo punto da verificare, il rapporto costi\/benefici.<\/p>\n<p>Mi spiego. La Regione Puglia d\u00e0 centinaia di migliaia di euro, se non milioni, faccio un solo esempio, a manifestazioni o ad enti che per la loro attivit\u00e0 istituzionale dovrebbero contribuire alla sua valorizzazione artistica e turistica, a far conoscere e promuovere il territorio.<\/p>\n<p>Qui non sappiamo se Dior abbia avuto contributi pubblici, non ce n&#8217;\u00e8 traccia almeno.<\/p>\n<p>In pi\u00f9 per quanto riguarda nello specifico dell&#8217;amministrazione comunale, Carlo Salvemini ha detto due cose importanti, a proposito della sfilata Dior, virgolettato da un suo post su Facebook del 2 luglio scorso: <em>&#8220;Scegliendo come scenario Piazza Duomo Lecce si garantir\u00e0 una visibilit\u00e0 internazionale che come rappresentante degli interessi di una comunit\u00e0 che vive anche di turismo, sono stato felice di cogliere, per il bene di tutti. La portata delle ricadute in termini promozionali \u00e8 superiore a qualunque campagna di comunicazione e marketing finora realizzata su scala globale sulla citt\u00e0. A costo zero per l\u2019amministrazione&#8221;.<\/em><\/p>\n<p>Quindi, a costo zero, e non abbiamo ragione di dubitare delle affermazioni del Sindaco, anche se come da dovere giornalistico andremo a verificarle successivamente.<\/p>\n<p>&nbsp;<\/p>\n<p>E i benefici, a costo zero?<\/p>\n<p>Qual \u00e8 l&#8217;immagine di Lecce e del Salento che sar\u00e0 veicolata attraverso la sfilata <em>cruise<\/em> di Dior?<\/p>\n<p>Piazza Duomo stravolta dalle luminarie da festa patronale, nella fattispecie resa irriconoscibile dalla sistemazione della location? Ce ne saranno altre, di immagini, nei servizi delle testate specialistiche che seguiranno l&#8217;evento, nelle vetrine\u00a0 multimediali che si apriranno dopo le dirette su internet sui siti della multinazionale francese?<\/p>\n<p>Questo, non possiamo saperlo, al momento, non possiamo dire adesso: sar\u00e0 oggetto anch&#8217;esso di una verifica successiva.<\/p>\n<p>Certo che da quando il Salento era sconosciuto ai pi\u00f9 pure in Italia, figurarsi al mondo, ne \u00e8 passato di tempo, e non \u00e8 pi\u00f9 cos\u00ec. Ne \u00e8 passato di tempo, mezzo secolo, da quando il Premio Barocco fu inventato per far venire al Politeama Richard Burton e Sofia Loren e far parlare cos\u00ec, con questo mezzo, della citt\u00e0. Ora per fortuna da almeno due decenni le cose sono cambiate, e tutti conoscono e ci vengono in vacanza il nostro Salento, un risultato acquisito e consolidato.<\/p>\n<p>Voglio dire: che adesso per la sfilata di Dior ci vengano il cantante Fedez e la consorte Chiara Ferragni influencer, ci pu\u00f2 lasciare del tutto indifferenti e nel senso sopra evidenziato \u00e8 del tutto ininfluente.<\/p>\n<p>&nbsp;<\/p>\n<p>C&#8217;\u00e8 piuttosto un&#8217;altra questione fondamentale, la cui valutazione, anch&#8217;essa forzatamente da rimandare ai prossimi giorni, se non ai prossimi mesi,\u00a0 permetter\u00e0 di poter dare un giudizio sereno ed equilibrato\u00a0 sulla sfilata di Dior.<\/p>\n<p>Una questione fondamentale che nemmeno il Sindaco ha indicato, ma che invece \u00e8 prioritaria.<\/p>\n<p>La condivisione dell\u2019esperienza, con chi di quell\u2019esperienza ha pi\u00f9 bisogno, le Accademie di Moda e le scuole private operanti in citt\u00e0; la ricerca, la formazione, il coinvolgimento delle aziende tessili, di ideazione e di produzione per la moda, esistenti nel Salento.<\/p>\n<p>Dior far\u00e0 gli affari suoi, come \u00e8 giusto che sia in una logica di mercato globalizzato, e basta? O, facendo gli affari suoi, coinvolger\u00e0 nei fatti, creativi e produttivi, le scuole e le aziende nostre?<\/p>\n<p>Su queste questioni si gioca la corretta valutazione, quando sar\u00e0 possibile farle, dell&#8217;evento Dior a Lecce.<\/p>\n<p>Su queste questioni si gioca la credibilit\u00e0 non di Dior, che comunque vada, sar\u00e0 un successo e si far\u00e0 egregiamente i propri interessi; su queste questioni di gioca la credibilit\u00e0 del combo politico Michele Emiliano &#8211; Carlo Salvemini.<\/p>\n<p>Beh, a dirla tutta, pure, suo malgrado, dell&#8217;Arcivescovo Michele Seccia.______<\/p>\n<p>LA RICERCA nei nostri due precedenti articoli di ieri<\/p>\n<blockquote class=\"wp-embedded-content\" data-secret=\"OvymhSVEQ3\"><p><a href=\"https:\/\/www.leccecronaca.it\/index.php\/2020\/07\/18\/caro-mauro\/\">IL DIAVOLO VESTE DIOR &#8211; 1 \/ LO SFREGIO<\/a><\/p><\/blockquote>\n<p><iframe class=\"wp-embedded-content\" sandbox=\"allow-scripts\" security=\"restricted\" style=\"position: absolute; clip: rect(1px, 1px, 1px, 1px);\" src=\"https:\/\/www.leccecronaca.it\/index.php\/2020\/07\/18\/caro-mauro\/embed\/#?secret=OvymhSVEQ3\" data-secret=\"OvymhSVEQ3\" width=\"500\" height=\"282\" title=\"&#8220;IL DIAVOLO VESTE DIOR &#8211; 1 \/ LO SFREGIO&#8221; &#8212; LecceCronaca.it\" frameborder=\"0\" marginwidth=\"0\" marginheight=\"0\" scrolling=\"no\"><\/iframe><\/p>\n<p>&nbsp;<\/p>\n<blockquote class=\"wp-embedded-content\" data-secret=\"WXDyBDjZT4\"><p><a href=\"https:\/\/www.leccecronaca.it\/index.php\/2020\/07\/18\/dior\/\">IL DIAVOLO VESTE DIOR &#8211; 2 \/ SALVEMINI E MARINO, IL SINDACO E L&#8217;INTELLETTUALE: UN EDIFICANTE DIBATTITO<\/a><\/p><\/blockquote>\n<p><iframe class=\"wp-embedded-content\" sandbox=\"allow-scripts\" security=\"restricted\" style=\"position: absolute; clip: rect(1px, 1px, 1px, 1px);\" src=\"https:\/\/www.leccecronaca.it\/index.php\/2020\/07\/18\/dior\/embed\/#?secret=WXDyBDjZT4\" data-secret=\"WXDyBDjZT4\" width=\"500\" height=\"282\" title=\"&#8220;IL DIAVOLO VESTE DIOR &#8211; 2 \/ SALVEMINI E MARINO, IL SINDACO E L&#8217;INTELLETTUALE: UN EDIFICANTE DIBATTITO&#8221; &#8212; LecceCronaca.it\" frameborder=\"0\" marginwidth=\"0\" marginheight=\"0\" scrolling=\"no\"><\/iframe><\/p>\n<p>&nbsp;<\/p>\n<p>&nbsp;<\/p>\n<p>&nbsp;<\/p>\n<p>&nbsp;<\/p>\n<p>&nbsp;<\/p>\n<p>&nbsp;<\/p>\n<fb:like href='https:\/\/www.leccecronaca.it\/index.php\/2020\/07\/19\/il-diavolo-veste-dior-3\/' send='true' layout='button_count' show_faces='true' width='450' height='65' action='recommend' colorscheme='light' font='lucida grande'><\/fb:like><span class=\"fb_share\"><fb:like href=\"https:\/\/www.leccecronaca.it\/index.php\/2020\/07\/19\/il-diavolo-veste-dior-3\/\" layout=\"button_count\"><\/fb:like><\/span>","protected":false},"excerpt":{"rendered":"<p>(g.p.)______L&#8217;ultima iniziativa di Dior analoga a quella leccese del prossimo mercoled\u00ec 22 luglio, per presentare la sua nuova collezione cruise, cos\u00ec si chiamano, si tenne a Marrakesh, in Marocco, il 29 aprile 2019. Cosa sono le collezioni cruise? Dobbiamo saperlo, perch\u00e9 se no non capiamo di che cosa stiamo parlando, per poter andare alla sostanze [&hellip;]<\/p>\n","protected":false},"author":4,"featured_media":169767,"comment_status":"open","ping_status":"closed","sticky":false,"template":"","format":"standard","meta":[],"categories":[69,31,75,76],"tags":[],"_links":{"self":[{"href":"https:\/\/www.leccecronaca.it\/index.php\/wp-json\/wp\/v2\/posts\/169763"}],"collection":[{"href":"https:\/\/www.leccecronaca.it\/index.php\/wp-json\/wp\/v2\/posts"}],"about":[{"href":"https:\/\/www.leccecronaca.it\/index.php\/wp-json\/wp\/v2\/types\/post"}],"author":[{"embeddable":true,"href":"https:\/\/www.leccecronaca.it\/index.php\/wp-json\/wp\/v2\/users\/4"}],"replies":[{"embeddable":true,"href":"https:\/\/www.leccecronaca.it\/index.php\/wp-json\/wp\/v2\/comments?post=169763"}],"version-history":[{"count":8,"href":"https:\/\/www.leccecronaca.it\/index.php\/wp-json\/wp\/v2\/posts\/169763\/revisions"}],"predecessor-version":[{"id":169783,"href":"https:\/\/www.leccecronaca.it\/index.php\/wp-json\/wp\/v2\/posts\/169763\/revisions\/169783"}],"wp:featuredmedia":[{"embeddable":true,"href":"https:\/\/www.leccecronaca.it\/index.php\/wp-json\/wp\/v2\/media\/169767"}],"wp:attachment":[{"href":"https:\/\/www.leccecronaca.it\/index.php\/wp-json\/wp\/v2\/media?parent=169763"}],"wp:term":[{"taxonomy":"category","embeddable":true,"href":"https:\/\/www.leccecronaca.it\/index.php\/wp-json\/wp\/v2\/categories?post=169763"},{"taxonomy":"post_tag","embeddable":true,"href":"https:\/\/www.leccecronaca.it\/index.php\/wp-json\/wp\/v2\/tags?post=169763"}],"curies":[{"name":"wp","href":"https:\/\/api.w.org\/{rel}","templated":true}]}}