{"id":170001,"date":"2020-07-24T13:31:09","date_gmt":"2020-07-24T11:31:09","guid":{"rendered":"http:\/\/www.leccecronaca.it\/?p=170001"},"modified":"2020-07-24T15:58:10","modified_gmt":"2020-07-24T13:58:10","slug":"qualche-nuovo-contagio-in-piu-in-provincia-di-lecce-lasl-invita-i-cittadini-a-rispettare-le-ormai-note-istruzioni-sanitarie-in-tutti-i-loro-comportamenti","status":"publish","type":"post","link":"https:\/\/www.leccecronaca.it\/index.php\/2020\/07\/24\/qualche-nuovo-contagio-in-piu-in-provincia-di-lecce-lasl-invita-i-cittadini-a-rispettare-le-ormai-note-istruzioni-sanitarie-in-tutti-i-loro-comportamenti\/","title":{"rendered":"QUALCHE NUOVO CONTAGIO IN PIU&#8217; IN PROVINCIA DI LECCE, L&#8217;ASL INVITA I CITTADINI A RISPETTARE LE ORMAI NOTE ISTRUZIONI SANITARIE IN TUTTI I LORO COMPORTAMENTI"},"content":{"rendered":"<p><img decoding=\"async\" loading=\"lazy\" class=\"alignleft size-full wp-image-170002\" src=\"https:\/\/www.leccecronaca.it\/wordpress\/wp-content\/uploads\/2020\/07\/asl-1-300x169-1-1-1.jpg\" alt=\"\" width=\"300\" height=\"169\" \/>(Rdl)______L\u2019 Asl di Lecce ha reso noto il report epidemiologico aggiornato a\u00a0oggi, venerd\u00ec 24 luglio, sui casi Covid nella provincia di Lecce.<\/p>\n<p>Nel report si evidenzia l\u2019andamento dell\u2019infezione con i dati del 29 febbraio, i dati registrati alla data del 2 giugno, giorno precedente all\u2019avvio della fase 3, e i dati di\u00a0oggi.<\/p>\n<p>Ad\u00a0oggi\u00a0sono 16 i cittadini residenti in provincia di Lecce ancora Covid positivi, quindi con un incremento di 11 unit\u00e0 rispetto al dato analogo di venerd\u00ec scorso.<\/p>\n<p>Dopo un periodo relativamente incoraggiante, con una netta diminuzione del numero dei casi in provincia di Lecce, registriamo purtroppo, nell\u2019ultima settimana, un incremento del numero di cittadini Covid positivi.<br \/>\nLa Direzione generale invita pertanto a non abbassare la guardia, a rispettare l\u2019obbligo del distanziamento fisico e il divieto di assembramenti, ad usare la mascherina e a lavarsi in modo corretto le mani.<\/p>\n<p>Ricordiamo che chi arriva in Puglia da altre regioni italiane o da Stati esteri ha l\u2019obbligo di autosegnalarsi compilando il modulo scaricabile sul sito della Regione Puglia:<br \/>\n<a href=\"https:\/\/www.sanita.puglia.it\/autosegnalazione-coronavirus\" target=\"_blank\" rel=\"noopener\">https:\/\/www.sanita.puglia.it\/autosegnalazione-coronavirus<\/a><\/p>\n<p>Il modulo, una volta compilato, deve essere inviato al proprio medico di medicina generale se si \u00e8 residenti in Puglia, o al Dipartimento di Prevenzione della ASL in cui si soggiorna se non si \u00e8 residenti o se non si ha il medico curante (per la ASL LE la mail \u00e8: protocollo.sispnord@ausl.le.it).<\/p>\n<p>Per ulteriori informazioni si pu\u00f2 contattare il numero verde regionale 800.713931, attivo tutti i giorni dalle 8 alle 20, mentre dall\u2019estero si pu\u00f2 chiamare il 0039.080.3373398.<\/p>\n<p>Prosegue la nostra attivit\u00e0 di testing-tracing-tracking per individuare precocemente eventuali nuovi casi e continuare a controllare l\u2019epidemia nella provincia di Lecce.<\/p>\n<p>Il report \u00e8 a cura del dottor Fabrizio Quarta, direttore dell\u2019 Unit\u00e0 Operativa Epidemiologia e Statistica.<\/p>\n<p><a href=\"https:\/\/www.leccecronaca.it\/wordpress\/wp-content\/uploads\/2020\/07\/Report_24.07.2020.pdf\">Report_24.07.2020<\/a><\/p>\n<p>&nbsp;<\/p>\n<fb:like href='https:\/\/www.leccecronaca.it\/index.php\/2020\/07\/24\/qualche-nuovo-contagio-in-piu-in-provincia-di-lecce-lasl-invita-i-cittadini-a-rispettare-le-ormai-note-istruzioni-sanitarie-in-tutti-i-loro-comportamenti\/' send='true' layout='button_count' show_faces='true' width='450' height='65' action='recommend' colorscheme='light' font='lucida grande'><\/fb:like><span class=\"fb_share\"><fb:like href=\"https:\/\/www.leccecronaca.it\/index.php\/2020\/07\/24\/qualche-nuovo-contagio-in-piu-in-provincia-di-lecce-lasl-invita-i-cittadini-a-rispettare-le-ormai-note-istruzioni-sanitarie-in-tutti-i-loro-comportamenti\/\" layout=\"button_count\"><\/fb:like><\/span>","protected":false},"excerpt":{"rendered":"<p>(Rdl)______L\u2019 Asl di Lecce ha reso noto il report epidemiologico aggiornato a\u00a0oggi, venerd\u00ec 24 luglio, sui casi Covid nella provincia di Lecce. Nel report si evidenzia l\u2019andamento dell\u2019infezione con i dati del 29 febbraio, i dati registrati alla data del 2 giugno, giorno precedente all\u2019avvio della fase 3, e i dati di\u00a0oggi. Ad\u00a0oggi\u00a0sono 16 i [&hellip;]<\/p>\n","protected":false},"author":4,"featured_media":170002,"comment_status":"open","ping_status":"closed","sticky":false,"template":"","format":"standard","meta":[],"categories":[69],"tags":[],"_links":{"self":[{"href":"https:\/\/www.leccecronaca.it\/index.php\/wp-json\/wp\/v2\/posts\/170001"}],"collection":[{"href":"https:\/\/www.leccecronaca.it\/index.php\/wp-json\/wp\/v2\/posts"}],"about":[{"href":"https:\/\/www.leccecronaca.it\/index.php\/wp-json\/wp\/v2\/types\/post"}],"author":[{"embeddable":true,"href":"https:\/\/www.leccecronaca.it\/index.php\/wp-json\/wp\/v2\/users\/4"}],"replies":[{"embeddable":true,"href":"https:\/\/www.leccecronaca.it\/index.php\/wp-json\/wp\/v2\/comments?post=170001"}],"version-history":[{"count":5,"href":"https:\/\/www.leccecronaca.it\/index.php\/wp-json\/wp\/v2\/posts\/170001\/revisions"}],"predecessor-version":[{"id":170034,"href":"https:\/\/www.leccecronaca.it\/index.php\/wp-json\/wp\/v2\/posts\/170001\/revisions\/170034"}],"wp:featuredmedia":[{"embeddable":true,"href":"https:\/\/www.leccecronaca.it\/index.php\/wp-json\/wp\/v2\/media\/170002"}],"wp:attachment":[{"href":"https:\/\/www.leccecronaca.it\/index.php\/wp-json\/wp\/v2\/media?parent=170001"}],"wp:term":[{"taxonomy":"category","embeddable":true,"href":"https:\/\/www.leccecronaca.it\/index.php\/wp-json\/wp\/v2\/categories?post=170001"},{"taxonomy":"post_tag","embeddable":true,"href":"https:\/\/www.leccecronaca.it\/index.php\/wp-json\/wp\/v2\/tags?post=170001"}],"curies":[{"name":"wp","href":"https:\/\/api.w.org\/{rel}","templated":true}]}}