{"id":170089,"date":"2020-07-27T13:38:53","date_gmt":"2020-07-27T11:38:53","guid":{"rendered":"http:\/\/www.leccecronaca.it\/?p=170089"},"modified":"2020-07-27T13:47:56","modified_gmt":"2020-07-27T11:47:56","slug":"novita-editoriali-leditore-italiano-e-salentino-presenta-ragazzo-di-luna-di-alexander-korotko-appena-uscito-per-i-quaderni-del-bardo","status":"publish","type":"post","link":"https:\/\/www.leccecronaca.it\/index.php\/2020\/07\/27\/novita-editoriali-leditore-italiano-e-salentino-presenta-ragazzo-di-luna-di-alexander-korotko-appena-uscito-per-i-quaderni-del-bardo\/","title":{"rendered":"NOVITA&#8217; EDITORIALI \/ L&#8217;EDITORE ITALIANO &#8211; E SALENTINO &#8211; PRESENTA \u201cRagazzo di Luna\u201d DI ALEXANDER KOROTKO, APPENA USCITO PER I QUADERNI DEL BARDO"},"content":{"rendered":"<p><img decoding=\"async\" loading=\"lazy\" class=\"alignleft size-full wp-image-170095\" src=\"https:\/\/www.leccecronaca.it\/wordpress\/wp-content\/uploads\/2020\/07\/photo.png\" alt=\"\" width=\"298\" height=\"424\" srcset=\"https:\/\/www.leccecronaca.it\/wordpress\/wp-content\/uploads\/2020\/07\/photo.png 298w, https:\/\/www.leccecronaca.it\/wordpress\/wp-content\/uploads\/2020\/07\/photo-211x300.png 211w\" sizes=\"(max-width: 298px) 100vw, 298px\" \/>di <strong>Stefano Donno<\/strong>______<\/p>\n<p>La casa editrice I Quaderni del Bardo Edizioni continua la sua azione di voler diffondere in Italia latitudini altre della scrittura, autori che provengono da altri paesi nel mondo, ma che vale la pena conoscere per il loro spessore, la loro qualit\u00e0, e il messaggio narrativo che in questa selezione, viene sempre legato in maniera indissolubile alla nostra contemporaneit\u00e0.<\/p>\n<p>In questa opera di diffusione di poesia e letteratura di rilievo internazionale, nel nostro Paese, la casa editrice salentina si avvale della collaborazione della Casa della Poesia di Como e del suo Presidente Laura Garavaglia, che da anni organizza a Como il Festival Europeo della Poesia.<\/p>\n<p>Ecco come viene presentato ai lettori italiani il romanzo\u00a0<strong><em>\u201cRagazzo di Luna\u201d<\/em><\/strong>\u00a0 (106 pagg. &#8211; 9,25 euro) di <strong>Alexander Korotko.<\/strong><\/p>\n<p><em>&#8220;La tentazione: ecco ci\u00f2 che prova l\u2019uomo moderno. La tentazione della gloria, del denaro, del potere&#8230;Il personaggio principale scommette sull\u2019amore o pi\u00f9 esattamente sull\u2019amata ignorando che anche lei scommette, ma senza voltare le spalle alle verit\u00e0 universali. Altrimenti&#8230;\u00a0 Altrimenti ci\u00f2 spinge verso il mestiere degli eletti e dei privilegiati, la solitudine. La libert\u00e0 e lo spazio illimitato in cui vive l\u2019artista sono assicurati ed \u00e8 in questo che risiede\u00a0 l\u2019unicit\u00e0 della\u00a0 prosa\u00a0 fuori\u00a0 classe\u00a0 di Alexander Korotko. Essa \u00e8 la smentita pi\u00f9 evidente di tutte le arguzie sul declino della letteratura intesa come cultura e civilt\u00e0&#8221;.<\/em><\/p>\n<p>&nbsp;<\/p>\n<p>Alexander Korotko (nella foto) \u00e8 un poeta-filosofo e narratore ucraino, autore di una trentina di libri, dipoesia e di prosa, vincigtore di numerosi riconoscimenti internazionali.<\/p>\n<p><img decoding=\"async\" loading=\"lazy\" class=\"alignleft size-full wp-image-170091\" src=\"https:\/\/www.leccecronaca.it\/wordpress\/wp-content\/uploads\/2020\/07\/Ragazzo-di-luna_Cover.jpg\" alt=\"\" width=\"512\" height=\"512\" srcset=\"https:\/\/www.leccecronaca.it\/wordpress\/wp-content\/uploads\/2020\/07\/Ragazzo-di-luna_Cover.jpg 512w, https:\/\/www.leccecronaca.it\/wordpress\/wp-content\/uploads\/2020\/07\/Ragazzo-di-luna_Cover-300x300.jpg 300w, https:\/\/www.leccecronaca.it\/wordpress\/wp-content\/uploads\/2020\/07\/Ragazzo-di-luna_Cover-150x150.jpg 150w, https:\/\/www.leccecronaca.it\/wordpress\/wp-content\/uploads\/2020\/07\/Ragazzo-di-luna_Cover-60x60.jpg 60w\" sizes=\"(max-width: 512px) 100vw, 512px\" \/><\/p>\n<p>&nbsp;<\/p>\n<p>Info link<\/p>\n<p><a href=\"https:\/\/www.amazon.it\/Ragazzo-luna-Prefazione-Andre%C3%AF-Bitov\/dp\/B088BHGRQ2\/ref=sr_1_1?__mk_it_IT=%C3%85M%C3%85%C5%BD%C3%95%C3%91&amp;dchild=1&amp;keywords=Ragazzo+di+luna+di+Alexandre+Korotko&amp;qid=1592835728&amp;sr=8-1\">https:\/\/www.amazon.it\/Ragazzo-luna-Prefazione-Andre%C3%AF-Bitov\/dp\/B088BHGRQ2\/ref=sr_1_1?__mk_it_IT=%C3%85M%C3%85%C5%BD%C3%95%C3%91&amp;dchild=1&amp;keywords=Ragazzo+di+luna+di+Alexandre+Korotko&amp;qid=1592835728&amp;sr=8-1<\/a><\/p>\n<p>&nbsp;<\/p>\n<p>Mail<\/p>\n<p>iquadernidelbardoed@libero.it<\/p>\n<p>&nbsp;<\/p>\n<p>&nbsp;<\/p>\n<p>&nbsp;<\/p>\n<fb:like href='https:\/\/www.leccecronaca.it\/index.php\/2020\/07\/27\/novita-editoriali-leditore-italiano-e-salentino-presenta-ragazzo-di-luna-di-alexander-korotko-appena-uscito-per-i-quaderni-del-bardo\/' send='true' layout='button_count' show_faces='true' width='450' height='65' action='recommend' colorscheme='light' font='lucida grande'><\/fb:like><span class=\"fb_share\"><fb:like href=\"https:\/\/www.leccecronaca.it\/index.php\/2020\/07\/27\/novita-editoriali-leditore-italiano-e-salentino-presenta-ragazzo-di-luna-di-alexander-korotko-appena-uscito-per-i-quaderni-del-bardo\/\" layout=\"button_count\"><\/fb:like><\/span>","protected":false},"excerpt":{"rendered":"<p>di Stefano Donno______ La casa editrice I Quaderni del Bardo Edizioni continua la sua azione di voler diffondere in Italia latitudini altre della scrittura, autori che provengono da altri paesi nel mondo, ma che vale la pena conoscere per il loro spessore, la loro qualit\u00e0, e il messaggio narrativo che in questa selezione, viene sempre [&hellip;]<\/p>\n","protected":false},"author":4,"featured_media":170095,"comment_status":"open","ping_status":"closed","sticky":false,"template":"","format":"standard","meta":[],"categories":[31,57],"tags":[],"_links":{"self":[{"href":"https:\/\/www.leccecronaca.it\/index.php\/wp-json\/wp\/v2\/posts\/170089"}],"collection":[{"href":"https:\/\/www.leccecronaca.it\/index.php\/wp-json\/wp\/v2\/posts"}],"about":[{"href":"https:\/\/www.leccecronaca.it\/index.php\/wp-json\/wp\/v2\/types\/post"}],"author":[{"embeddable":true,"href":"https:\/\/www.leccecronaca.it\/index.php\/wp-json\/wp\/v2\/users\/4"}],"replies":[{"embeddable":true,"href":"https:\/\/www.leccecronaca.it\/index.php\/wp-json\/wp\/v2\/comments?post=170089"}],"version-history":[{"count":7,"href":"https:\/\/www.leccecronaca.it\/index.php\/wp-json\/wp\/v2\/posts\/170089\/revisions"}],"predecessor-version":[{"id":170099,"href":"https:\/\/www.leccecronaca.it\/index.php\/wp-json\/wp\/v2\/posts\/170089\/revisions\/170099"}],"wp:featuredmedia":[{"embeddable":true,"href":"https:\/\/www.leccecronaca.it\/index.php\/wp-json\/wp\/v2\/media\/170095"}],"wp:attachment":[{"href":"https:\/\/www.leccecronaca.it\/index.php\/wp-json\/wp\/v2\/media?parent=170089"}],"wp:term":[{"taxonomy":"category","embeddable":true,"href":"https:\/\/www.leccecronaca.it\/index.php\/wp-json\/wp\/v2\/categories?post=170089"},{"taxonomy":"post_tag","embeddable":true,"href":"https:\/\/www.leccecronaca.it\/index.php\/wp-json\/wp\/v2\/tags?post=170089"}],"curies":[{"name":"wp","href":"https:\/\/api.w.org\/{rel}","templated":true}]}}