{"id":170100,"date":"2020-07-27T15:11:20","date_gmt":"2020-07-27T13:11:20","guid":{"rendered":"http:\/\/www.leccecronaca.it\/?p=170100"},"modified":"2020-07-27T17:22:20","modified_gmt":"2020-07-27T15:22:20","slug":"il-benvenuto-del-sindaco-al-nuovo-prefetto","status":"publish","type":"post","link":"https:\/\/www.leccecronaca.it\/index.php\/2020\/07\/27\/il-benvenuto-del-sindaco-al-nuovo-prefetto\/","title":{"rendered":"IL BENVENUTO DEL SINDACO AL NUOVO PREFETTO"},"content":{"rendered":"<p><img decoding=\"async\" loading=\"lazy\" class=\"alignleft size-large wp-image-170101\" src=\"https:\/\/www.leccecronaca.it\/wordpress\/wp-content\/uploads\/2020\/07\/Prefetta-Trio-sindaco-Salvemini-presidente-Carlo-Mignone-1024x880.jpg\" alt=\"\" width=\"1024\" height=\"880\" srcset=\"https:\/\/www.leccecronaca.it\/wordpress\/wp-content\/uploads\/2020\/07\/Prefetta-Trio-sindaco-Salvemini-presidente-Carlo-Mignone-1024x880.jpg 1024w, https:\/\/www.leccecronaca.it\/wordpress\/wp-content\/uploads\/2020\/07\/Prefetta-Trio-sindaco-Salvemini-presidente-Carlo-Mignone-300x258.jpg 300w, https:\/\/www.leccecronaca.it\/wordpress\/wp-content\/uploads\/2020\/07\/Prefetta-Trio-sindaco-Salvemini-presidente-Carlo-Mignone-768x660.jpg 768w, https:\/\/www.leccecronaca.it\/wordpress\/wp-content\/uploads\/2020\/07\/Prefetta-Trio-sindaco-Salvemini-presidente-Carlo-Mignone.jpg 1234w\" sizes=\"(max-width: 1024px) 100vw, 1024px\" \/>(Rdl)_______Questa mattina il sindaco Carlo Salvemini\u00a0ha accolto nel suo ufficio a Palazzo Carafa, insieme al Presidente del Consiglio comunale\u00a0Carlo Mignone, il nuovo Prefetto di Lecce\u00a0Maria Rosa Trio, in visita istituzionale (nella foto).<\/p>\n<p>Come informa una nota dell&#8217;ufficio stampa di Palazzo Carafa, <em>&#8220;L\u2019incontro \u00e8 stato utile per stabilire un primo contatto e una prima intesa, tra figure istituzionali decise a lavorare insieme per superare problemi e criticit\u00e0 di un territorio come quello salentino che si presenta ricco di potenzialit\u00e0 di crescita e sviluppo&#8230;Maria Rosa Trio ha voluto trasferire al sindaco la massima disponibilit\u00e0 alla collaborazione inclusiva e al lavoro di squadra, come gi\u00e0 operato a Latina e nelle sedi precedenti. Disponibilit\u00e0 ricambiata con entusiasmo da Carlo Salvemini che ha condiviso la visione sul profilo inclusivo che la collaborazione istituzionale deve necessariamente avere: inclusivo nei confronti delle parti sociali, delle organizzazioni di categoria e dei mezzi di informazione&#8221;.<\/em><\/p>\n<p>Sempre questa mattina e per analoga visita istituzionale, il Prefetto ha incontrato anche il presidente della Provincia Stefano Minerva.______<\/p>\n<p>LA RICERCA nel nostro articolo del 7 luglio scorso<\/p>\n<blockquote class=\"wp-embedded-content\" data-secret=\"Zs7JqGyKMN\"><p><a href=\"https:\/\/www.leccecronaca.it\/index.php\/2020\/07\/07\/nuovo-prefetto-a-lecce\/\">NUOVO PREFETTO A LECCE<\/a><\/p><\/blockquote>\n<p><iframe class=\"wp-embedded-content\" sandbox=\"allow-scripts\" security=\"restricted\" style=\"position: absolute; clip: rect(1px, 1px, 1px, 1px);\" src=\"https:\/\/www.leccecronaca.it\/index.php\/2020\/07\/07\/nuovo-prefetto-a-lecce\/embed\/#?secret=Zs7JqGyKMN\" data-secret=\"Zs7JqGyKMN\" width=\"500\" height=\"282\" title=\"&#8220;NUOVO PREFETTO A LECCE&#8221; &#8212; LecceCronaca.it\" frameborder=\"0\" marginwidth=\"0\" marginheight=\"0\" scrolling=\"no\"><\/iframe><\/p>\n<fb:like href='https:\/\/www.leccecronaca.it\/index.php\/2020\/07\/27\/il-benvenuto-del-sindaco-al-nuovo-prefetto\/' send='true' layout='button_count' show_faces='true' width='450' height='65' action='recommend' colorscheme='light' font='lucida grande'><\/fb:like><span class=\"fb_share\"><fb:like href=\"https:\/\/www.leccecronaca.it\/index.php\/2020\/07\/27\/il-benvenuto-del-sindaco-al-nuovo-prefetto\/\" layout=\"button_count\"><\/fb:like><\/span>","protected":false},"excerpt":{"rendered":"<p>(Rdl)_______Questa mattina il sindaco Carlo Salvemini\u00a0ha accolto nel suo ufficio a Palazzo Carafa, insieme al Presidente del Consiglio comunale\u00a0Carlo Mignone, il nuovo Prefetto di Lecce\u00a0Maria Rosa Trio, in visita istituzionale (nella foto). Come informa una nota dell&#8217;ufficio stampa di Palazzo Carafa, &#8220;L\u2019incontro \u00e8 stato utile per stabilire un primo contatto e una prima intesa, tra [&hellip;]<\/p>\n","protected":false},"author":4,"featured_media":170101,"comment_status":"open","ping_status":"closed","sticky":false,"template":"","format":"standard","meta":[],"categories":[69,76],"tags":[],"_links":{"self":[{"href":"https:\/\/www.leccecronaca.it\/index.php\/wp-json\/wp\/v2\/posts\/170100"}],"collection":[{"href":"https:\/\/www.leccecronaca.it\/index.php\/wp-json\/wp\/v2\/posts"}],"about":[{"href":"https:\/\/www.leccecronaca.it\/index.php\/wp-json\/wp\/v2\/types\/post"}],"author":[{"embeddable":true,"href":"https:\/\/www.leccecronaca.it\/index.php\/wp-json\/wp\/v2\/users\/4"}],"replies":[{"embeddable":true,"href":"https:\/\/www.leccecronaca.it\/index.php\/wp-json\/wp\/v2\/comments?post=170100"}],"version-history":[{"count":4,"href":"https:\/\/www.leccecronaca.it\/index.php\/wp-json\/wp\/v2\/posts\/170100\/revisions"}],"predecessor-version":[{"id":170112,"href":"https:\/\/www.leccecronaca.it\/index.php\/wp-json\/wp\/v2\/posts\/170100\/revisions\/170112"}],"wp:featuredmedia":[{"embeddable":true,"href":"https:\/\/www.leccecronaca.it\/index.php\/wp-json\/wp\/v2\/media\/170101"}],"wp:attachment":[{"href":"https:\/\/www.leccecronaca.it\/index.php\/wp-json\/wp\/v2\/media?parent=170100"}],"wp:term":[{"taxonomy":"category","embeddable":true,"href":"https:\/\/www.leccecronaca.it\/index.php\/wp-json\/wp\/v2\/categories?post=170100"},{"taxonomy":"post_tag","embeddable":true,"href":"https:\/\/www.leccecronaca.it\/index.php\/wp-json\/wp\/v2\/tags?post=170100"}],"curies":[{"name":"wp","href":"https:\/\/api.w.org\/{rel}","templated":true}]}}