{"id":170105,"date":"2020-07-27T15:10:51","date_gmt":"2020-07-27T13:10:51","guid":{"rendered":"http:\/\/www.leccecronaca.it\/?p=170105"},"modified":"2020-07-27T17:26:44","modified_gmt":"2020-07-27T15:26:44","slug":"scena-muta-di-ivan-raganato-festeggia-oggi-trentanni-di-attivita","status":"publish","type":"post","link":"https:\/\/www.leccecronaca.it\/index.php\/2020\/07\/27\/scena-muta-di-ivan-raganato-festeggia-oggi-trentanni-di-attivita\/","title":{"rendered":"SCENA MUTA DI IVAN RAGANATO FESTEGGIA OGGI TRENT&#8217;ANNI DI ATTIVIT\u00c0. IL MAESTRO A leccecronaca.it: &#8220;Un traguardo \u00e8 una medaglia che si appiccica al petto. Ma \u00e8 il cuore che custodisce tutto l&#8217;amore, la passione e il sentimento che questi trent&#8217;anni mi hanno donato&#8221;"},"content":{"rendered":"<p><img decoding=\"async\" loading=\"lazy\" class=\"alignleft size-full wp-image-170115\" src=\"https:\/\/www.leccecronaca.it\/wordpress\/wp-content\/uploads\/2020\/07\/ir.jpg\" alt=\"\" width=\"960\" height=\"640\" srcset=\"https:\/\/www.leccecronaca.it\/wordpress\/wp-content\/uploads\/2020\/07\/ir.jpg 960w, https:\/\/www.leccecronaca.it\/wordpress\/wp-content\/uploads\/2020\/07\/ir-300x200.jpg 300w, https:\/\/www.leccecronaca.it\/wordpress\/wp-content\/uploads\/2020\/07\/ir-768x512.jpg 768w\" sizes=\"(max-width: 960px) 100vw, 960px\" \/>(Rdl)_______Un anniversario che non pu\u00f2 passare inosservato per ovvie ragioni.<\/p>\n<p>Prima fra tutte le tre decadi di attivit\u00e0 artistica e culturale che la scuola d&#8217;Arti varie <strong><em>Scena Muta<\/em> <\/strong>del maestro <strong>Ivan Raganato<\/strong>\u00a0(nella foto) svolge con impegno ed eccellenti risultati, nel teatro, nella danza e nel canto. Un traguardo importante e sempre pi\u00f9 raro nel panorama artistico.<\/p>\n<p>Poi perch\u00e9 parliamo di una eccellenza del territorio che dopo aver calcato ribalte nazionali, decide di mettere radici e dare un contributo inestimabile alla sua Terra: Ivan Raganato.<\/p>\n<p>Raccogliere in un redazionale tutte le attivit\u00e0, gli spettacoli, gli artisti che si sono formati, i successi, le collaborazioni nazionali ed internazionali sarebbe impossibile.<\/p>\n<p>La redazione di leccecronaca.it ha raggiunto telefonicamente il registra e attore copertinese che ci ha rilasciato una emozionata dichiarazione:<\/p>\n<p><em>&#8220;Un traguardo \u00e8 una medaglia che si appiccica al petto. Ma \u00e8 il cuore che custodisce tutto l&#8217;amore, la passione e il sentimento che questi trent&#8217;anni mi hanno donato&#8221;.<\/em><\/p>\n<p>Una menzione speciale a due persone per racchiudere un ringraziamento a tutti coloro che a vario titolo hanno contribuito alla grandezza di Scena Muta.<\/p>\n<p>Oriana Gentile, collaboratrice e coordinatrice amministrativa e Luca Trevisi vice presidente dell&#8217;associazione.<\/p>\n<p>Ad maiora Scena Muta!<\/p>\n<p>Dalla redazione di leccecronaca.it auguri per i tuoi primi trent&#8217;anni.<\/p>\n<p>Li aggiungiamo volentieri ai tanti messaggi di augurio e alle tante attestazioni di affetto che in queste ore stanno giungendo al Maestro da tutta Italia.<\/p>\n<p><img decoding=\"async\" loading=\"lazy\" class=\"alignleft size-large wp-image-170106\" src=\"https:\/\/www.leccecronaca.it\/wordpress\/wp-content\/uploads\/2020\/07\/IMG_20200727_150430-1024x382.jpg\" alt=\"\" width=\"1024\" height=\"382\" srcset=\"https:\/\/www.leccecronaca.it\/wordpress\/wp-content\/uploads\/2020\/07\/IMG_20200727_150430-1024x382.jpg 1024w, https:\/\/www.leccecronaca.it\/wordpress\/wp-content\/uploads\/2020\/07\/IMG_20200727_150430-300x112.jpg 300w, https:\/\/www.leccecronaca.it\/wordpress\/wp-content\/uploads\/2020\/07\/IMG_20200727_150430-768x287.jpg 768w, https:\/\/www.leccecronaca.it\/wordpress\/wp-content\/uploads\/2020\/07\/IMG_20200727_150430.jpg 1055w\" sizes=\"(max-width: 1024px) 100vw, 1024px\" \/><\/p>\n<fb:like href='https:\/\/www.leccecronaca.it\/index.php\/2020\/07\/27\/scena-muta-di-ivan-raganato-festeggia-oggi-trentanni-di-attivita\/' send='true' layout='button_count' show_faces='true' width='450' height='65' action='recommend' colorscheme='light' font='lucida grande'><\/fb:like><span class=\"fb_share\"><fb:like href=\"https:\/\/www.leccecronaca.it\/index.php\/2020\/07\/27\/scena-muta-di-ivan-raganato-festeggia-oggi-trentanni-di-attivita\/\" layout=\"button_count\"><\/fb:like><\/span>","protected":false},"excerpt":{"rendered":"<p>(Rdl)_______Un anniversario che non pu\u00f2 passare inosservato per ovvie ragioni. Prima fra tutte le tre decadi di attivit\u00e0 artistica e culturale che la scuola d&#8217;Arti varie Scena Muta del maestro Ivan Raganato\u00a0(nella foto) svolge con impegno ed eccellenti risultati, nel teatro, nella danza e nel canto. Un traguardo importante e sempre pi\u00f9 raro nel panorama [&hellip;]<\/p>\n","protected":false},"author":4,"featured_media":170115,"comment_status":"open","ping_status":"closed","sticky":false,"template":"","format":"standard","meta":[],"categories":[69,31,75],"tags":[],"_links":{"self":[{"href":"https:\/\/www.leccecronaca.it\/index.php\/wp-json\/wp\/v2\/posts\/170105"}],"collection":[{"href":"https:\/\/www.leccecronaca.it\/index.php\/wp-json\/wp\/v2\/posts"}],"about":[{"href":"https:\/\/www.leccecronaca.it\/index.php\/wp-json\/wp\/v2\/types\/post"}],"author":[{"embeddable":true,"href":"https:\/\/www.leccecronaca.it\/index.php\/wp-json\/wp\/v2\/users\/4"}],"replies":[{"embeddable":true,"href":"https:\/\/www.leccecronaca.it\/index.php\/wp-json\/wp\/v2\/comments?post=170105"}],"version-history":[{"count":7,"href":"https:\/\/www.leccecronaca.it\/index.php\/wp-json\/wp\/v2\/posts\/170105\/revisions"}],"predecessor-version":[{"id":170121,"href":"https:\/\/www.leccecronaca.it\/index.php\/wp-json\/wp\/v2\/posts\/170105\/revisions\/170121"}],"wp:featuredmedia":[{"embeddable":true,"href":"https:\/\/www.leccecronaca.it\/index.php\/wp-json\/wp\/v2\/media\/170115"}],"wp:attachment":[{"href":"https:\/\/www.leccecronaca.it\/index.php\/wp-json\/wp\/v2\/media?parent=170105"}],"wp:term":[{"taxonomy":"category","embeddable":true,"href":"https:\/\/www.leccecronaca.it\/index.php\/wp-json\/wp\/v2\/categories?post=170105"},{"taxonomy":"post_tag","embeddable":true,"href":"https:\/\/www.leccecronaca.it\/index.php\/wp-json\/wp\/v2\/tags?post=170105"}],"curies":[{"name":"wp","href":"https:\/\/api.w.org\/{rel}","templated":true}]}}