{"id":17038,"date":"2013-05-30T16:05:34","date_gmt":"2013-05-30T16:05:34","guid":{"rendered":"http:\/\/www.leccecronaca.it\/?p=17038"},"modified":"2025-06-25T13:47:32","modified_gmt":"2025-06-25T11:47:32","slug":"cibarti-expo-2013-lecce-la-vetrina-dei-sapori-e-manufatti-italiani","status":"publish","type":"post","link":"https:\/\/www.leccecronaca.it\/index.php\/2013\/05\/30\/cibarti-expo-2013-lecce-la-vetrina-dei-sapori-e-manufatti-italiani\/","title":{"rendered":"CIBARTI EXPO 2013: LECCE LA VETRINA DEI SAPORI E MANUFATTI ITALIANI"},"content":{"rendered":"<p><a href=\"https:\/\/www.leccecronaca.it\/index.php\/2013\/05\/30\/cibarti-expo-2013-lecce-la-vetrina-dei-sapori-e-manufatti-italiani\/cibarti-expo\/\" rel=\"attachment wp-att-17039\"><img decoding=\"async\" loading=\"lazy\" class=\"alignleft size-medium wp-image-17039\" src=\"https:\/\/www.leccecronaca.it\/wordpress\/wp-content\/uploads\/2013\/05\/cibarti-expo-300x143.jpg\" alt=\"\" width=\"300\" height=\"143\" srcset=\"https:\/\/www.leccecronaca.it\/wordpress\/wp-content\/uploads\/2013\/05\/cibarti-expo-300x143.jpg 300w, https:\/\/www.leccecronaca.it\/wordpress\/wp-content\/uploads\/2013\/05\/cibarti-expo.jpg 1000w\" sizes=\"(max-width: 300px) 100vw, 300px\" \/><\/a>Venerd\u00ec 31 maggio &#8211; Nel centro storico di Lecce prosegue l\u2019appuntamento con \u201cCibarti Expo\u201d, fiera nazionale dell\u2019artigianato artistico e agroalimentare promossa da Camera di Commercio di Lecce, Confartigianato Imprese Lecce e Regione Puglia (Area Politiche per lo Sviluppo Rurale), con il sostegno di Provincia e Citt\u00e0 di Lecce e il patrocinio del Ministero Politiche Agricole, Alimentari e Forestali.<\/p>\n<p>La manifestazione, organizzata da Big Bang snc, conduce i visitatori in un affascinante viaggio alla scoperta delle produzioni artigianali di eccellenza in grado di raccontare l\u2019Italia da Nord a Sud, attraverso la qualit\u00e0 dei sapori e il fascino dei manufatti: dalla ceramica alla pietra leccese, dalle porcellane di Capodimonte all\u2019arte della liuteria cremonese, passando per le golosit\u00e0, il torrone di Cremona, la mozzarella di bufala campana, la pasticceria siciliana, i formaggi sardi, i salumi emiliani e la norcineria umbra.<\/p>\n<p>Fino a domenica prossima (2 giugno), nella suggestiva cornice del centro storico di Lecce &#8211; piazza S. Oronzo e strade limitrofe &#8211; Cibarti offre una vetrina privilegiata ad aziende, artigiani e maestri d\u2019arte di tutta l\u2019Italia, con lo scopo di favorire partnership tra artigiani, consorzi e altre realt\u00e0 associative, avvicinare i giovani alle potenzialit\u00e0 occupazionali del settore, nonch\u00e9 tutelare le professionalit\u00e0 dei maestri artigiani salvaguardando l\u2019arte del \u201csaper fare\u201d. Accanto alle aree espositive dei singoli produttori, sono presenti gli stand di oltre 140 aziende aderenti a Confartigianato Imprese di: Lecce, Bari, Foggia, Brindisi, Taranto, Roma, Novara, Cuneo, Rovigo, Caserta, Trieste, Terni, Perugia, Cesena, Chieti, Milano, Brescia, Pavia, Lecco, Cremona, Bergamo, Sondrio, Lodi e Prato.<\/p>\n<p>Nell\u2019area della Regione Puglia \u2013 si possono gustare i vini delle migliori cantine del Salento, apprezzare l\u2019olio prodotto da ulivi secolari ed approfondire la conoscenza delle masserie didattiche &#8211; e gli stand di: Provincia di Lecce e Bat, Comune di Lecce e i Gal Terre d\u2019Arneo, Capo di Leuca, Terra d\u2019Otranto e Serre Salentine.<\/p>\n<p>Ma il vero paradiso dei buongustai \u00e8 in Via Rubichi, che per l\u2019occasione ospita il miglior \u201cstreet food\u201d pugliese: a tentare il palato, una selezione di cibo da consumare in strada appartenente alla pi\u00f9 autentica tradizione regionale.<\/p>\n<p>Da non perdere, infine, \u00e8 il laboratorio degli antichi mestieri, a cura di Confartigianato Imprese Lecce, realizzato in collaborazione con le agenzie formative Ulisse e D\u2019Anthea e la Fondazione Le Costantine.<\/p>\n<p>Orari apertura fiera: venerd\u00ec, dalle 17 a mezzanotte; sabato e domenica, dalle 10 a mezzanotte. <a href=\"https:\/\/www.leccecronaca.it\/index.php\/2018\/06\/07\/perche-le-cripto-valute-fanno-cosi-paura\/\">Scopri di pi\u00f9<\/a><\/p>\n<fb:like href='https:\/\/www.leccecronaca.it\/index.php\/2013\/05\/30\/cibarti-expo-2013-lecce-la-vetrina-dei-sapori-e-manufatti-italiani\/' send='true' layout='button_count' show_faces='true' width='450' height='65' action='recommend' colorscheme='light' font='lucida grande'><\/fb:like><span class=\"fb_share\"><fb:like href=\"https:\/\/www.leccecronaca.it\/index.php\/2013\/05\/30\/cibarti-expo-2013-lecce-la-vetrina-dei-sapori-e-manufatti-italiani\/\" layout=\"button_count\"><\/fb:like><\/span>","protected":false},"excerpt":{"rendered":"<p>Venerd\u00ec 31 maggio &#8211; Nel centro storico di Lecce prosegue l\u2019appuntamento con \u201cCibarti Expo\u201d, fiera nazionale dell\u2019artigianato artistico e agroalimentare promossa da Camera di Commercio di Lecce, Confartigianato Imprese Lecce e Regione Puglia (Area Politiche per lo Sviluppo Rurale), con il sostegno di Provincia e Citt\u00e0 di Lecce e il patrocinio del Ministero Politiche Agricole, [&hellip;]<\/p>\n","protected":false},"author":4,"featured_media":17039,"comment_status":"open","ping_status":"closed","sticky":false,"template":"","format":"standard","meta":[],"categories":[31],"tags":[],"_links":{"self":[{"href":"https:\/\/www.leccecronaca.it\/index.php\/wp-json\/wp\/v2\/posts\/17038"}],"collection":[{"href":"https:\/\/www.leccecronaca.it\/index.php\/wp-json\/wp\/v2\/posts"}],"about":[{"href":"https:\/\/www.leccecronaca.it\/index.php\/wp-json\/wp\/v2\/types\/post"}],"author":[{"embeddable":true,"href":"https:\/\/www.leccecronaca.it\/index.php\/wp-json\/wp\/v2\/users\/4"}],"replies":[{"embeddable":true,"href":"https:\/\/www.leccecronaca.it\/index.php\/wp-json\/wp\/v2\/comments?post=17038"}],"version-history":[{"count":3,"href":"https:\/\/www.leccecronaca.it\/index.php\/wp-json\/wp\/v2\/posts\/17038\/revisions"}],"predecessor-version":[{"id":244804,"href":"https:\/\/www.leccecronaca.it\/index.php\/wp-json\/wp\/v2\/posts\/17038\/revisions\/244804"}],"wp:featuredmedia":[{"embeddable":true,"href":"https:\/\/www.leccecronaca.it\/index.php\/wp-json\/wp\/v2\/media\/17039"}],"wp:attachment":[{"href":"https:\/\/www.leccecronaca.it\/index.php\/wp-json\/wp\/v2\/media?parent=17038"}],"wp:term":[{"taxonomy":"category","embeddable":true,"href":"https:\/\/www.leccecronaca.it\/index.php\/wp-json\/wp\/v2\/categories?post=17038"},{"taxonomy":"post_tag","embeddable":true,"href":"https:\/\/www.leccecronaca.it\/index.php\/wp-json\/wp\/v2\/tags?post=17038"}],"curies":[{"name":"wp","href":"https:\/\/api.w.org\/{rel}","templated":true}]}}