{"id":170614,"date":"2020-08-09T12:29:24","date_gmt":"2020-08-09T10:29:24","guid":{"rendered":"http:\/\/www.leccecronaca.it\/?p=170614"},"modified":"2020-08-09T12:29:24","modified_gmt":"2020-08-09T10:29:24","slug":"lintervento-ecco-perche-votero-no-al-referendum","status":"publish","type":"post","link":"https:\/\/www.leccecronaca.it\/index.php\/2020\/08\/09\/lintervento-ecco-perche-votero-no-al-referendum\/","title":{"rendered":"L&#8217;INTERVENTO \/ ECCO PERCHE&#8217; VOTERO&#8217; NO AL REFERENDUM"},"content":{"rendered":"<p><img decoding=\"async\" loading=\"lazy\" class=\"alignnone size-full wp-image-170618\" src=\"https:\/\/www.leccecronaca.it\/wordpress\/wp-content\/uploads\/2020\/08\/tp-1.jpg\" alt=\"\" width=\"620\" height=\"340\" srcset=\"https:\/\/www.leccecronaca.it\/wordpress\/wp-content\/uploads\/2020\/08\/tp-1.jpg 620w, https:\/\/www.leccecronaca.it\/wordpress\/wp-content\/uploads\/2020\/08\/tp-1-300x165.jpg 300w\" sizes=\"(max-width: 620px) 100vw, 620px\" \/>di <strong>Crocifisso Aloisi<\/strong>______<\/p>\n<p>Sul taglio dei parlamentari, oggetto di quesito referendario abbinato alle imminenti elezioni regionali del 20 e 21 settembre, si nota una strana e apparentemente anomala convergenza tra diversi soggetti, anche chi fino a poco tempo era come il diavolo e l&#8217;acqua santa.<\/p>\n<p>Sembra di vedere un film gi\u00e0 visto, un copione riproposto per altre questioni dove il filo conduttore \u00e8 l&#8217;ubriacatura ideologica collettiva: un popolo lobotomizzato che ha smesso completamente di ragionare.<\/p>\n<p>&nbsp;<\/p>\n<p>E la cosa \u00e8 seria se, ad alzare il gomito, sono anche insospettabili persone, intellettuali di cui mai avrei potuto immaginare prese di posizione in favore di questo obbrobrio democratico.<\/p>\n<p>Ribadisco: il taglio dei parlamentari equivale ad un taglio alla democrazia.<\/p>\n<p>L&#8217;Italia gi\u00e0 occupava i bassifondi della classifica europea per l&#8217;indice del rapporto numero parlamentari\/numero di cittadini (1,6 parlamentari ogni 100.000 abitanti). Con questa demagogia collettiva si scivola agli ultimi posti.<\/p>\n<p><img decoding=\"async\" loading=\"lazy\" class=\"alignnone size-full wp-image-170615\" src=\"https:\/\/www.leccecronaca.it\/wordpress\/wp-content\/uploads\/2020\/08\/FB_IMG_1596960105378.jpg\" alt=\"\" width=\"600\" height=\"675\" srcset=\"https:\/\/www.leccecronaca.it\/wordpress\/wp-content\/uploads\/2020\/08\/FB_IMG_1596960105378.jpg 600w, https:\/\/www.leccecronaca.it\/wordpress\/wp-content\/uploads\/2020\/08\/FB_IMG_1596960105378-267x300.jpg 267w\" sizes=\"(max-width: 600px) 100vw, 600px\" \/><\/p>\n<p>\u00c8 vero, ci sono &#8216;fior di democrazie&#8217; che hanno un rapporto ancora pi\u00f9 basso ma stiamo parlando di confederazione di Stati (Usa) o di Stato federale (Germania), cio\u00e8 tutt&#8217;altro rispetto alla nostra organizzazione.<\/p>\n<p>La riduzione dei costi e degli sprechi, dei privilegi e delle agevolazioni di cui godono i parlamentari, sarebbe stata pi\u00f9 efficace e pi\u00f9 credibile, insieme alla riforma della legge elettorale che non consideri pi\u00f9 nominati dalle segreterie (anzi, dalle lobbies, dai finanziatori e dai centri di potere).<\/p>\n<p>&nbsp;<\/p>\n<p>In futuro le maggiori probabilit\u00e0 d&#8217;ingresso in parlamento saranno per i pi\u00f9 dotati di finanziamenti, i pi\u00f9 potenti ma anche per i pi\u00f9 lecchini e ricattabili (in misura direttamente proporzionale al grado di &#8216;affidabilit\u00e0&#8217; nel dire &#8220;obbedisco&#8221;).<\/p>\n<p>Lo stesso clima abbiamo vissuto durante il dibattito pubblico sul maggioritario, che doveva garantire maggiore stabilit\u00e0, lo stesso clima di ubriacatura collettiva, poi abbiamo visto come \u00e8 andata: dopo l&#8217;introduzione del maggioritario abbiamo quasi avuto il triplo di governi rispetto alle legislature. Il populismo prima o poi intacca un po&#8217; tutti, a quanto pare.<\/p>\n<p>&nbsp;<\/p>\n<p>Vi ricordate la campagna elettorale per i due referendum sul maggioritario? Mario Segni e tutta l&#8217;armata Brancaleone al seguito: &#8220;occorre abolire il proporzionale e passare al sistema maggioritario. Solo cos\u00ec ci potr\u00e0 essere stabilit\u00e0 politica nelle Camere&#8221;.<\/p>\n<p>Il risultato \u00e8 sotto gli occhi di tutti: col maggioritario sono caduti diversi governi perch\u00e9 se non si impedisce il classico &#8220;cambio di casacca&#8221; questo problema ci sar\u00e0 sempre.<\/p>\n<p>&nbsp;<\/p>\n<p>Occorre ribadire il proprio NO al taglio dei parlamentari:\u00a0dire NO al taglio equivale a dire NO alla democrazia pilotata da lobbies e centri di potere nazionale ed internazionale.<\/p>\n<p>L&#8217;Italia \u00e8 stata la culla della civilt\u00e0 e del diritto: sbattiamo fuori dalle nostre vite demagoghi, saltimbanchi e populisti con la loro propaganda da quattro denari che, facendo leva su un legittimo risentimento popolare verso una classe politica vuota, inadeguata, incapace di risolvere le questioni nodali del paese ma capace sempre di depredare risorse e rigenerarsi, vuole in realt\u00e0 dare il colpo di grazia al nostro Paese utilizzando anche la buonafede di quanti cascheranno nel tranello della demagogia e del populismo, come accaduto altre volte in passato.______<\/p>\n<p><img decoding=\"async\" loading=\"lazy\" class=\"alignnone size-full wp-image-170617\" src=\"https:\/\/www.leccecronaca.it\/wordpress\/wp-content\/uploads\/2020\/08\/ca.jpg\" alt=\"\" width=\"830\" height=\"869\" srcset=\"https:\/\/www.leccecronaca.it\/wordpress\/wp-content\/uploads\/2020\/08\/ca.jpg 830w, https:\/\/www.leccecronaca.it\/wordpress\/wp-content\/uploads\/2020\/08\/ca-287x300.jpg 287w, https:\/\/www.leccecronaca.it\/wordpress\/wp-content\/uploads\/2020\/08\/ca-768x804.jpg 768w\" sizes=\"(max-width: 830px) 100vw, 830px\" \/><\/p>\n<p>&nbsp;<\/p>\n<p><strong>Crocifisso Aloisi<\/strong>\u00a0\u00e8 il referente regionale per la Puglia del Movimento\u00a0 24 Agosto Equit\u00e0 Territoriale______<\/p>\n<fb:like href='https:\/\/www.leccecronaca.it\/index.php\/2020\/08\/09\/lintervento-ecco-perche-votero-no-al-referendum\/' send='true' layout='button_count' show_faces='true' width='450' height='65' action='recommend' colorscheme='light' font='lucida grande'><\/fb:like><span class=\"fb_share\"><fb:like href=\"https:\/\/www.leccecronaca.it\/index.php\/2020\/08\/09\/lintervento-ecco-perche-votero-no-al-referendum\/\" layout=\"button_count\"><\/fb:like><\/span>","protected":false},"excerpt":{"rendered":"<p>di Crocifisso Aloisi______ Sul taglio dei parlamentari, oggetto di quesito referendario abbinato alle imminenti elezioni regionali del 20 e 21 settembre, si nota una strana e apparentemente anomala convergenza tra diversi soggetti, anche chi fino a poco tempo era come il diavolo e l&#8217;acqua santa. Sembra di vedere un film gi\u00e0 visto, un copione riproposto [&hellip;]<\/p>\n","protected":false},"author":4,"featured_media":170618,"comment_status":"open","ping_status":"closed","sticky":false,"template":"","format":"standard","meta":[],"categories":[76],"tags":[],"_links":{"self":[{"href":"https:\/\/www.leccecronaca.it\/index.php\/wp-json\/wp\/v2\/posts\/170614"}],"collection":[{"href":"https:\/\/www.leccecronaca.it\/index.php\/wp-json\/wp\/v2\/posts"}],"about":[{"href":"https:\/\/www.leccecronaca.it\/index.php\/wp-json\/wp\/v2\/types\/post"}],"author":[{"embeddable":true,"href":"https:\/\/www.leccecronaca.it\/index.php\/wp-json\/wp\/v2\/users\/4"}],"replies":[{"embeddable":true,"href":"https:\/\/www.leccecronaca.it\/index.php\/wp-json\/wp\/v2\/comments?post=170614"}],"version-history":[{"count":1,"href":"https:\/\/www.leccecronaca.it\/index.php\/wp-json\/wp\/v2\/posts\/170614\/revisions"}],"predecessor-version":[{"id":170619,"href":"https:\/\/www.leccecronaca.it\/index.php\/wp-json\/wp\/v2\/posts\/170614\/revisions\/170619"}],"wp:featuredmedia":[{"embeddable":true,"href":"https:\/\/www.leccecronaca.it\/index.php\/wp-json\/wp\/v2\/media\/170618"}],"wp:attachment":[{"href":"https:\/\/www.leccecronaca.it\/index.php\/wp-json\/wp\/v2\/media?parent=170614"}],"wp:term":[{"taxonomy":"category","embeddable":true,"href":"https:\/\/www.leccecronaca.it\/index.php\/wp-json\/wp\/v2\/categories?post=170614"},{"taxonomy":"post_tag","embeddable":true,"href":"https:\/\/www.leccecronaca.it\/index.php\/wp-json\/wp\/v2\/tags?post=170614"}],"curies":[{"name":"wp","href":"https:\/\/api.w.org\/{rel}","templated":true}]}}