{"id":170813,"date":"2020-08-14T11:12:07","date_gmt":"2020-08-14T09:12:07","guid":{"rendered":"http:\/\/www.leccecronaca.it\/?p=170813"},"modified":"2020-08-14T11:12:07","modified_gmt":"2020-08-14T09:12:07","slug":"145-miliardi-di-euro-siano-destinati-al-sud-italia","status":"publish","type":"post","link":"https:\/\/www.leccecronaca.it\/index.php\/2020\/08\/14\/145-miliardi-di-euro-siano-destinati-al-sud-italia\/","title":{"rendered":"&#8220;145 miliardi di euro siano destinati al Sud Italia&#8221;"},"content":{"rendered":"<p><img decoding=\"async\" loading=\"lazy\" class=\"alignnone size-full wp-image-170814\" src=\"https:\/\/www.leccecronaca.it\/wordpress\/wp-content\/uploads\/2020\/08\/131017494-651c6246-c64e-44a7-93a3-c48e66788b8a.jpg\" alt=\"\" width=\"560\" height=\"315\" srcset=\"https:\/\/www.leccecronaca.it\/wordpress\/wp-content\/uploads\/2020\/08\/131017494-651c6246-c64e-44a7-93a3-c48e66788b8a.jpg 560w, https:\/\/www.leccecronaca.it\/wordpress\/wp-content\/uploads\/2020\/08\/131017494-651c6246-c64e-44a7-93a3-c48e66788b8a-300x169.jpg 300w\" sizes=\"(max-width: 560px) 100vw, 560px\" \/>Riceviamo e volentieri pubblichiamo. Crocifisso Aloisi, referente regionale per la Puglia del Movimento\u00a0 24 Agosto Equit\u00e0 Territoriale, ci manda il seguente comunicato______<\/p>\n<p>Nella giornata di ieri abbiamo recapitato, tramite PEC, questa nota al Presidente della Regione Puglia, Michele Emiliano, ed al Presidente del consiglio regionale, Mario Cosimo Loizzo, con la quale chiediamo una discussione sul Recovery Fund all&#8217;interno degli organi presieduti, giunta regionale e consiglio regionale.<\/p>\n<p>La nostra regione, ma il discorso vale per tutto il Sud, sta subendo le conseguenze negative di decisioni politiche economiche scaturite dalla riforma federalista del titolo V della Costituzione che hanno allargato, come non si era mai visto in passato, il divario Nord Sud Italia.<\/p>\n<p>Come \u00e8 stato scritto all&#8217;interno di uno studio dell&#8217;associazione Amici di Marco Biagi quella riforma &#8220;ha contribuito drammaticamente ad estendere il divario tra Nord e Sud, fino a un livello che ormai, non ha alcun equivalente all\u2019interno dei paesi OCSE\u201d.<\/p>\n<p>Mentre in un altro report prodotto a gennaio del 2020 da EURISPES, \u00e8 stato certificato che queste politiche economiche, approvate trasversalmente da tutti i pi\u00f9 importanti partiti nazionali, hanno comportato uno &#8216;scippo&#8217; di risorse pubbliche ai danni del Sud di almeno 840 miliardi di euro dal 2000 al 2017 per essere utilizzati al Nord centro.<\/p>\n<p>A causa di queste politiche economiche il nostro territorio sta subendo un gravissimo processo di desertificazione umana, sociale, industriale, economica, che sta colpendo tutti i meridionali senza distinzione di appartenenza politica e senza distinzione di censo.<\/p>\n<p>L&#8217;Europa sa benissimo cosa accade ai danni del Sud ed ha pi\u00f9 volte richiamato l&#8217;Italia a rispettare la regola dell&#8217;addizionalit\u00e0 dei fondi nazionali (regola spesso disattesa dal governo nazionale di turno che ha usato i fondi europei destinati al Sud PER SOSTITUIRLI CON I FONDI NAZIONALI che avrebbero dovuto essere destinati in base al criterio della proporzionalit\u00e0 del territorio e della popolazione, oltre che per colmare i gravi gap che stanno distruggendo il Sud Italia).<\/p>\n<p>In questo quadro generale si inserisce il Recovery Fund che l&#8217;UE ha stabilito per il nostro paese nella misura di 209 miliardi di euro. Sono risorse pubbliche che l&#8217;UE ha impegnato per ridurre i gap tra le varie aree d&#8217;Europa.<\/p>\n<p>I parametri che hanno determinato questa cifra sono sostanzialmente 3: tasso di disoccupazione, popolazione residente, pil in misura inversamente proporzionale (cio\u00e8 si considerano le regioni con pil pi\u00f9 basso). Questi parametri hanno fatto si che l&#8217;Italia fosse destinataria di una importante fetta del Recovery Fund europeo.<\/p>\n<p>In base a questi parametri utilizzati dall&#8217;UE ed in considerazione del fatto che esiste l&#8217;indice di interdipendenza economica tra Sud e Nord (cio\u00e8 ogni 100 euro di investimenti al Sud il 41% di questa somma, 41 euro, tornano al Nord come partita di giro) la Commissione Economia del Movimento 24 Agosto &#8211; Equit\u00e0 Territoriale ha calcolato che il Sud \u00e8 destinatario del 70% circa del Recovery Fund, cio\u00e8 circa 145 miliardi di euro.<br \/>\nOgni altra percentuale del Recovery Fund minore a questa \u00c8 UN DANNO ULTERIORE alla nostra Regione ed a tutto il Sud in generale.<\/p>\n<p>Danno che si aggiunge ad altri guasti e che potrebbero addirittura comportare la revoca da parte della Commissione Europea di quella parte del Recovery Fund non utilizzata nelle aree dovute.<\/p>\n<p>Per questo motivo invitiamo le massime istituzioni politiche delle regioni del Sud (copia di questa nota l&#8217;abbiamo prodotta in ogni regione del Sud), a prendere una forte posizione pubblica in difesa di questa battaglia\u00a0 e ad intervenire per evitare altri danni al Sud e a tutto il Paese.<\/p>\n<p>&nbsp;<\/p>\n<p>Crocifisso Aloisi<br \/>\nReferente regionale per la Puglia di M24A Equit\u00e0 Territoriale<\/p>\n<fb:like href='https:\/\/www.leccecronaca.it\/index.php\/2020\/08\/14\/145-miliardi-di-euro-siano-destinati-al-sud-italia\/' send='true' layout='button_count' show_faces='true' width='450' height='65' action='recommend' colorscheme='light' font='lucida grande'><\/fb:like><span class=\"fb_share\"><fb:like href=\"https:\/\/www.leccecronaca.it\/index.php\/2020\/08\/14\/145-miliardi-di-euro-siano-destinati-al-sud-italia\/\" layout=\"button_count\"><\/fb:like><\/span>","protected":false},"excerpt":{"rendered":"<p>Riceviamo e volentieri pubblichiamo. Crocifisso Aloisi, referente regionale per la Puglia del Movimento\u00a0 24 Agosto Equit\u00e0 Territoriale, ci manda il seguente comunicato______ Nella giornata di ieri abbiamo recapitato, tramite PEC, questa nota al Presidente della Regione Puglia, Michele Emiliano, ed al Presidente del consiglio regionale, Mario Cosimo Loizzo, con la quale chiediamo una discussione sul [&hellip;]<\/p>\n","protected":false},"author":4,"featured_media":170814,"comment_status":"open","ping_status":"closed","sticky":false,"template":"","format":"standard","meta":[],"categories":[69,76,36],"tags":[],"_links":{"self":[{"href":"https:\/\/www.leccecronaca.it\/index.php\/wp-json\/wp\/v2\/posts\/170813"}],"collection":[{"href":"https:\/\/www.leccecronaca.it\/index.php\/wp-json\/wp\/v2\/posts"}],"about":[{"href":"https:\/\/www.leccecronaca.it\/index.php\/wp-json\/wp\/v2\/types\/post"}],"author":[{"embeddable":true,"href":"https:\/\/www.leccecronaca.it\/index.php\/wp-json\/wp\/v2\/users\/4"}],"replies":[{"embeddable":true,"href":"https:\/\/www.leccecronaca.it\/index.php\/wp-json\/wp\/v2\/comments?post=170813"}],"version-history":[{"count":1,"href":"https:\/\/www.leccecronaca.it\/index.php\/wp-json\/wp\/v2\/posts\/170813\/revisions"}],"predecessor-version":[{"id":170815,"href":"https:\/\/www.leccecronaca.it\/index.php\/wp-json\/wp\/v2\/posts\/170813\/revisions\/170815"}],"wp:featuredmedia":[{"embeddable":true,"href":"https:\/\/www.leccecronaca.it\/index.php\/wp-json\/wp\/v2\/media\/170814"}],"wp:attachment":[{"href":"https:\/\/www.leccecronaca.it\/index.php\/wp-json\/wp\/v2\/media?parent=170813"}],"wp:term":[{"taxonomy":"category","embeddable":true,"href":"https:\/\/www.leccecronaca.it\/index.php\/wp-json\/wp\/v2\/categories?post=170813"},{"taxonomy":"post_tag","embeddable":true,"href":"https:\/\/www.leccecronaca.it\/index.php\/wp-json\/wp\/v2\/tags?post=170813"}],"curies":[{"name":"wp","href":"https:\/\/api.w.org\/{rel}","templated":true}]}}