{"id":171033,"date":"2020-08-20T13:21:40","date_gmt":"2020-08-20T11:21:40","guid":{"rendered":"http:\/\/www.leccecronaca.it\/?p=171033"},"modified":"2020-08-20T15:27:44","modified_gmt":"2020-08-20T13:27:44","slug":"quegli-anni-memorabili-di-cesare-romiti-alla-fiat","status":"publish","type":"post","link":"https:\/\/www.leccecronaca.it\/index.php\/2020\/08\/20\/quegli-anni-memorabili-di-cesare-romiti-alla-fiat\/","title":{"rendered":"QUEGLI ANNI MEMORABILI DI CESARE ROMITI ALLA FIAT"},"content":{"rendered":"<p><img decoding=\"async\" loading=\"lazy\" class=\"alignnone size-full wp-image-171034\" src=\"https:\/\/www.leccecronaca.it\/wordpress\/wp-content\/uploads\/2020\/08\/455a3340-e11a-11ea-acd5-70237cb78702.jpg\" alt=\"\" width=\"800\" height=\"656\" srcset=\"https:\/\/www.leccecronaca.it\/wordpress\/wp-content\/uploads\/2020\/08\/455a3340-e11a-11ea-acd5-70237cb78702.jpg 800w, https:\/\/www.leccecronaca.it\/wordpress\/wp-content\/uploads\/2020\/08\/455a3340-e11a-11ea-acd5-70237cb78702-300x246.jpg 300w, https:\/\/www.leccecronaca.it\/wordpress\/wp-content\/uploads\/2020\/08\/455a3340-e11a-11ea-acd5-70237cb78702-768x630.jpg 768w\" sizes=\"(max-width: 800px) 100vw, 800px\" \/>di <strong>Elena Vada<\/strong>______<\/p>\n<p>Cesare Romiti, nato a Roma il 24 giugno del 1923, dirigente, imprenditore, editore, \u00e8 morto l&#8217;altro giorno a Milano. I funerali sono stati celebrati, in forma privata, a Cetonia (Siena).<\/p>\n<p>&nbsp;<\/p>\n<p>Era il 1974, e mio pap\u00e0, &#8220;Fiatino doc&#8221;, cos\u00ec commentava, le voci di corridoio:<br \/>\n&#8220;&#8230;Gianni Agnelli,<br \/>\nsi \u00e8 portato un direttore amministrativo in FIAT, che arriva da Roma, per far dispetto al fratello Umberto. Si chiama\u00a0Cesare Romiti&#8221;.<\/p>\n<p>&nbsp;<\/p>\n<p>Erano i tempi in cui, se volevi fare &#8220;carriera&#8221;, in azienda, ti dovevi schierare per uno dei due fratelli Agnelli.<br \/>\nL&#8217;Ufficio del Personale invitava, i dirigenti,\u00a0 a votare\u00a0 &#8220;Partito Repubblicano&#8221;.<br \/>\nSi usava parlare con\u00a0 l&#8217;erre moscia (come l&#8217;Avvocato) e seguire le partite della Juventus, vincitrice del campionato di calcio (tanto per cambiare!). Romiti, comunque, era romanista.<br \/>\nEra di moda la Sardegna (dove si recava, l&#8217; &#8220;Avucat&#8221; in vacanza).<br \/>\nMolto chic:\u00a0 la barca a vela.<\/p>\n<p>&nbsp;<\/p>\n<p>Cesare Romiti, \u00e8 davvero una svolta\u00a0 per la Fiat. La risolleva dalla catastrofe economica.\u00a0 Miliardi di deficit . Smantella un complesso industriale ingovernabile. Inizia la robotizzazione. Decongestiona lo stabilimento di Mirafiori, ricollocando gli operai in fabbriche pi\u00f9 piccole. Combatte dure battaglie coi Sindacati, tanto da venir soprannominato, da Luciano Lama, (CGIL) &#8220;l&#8217;estremista dell&#8217;impresa&#8221;.<br \/>\nIl &#8220;Financial Times&#8221; l&#8217;ha eletto l&#8217;Uomo del decennio Ottanta.<br \/>\nA Romiti si devono lo sforzo e l&#8217;impegno, per l&#8217; internazionalizzazione, della Fiat.<\/p>\n<p>&nbsp;<\/p>\n<p>Chiamato anche &#8220;Romiti-Rambo o Manager di Ferro&#8221;<br \/>\nNon aveva un carattere facile.<br \/>\nFamosi i dissidi con l&#8217;ingegner Ghidella e Montezemolo che &#8220;liquid\u00f3&#8221; diplomaticamente, ma con clamore.<\/p>\n<p>Venticinque anni vissuti in FIAT. (sedici ore al giorno, si racconta).<\/p>\n<p>Alla casa automobilistica torinese ha dato il cuore ed ha lasciato il cuore.<br \/>\nTorino e i torinesi ricorderanno, questo grande dirigente e &#8220;campione d&#8217;incassi Fiat&#8221; con infinita gratitudine.<\/p>\n<p>&nbsp;<\/p>\n<p>&nbsp;<\/p>\n<p>&nbsp;<\/p>\n<p>&nbsp;<\/p>\n<p>&nbsp;<\/p>\n<p>&nbsp;<\/p>\n<fb:like href='https:\/\/www.leccecronaca.it\/index.php\/2020\/08\/20\/quegli-anni-memorabili-di-cesare-romiti-alla-fiat\/' send='true' layout='button_count' show_faces='true' width='450' height='65' action='recommend' colorscheme='light' font='lucida grande'><\/fb:like><span class=\"fb_share\"><fb:like href=\"https:\/\/www.leccecronaca.it\/index.php\/2020\/08\/20\/quegli-anni-memorabili-di-cesare-romiti-alla-fiat\/\" layout=\"button_count\"><\/fb:like><\/span>","protected":false},"excerpt":{"rendered":"<p>di Elena Vada______ Cesare Romiti, nato a Roma il 24 giugno del 1923, dirigente, imprenditore, editore, \u00e8 morto l&#8217;altro giorno a Milano. I funerali sono stati celebrati, in forma privata, a Cetonia (Siena). &nbsp; Era il 1974, e mio pap\u00e0, &#8220;Fiatino doc&#8221;, cos\u00ec commentava, le voci di corridoio: &#8220;&#8230;Gianni Agnelli, si \u00e8 portato un direttore [&hellip;]<\/p>\n","protected":false},"author":4,"featured_media":171034,"comment_status":"open","ping_status":"closed","sticky":false,"template":"","format":"standard","meta":[],"categories":[69,31],"tags":[],"_links":{"self":[{"href":"https:\/\/www.leccecronaca.it\/index.php\/wp-json\/wp\/v2\/posts\/171033"}],"collection":[{"href":"https:\/\/www.leccecronaca.it\/index.php\/wp-json\/wp\/v2\/posts"}],"about":[{"href":"https:\/\/www.leccecronaca.it\/index.php\/wp-json\/wp\/v2\/types\/post"}],"author":[{"embeddable":true,"href":"https:\/\/www.leccecronaca.it\/index.php\/wp-json\/wp\/v2\/users\/4"}],"replies":[{"embeddable":true,"href":"https:\/\/www.leccecronaca.it\/index.php\/wp-json\/wp\/v2\/comments?post=171033"}],"version-history":[{"count":1,"href":"https:\/\/www.leccecronaca.it\/index.php\/wp-json\/wp\/v2\/posts\/171033\/revisions"}],"predecessor-version":[{"id":171035,"href":"https:\/\/www.leccecronaca.it\/index.php\/wp-json\/wp\/v2\/posts\/171033\/revisions\/171035"}],"wp:featuredmedia":[{"embeddable":true,"href":"https:\/\/www.leccecronaca.it\/index.php\/wp-json\/wp\/v2\/media\/171034"}],"wp:attachment":[{"href":"https:\/\/www.leccecronaca.it\/index.php\/wp-json\/wp\/v2\/media?parent=171033"}],"wp:term":[{"taxonomy":"category","embeddable":true,"href":"https:\/\/www.leccecronaca.it\/index.php\/wp-json\/wp\/v2\/categories?post=171033"},{"taxonomy":"post_tag","embeddable":true,"href":"https:\/\/www.leccecronaca.it\/index.php\/wp-json\/wp\/v2\/tags?post=171033"}],"curies":[{"name":"wp","href":"https:\/\/api.w.org\/{rel}","templated":true}]}}