{"id":171230,"date":"2020-08-25T00:04:54","date_gmt":"2020-08-24T22:04:54","guid":{"rendered":"http:\/\/www.leccecronaca.it\/?p=171230"},"modified":"2020-08-24T16:20:23","modified_gmt":"2020-08-24T14:20:23","slug":"novita-editoriali-di-poce-sulle-icone-pop-mauro-rea","status":"publish","type":"post","link":"https:\/\/www.leccecronaca.it\/index.php\/2020\/08\/25\/novita-editoriali-di-poce-sulle-icone-pop-mauro-rea\/","title":{"rendered":"NOVITA&#8217; EDITORIALI \/ DI POCE SULL&#8217;ICONA POP MAURO REA"},"content":{"rendered":"<p><img decoding=\"async\" loading=\"lazy\" class=\"alignnone wp-image-171231 size-medium\" src=\"https:\/\/www.leccecronaca.it\/wordpress\/wp-content\/uploads\/2020\/08\/foto-Di-Poce-300x300.jpg\" alt=\"\" width=\"300\" height=\"300\" srcset=\"https:\/\/www.leccecronaca.it\/wordpress\/wp-content\/uploads\/2020\/08\/foto-Di-Poce-300x300.jpg 300w, https:\/\/www.leccecronaca.it\/wordpress\/wp-content\/uploads\/2020\/08\/foto-Di-Poce-150x150.jpg 150w, https:\/\/www.leccecronaca.it\/wordpress\/wp-content\/uploads\/2020\/08\/foto-Di-Poce-768x768.jpg 768w, https:\/\/www.leccecronaca.it\/wordpress\/wp-content\/uploads\/2020\/08\/foto-Di-Poce-60x60.jpg 60w, https:\/\/www.leccecronaca.it\/wordpress\/wp-content\/uploads\/2020\/08\/foto-Di-Poce.jpg 945w\" sizes=\"(max-width: 300px) 100vw, 300px\" \/>di\u00a0<strong>Stefano Donno<\/strong>______<\/p>\n<p>Mauro Rea, diplomato al Liceo Artistico di Cassino e all&#8217;Accademia di Belle Arti di Frosinone, \u00e8 abilitato in Discipline pittoriche, Disegno e Storia dell&#8217;Arte. Ha ordinato mostre per il Ministero per i Beni e le attivit\u00e0 culturali. Ha esposto le sue opere in prestigiose sedi espositive in Italia e all\u2019estero.<\/p>\n<p>I Quaderni del Bardo Edizioni sono lieti di annunciarvi la pubblicazione del libro di Critica d\u2019Arte di <strong>Donato Di Poce<\/strong>:\u00a0<strong><em>Mauro Rea:Icone Pop<\/em><\/strong><\/p>\n<p>Come scrive l&#8217;autore <em>&#8220;Il furore CreAttivo e sperimentale di Mauro Rea, non smette di stupire e di regalarci nuove sorprese e rivelAzioni, e questa raccolta di piccoli capolavori (perlopi\u00f9 polimaterici su legno di circa 20x 40), vere e proprie \u201cIcone POP\u201d finalmente in mostra, ne sono la testimonianza. In realt\u00e0 si tratta di sedimentazioni e accumulazioni carsiche che nel tempo Rea ha sapientemente elaborato e accumulato come un alfabeto iconico raccolto dalla strada(lattine di Coca Cola schiacciate e sapientemente e Duchampianamente decontestualizzate), per diventare matrice e logos di una rinascita materica ed estetica. Chiariamo subito che l\u2019utilizzo del banale quotidiano che opera Rea non \u00e8 da ricondurre alla serialit\u00e0 filosofica e concettuale dei Brillo Box di Warhol, semmai allo stordimento esistenziale di Baquiat e alle contaminazioni ludiche di Haring.<\/em><\/p>\n<p><em>E qui si evidenzia con forza e leggerezza, turbamento e grazia poetica, questo precoce maestro neo-futurista, neodada, neo-pop e patafisico che \u00e8 Mauro Rea, con tutta la forza eversiva e sovversiva, lavica e incantatoria di un outsider che sceglie di rimanere libero e non inglobato dal sistema dell\u2019Arte, come un ragazzo pasoliniano che ha attraversato tutti gli alfabeti dell\u2019avanguardia, ma che rimane incantato dalla forza lavica della materia di Burri(plastiche bruciate), Mastroianni(cartoni polimaterici), Raushenberg(Assemblage oggettuale), Spoerri(etnosincretismi), Baj(eresia ludica e patafisica dei generali). Ma l\u2019originalit\u00e0 di Rea, che ne fa anche la sua unicit\u00e0 e grandezza nel panorama artistico contemporaneo \u00e8 la sua capacit\u00e0 di contaminare la materia con le sue visioni interiori, con il suo vissuto esistenziale e la sua tecnica artigianale sapientemente appresa da ragazzo dai maestri carnevaleschi ciociari. Infatti Rea ha travasato le suggestioni dei suoi idoli ed eroi di cartapesta, nelle attuali icone pop, che trasudano redenzione ed estasi, implosioni oniriche e colate emozionali, di grande valenza emotiva&#8221;.<\/em><\/p>\n<p>&nbsp;<\/p>\n<p>Il libro \u00e8 caratterizzato da un corpus di\u00a0saggi dell\u2019autore e un\u2019intervista a Mauro Rea, la sezione dedicata\u00a0all\u2019installazione \u201dLa Stanza di Arles\u201d,\u00a0con introduzione di Sandro Montalto\u00a0e con Aforismi e poesie\u00a0di Donato Di Poce dedicate a\u00a0REA\/VAN GOGH,\u00a0un\u00a0album fotografico\u00a0ed un importante\u00a0Apparato critico.<\/p>\n<p><img decoding=\"async\" loading=\"lazy\" class=\"alignnone size-large wp-image-171232\" src=\"https:\/\/www.leccecronaca.it\/wordpress\/wp-content\/uploads\/2020\/08\/Icone-Pop_Cover-1024x1024.png\" alt=\"\" width=\"1024\" height=\"1024\" srcset=\"https:\/\/www.leccecronaca.it\/wordpress\/wp-content\/uploads\/2020\/08\/Icone-Pop_Cover-1024x1024.png 1024w, https:\/\/www.leccecronaca.it\/wordpress\/wp-content\/uploads\/2020\/08\/Icone-Pop_Cover-300x300.png 300w, https:\/\/www.leccecronaca.it\/wordpress\/wp-content\/uploads\/2020\/08\/Icone-Pop_Cover-150x150.png 150w, https:\/\/www.leccecronaca.it\/wordpress\/wp-content\/uploads\/2020\/08\/Icone-Pop_Cover-768x768.png 768w, https:\/\/www.leccecronaca.it\/wordpress\/wp-content\/uploads\/2020\/08\/Icone-Pop_Cover-1536x1536.png 1536w, https:\/\/www.leccecronaca.it\/wordpress\/wp-content\/uploads\/2020\/08\/Icone-Pop_Cover-60x60.png 60w, https:\/\/www.leccecronaca.it\/wordpress\/wp-content\/uploads\/2020\/08\/Icone-Pop_Cover.png 2048w\" sizes=\"(max-width: 1024px) 100vw, 1024px\" \/><\/p>\n<p>mail: iquadernidelbardoed@libero.it<\/p>\n<p>&nbsp;<\/p>\n<p>&nbsp;<\/p>\n<p>&nbsp;<\/p>\n<p>&nbsp;<\/p>\n<fb:like href='https:\/\/www.leccecronaca.it\/index.php\/2020\/08\/25\/novita-editoriali-di-poce-sulle-icone-pop-mauro-rea\/' send='true' layout='button_count' show_faces='true' width='450' height='65' action='recommend' colorscheme='light' font='lucida grande'><\/fb:like><span class=\"fb_share\"><fb:like href=\"https:\/\/www.leccecronaca.it\/index.php\/2020\/08\/25\/novita-editoriali-di-poce-sulle-icone-pop-mauro-rea\/\" layout=\"button_count\"><\/fb:like><\/span>","protected":false},"excerpt":{"rendered":"<p>di\u00a0Stefano Donno______ Mauro Rea, diplomato al Liceo Artistico di Cassino e all&#8217;Accademia di Belle Arti di Frosinone, \u00e8 abilitato in Discipline pittoriche, Disegno e Storia dell&#8217;Arte. Ha ordinato mostre per il Ministero per i Beni e le attivit\u00e0 culturali. Ha esposto le sue opere in prestigiose sedi espositive in Italia e all\u2019estero. I Quaderni del [&hellip;]<\/p>\n","protected":false},"author":4,"featured_media":171231,"comment_status":"open","ping_status":"closed","sticky":false,"template":"","format":"standard","meta":[],"categories":[31,57],"tags":[],"_links":{"self":[{"href":"https:\/\/www.leccecronaca.it\/index.php\/wp-json\/wp\/v2\/posts\/171230"}],"collection":[{"href":"https:\/\/www.leccecronaca.it\/index.php\/wp-json\/wp\/v2\/posts"}],"about":[{"href":"https:\/\/www.leccecronaca.it\/index.php\/wp-json\/wp\/v2\/types\/post"}],"author":[{"embeddable":true,"href":"https:\/\/www.leccecronaca.it\/index.php\/wp-json\/wp\/v2\/users\/4"}],"replies":[{"embeddable":true,"href":"https:\/\/www.leccecronaca.it\/index.php\/wp-json\/wp\/v2\/comments?post=171230"}],"version-history":[{"count":2,"href":"https:\/\/www.leccecronaca.it\/index.php\/wp-json\/wp\/v2\/posts\/171230\/revisions"}],"predecessor-version":[{"id":171234,"href":"https:\/\/www.leccecronaca.it\/index.php\/wp-json\/wp\/v2\/posts\/171230\/revisions\/171234"}],"wp:featuredmedia":[{"embeddable":true,"href":"https:\/\/www.leccecronaca.it\/index.php\/wp-json\/wp\/v2\/media\/171231"}],"wp:attachment":[{"href":"https:\/\/www.leccecronaca.it\/index.php\/wp-json\/wp\/v2\/media?parent=171230"}],"wp:term":[{"taxonomy":"category","embeddable":true,"href":"https:\/\/www.leccecronaca.it\/index.php\/wp-json\/wp\/v2\/categories?post=171230"},{"taxonomy":"post_tag","embeddable":true,"href":"https:\/\/www.leccecronaca.it\/index.php\/wp-json\/wp\/v2\/tags?post=171230"}],"curies":[{"name":"wp","href":"https:\/\/api.w.org\/{rel}","templated":true}]}}