{"id":171258,"date":"2020-08-26T00:03:28","date_gmt":"2020-08-25T22:03:28","guid":{"rendered":"http:\/\/www.leccecronaca.it\/?p=171258"},"modified":"2020-08-26T22:16:23","modified_gmt":"2020-08-26T20:16:23","slug":"la-poetessa-elisa-longo-venerdi-28-a-lecce-ospite-delleditore-salentino-stefano-donno-in-una-serata-spettacolo-con-reading-teatrale","status":"publish","type":"post","link":"https:\/\/www.leccecronaca.it\/index.php\/2020\/08\/26\/la-poetessa-elisa-longo-venerdi-28-a-lecce-ospite-delleditore-salentino-stefano-donno-in-una-serata-spettacolo-con-reading-teatrale\/","title":{"rendered":"LA POETESSA ELISA LONGO VENERDI&#8217; 28 A LECCE, OSPITE DELL&#8217;EDITORE SALENTINO STEFANO DONNO IN UNA SERATA SPETTACOLO DI POESIA CON READING  TEATRALE"},"content":{"rendered":"<p><img decoding=\"async\" loading=\"lazy\" class=\"alignnone size-full wp-image-171259\" src=\"https:\/\/www.leccecronaca.it\/wordpress\/wp-content\/uploads\/2020\/08\/89180504_10222442984282299_886722721545715712_o.jpg\" alt=\"\" width=\"960\" height=\"960\" srcset=\"https:\/\/www.leccecronaca.it\/wordpress\/wp-content\/uploads\/2020\/08\/89180504_10222442984282299_886722721545715712_o.jpg 960w, https:\/\/www.leccecronaca.it\/wordpress\/wp-content\/uploads\/2020\/08\/89180504_10222442984282299_886722721545715712_o-300x300.jpg 300w, https:\/\/www.leccecronaca.it\/wordpress\/wp-content\/uploads\/2020\/08\/89180504_10222442984282299_886722721545715712_o-150x150.jpg 150w, https:\/\/www.leccecronaca.it\/wordpress\/wp-content\/uploads\/2020\/08\/89180504_10222442984282299_886722721545715712_o-768x768.jpg 768w, https:\/\/www.leccecronaca.it\/wordpress\/wp-content\/uploads\/2020\/08\/89180504_10222442984282299_886722721545715712_o-60x60.jpg 60w\" sizes=\"(max-width: 960px) 100vw, 960px\" \/>(Rdl)______Venerd\u00ec 28 agosto, alle 19, a Lecce, al Caff\u00e8 Astoria, in piazza Italia 28, di fronte Porta Rudiae, si terr\u00e0 la presentazione del libro <strong><em>Ho sbagliato tutto perch\u00e9 lo vedevo con i miei occhi<\/em> <\/strong>(i Quaderni del Bardo Edizioni di Stefano Donno), la nuova opera della poetessa\u00a0<strong>Elisa Longo<\/strong>, che racconta l\u2019amore, la vita e gli sbandamenti rovinosi causati dalla perdita di punti di riferimento.<\/p>\n<p>In collaborazione con Compagnia Teatrale Scena Muta di Copertino e Fondo Verri di Lecce. Presentano l\u2019autrice la poetessa e critica letteraria Chiara Evangelista e il poeta e operatore culturale Mauro Marino.<\/p>\n<p>Letture a cura degli attori di Scena Muta con il Maestro Ivan Raganato, e gli attori Maria Antonietta Vacca, Clara Camisa, Carmen Leo<\/p>\n<p>&nbsp;<\/p>\n<p>Dopo <em>Buttate la poesia tra le gambe di una donna che passeggia<\/em> l\u2019autrice Elisa Longo racconta l\u2019amore, la vita e gli sbandamenti rovinosi causati dalla perdita di punti di riferimento. Una poetica che celebra i tentativi, le scelte, le rinunce, gli inciampi immancabili del quotidiano. La poetica di Elisa Longo \u201c&#8230;\u00e8 un guardarsi dentro come solo modo di vedere il reale fuori.\u201d Cos\u00ec scrive Enrico Mari\u00e0 nella prefazione. \u00abI miei tentativi amorosi sono passati dal realismo estremo a scorpacciate di fantasia, ho iniziato a chiedermi se vediamo tutto e solo con gli occhi.\u00bb<\/p>\n<p>&nbsp;<\/p>\n<p>&nbsp;<\/p>\n<p>Elisa Longo nasce a Tradate in provincia di Varese il 14 maggio 1974 da genitori pugliesi. Cresce e respira l\u2019aria di Panni, un paesino a 800 metri sul livello del mare nel Subappennino Dauno. Si laurea in lingue e letterature straniere all\u2019Universit\u00e0 Cattolica di Milano.<\/p>\n<p>Scrittrice di racconti e poesie, partecipa alla prima lettura pubblica a novembre 2017. Il pubblico si incuriosisce e comincia a interessarsi alla sua poetica che sembra emergere dal nulla.<\/p>\n<p><img decoding=\"async\" loading=\"lazy\" class=\"alignnone size-full wp-image-171260\" src=\"https:\/\/www.leccecronaca.it\/wordpress\/wp-content\/uploads\/2020\/08\/41DK1ySMYdL._SX331_BO1204203200_.jpg\" alt=\"\" width=\"333\" height=\"499\" srcset=\"https:\/\/www.leccecronaca.it\/wordpress\/wp-content\/uploads\/2020\/08\/41DK1ySMYdL._SX331_BO1204203200_.jpg 333w, https:\/\/www.leccecronaca.it\/wordpress\/wp-content\/uploads\/2020\/08\/41DK1ySMYdL._SX331_BO1204203200_-200x300.jpg 200w\" sizes=\"(max-width: 333px) 100vw, 333px\" \/><\/p>\n<p>&nbsp;<\/p>\n<p>Amazon<\/p>\n<p><a href=\"https:\/\/www.amazon.it\/dp\/B086Y7D4FC\/ref=sr_1_5?__mk_it_IT=%C3%85M%C3%85%C5%BD%C3%95%C3%91&amp;dchild=1&amp;keywords=Elisa+Longo&amp;qid=1586703722&amp;s=books&amp;sr=1-5\">https:\/\/www.amazon.it\/dp\/B086Y7D4FC\/ref=sr_1_5?__mk_it_IT=%C3%85M%C3%85%C5%BD%C3%95%C3%91&amp;dchild=1&amp;keywords=Elisa+Longo&amp;qid=1586703722&amp;s=books&amp;sr=1-5\u00a0<\/a><\/p>\n<p>______<\/p>\n<p>L&#8217;APPROFONDIMENTO nel nostro articolo del 24 aprile scorso<\/p>\n<blockquote class=\"wp-embedded-content\" data-secret=\"d1AbXayuJ3\"><p><a href=\"https:\/\/www.leccecronaca.it\/index.php\/2020\/04\/24\/elisa\/\">INVITO ALLA LETTURA. ANATOMIA SENTIMENTALE DI ELISA LONGO: RITRATTO DI TESTA, GAMBE, OCCHI E CUORE DELLA POETESSA LOMBARDA, SORPRENDENTE SCOPERTA DELL&#8217;EDITORE SALENTINO STEFANO DONNO<\/a><\/p><\/blockquote>\n<p><iframe class=\"wp-embedded-content\" sandbox=\"allow-scripts\" security=\"restricted\" style=\"position: absolute; clip: rect(1px, 1px, 1px, 1px);\" src=\"https:\/\/www.leccecronaca.it\/index.php\/2020\/04\/24\/elisa\/embed\/#?secret=d1AbXayuJ3\" data-secret=\"d1AbXayuJ3\" width=\"500\" height=\"282\" title=\"&#8220;INVITO ALLA LETTURA. ANATOMIA SENTIMENTALE DI ELISA LONGO: RITRATTO DI TESTA, GAMBE, OCCHI E CUORE DELLA POETESSA LOMBARDA, SORPRENDENTE SCOPERTA DELL&#8217;EDITORE SALENTINO STEFANO DONNO&#8221; &#8212; LecceCronaca.it\" frameborder=\"0\" marginwidth=\"0\" marginheight=\"0\" scrolling=\"no\"><\/iframe><\/p>\n<p>&nbsp;<\/p>\n<p>&nbsp;<\/p>\n<p>&nbsp;<\/p>\n<p>&nbsp;<\/p>\n<p>&nbsp;<\/p>\n<fb:like href='https:\/\/www.leccecronaca.it\/index.php\/2020\/08\/26\/la-poetessa-elisa-longo-venerdi-28-a-lecce-ospite-delleditore-salentino-stefano-donno-in-una-serata-spettacolo-con-reading-teatrale\/' send='true' layout='button_count' show_faces='true' width='450' height='65' action='recommend' colorscheme='light' font='lucida grande'><\/fb:like><span class=\"fb_share\"><fb:like href=\"https:\/\/www.leccecronaca.it\/index.php\/2020\/08\/26\/la-poetessa-elisa-longo-venerdi-28-a-lecce-ospite-delleditore-salentino-stefano-donno-in-una-serata-spettacolo-con-reading-teatrale\/\" layout=\"button_count\"><\/fb:like><\/span>","protected":false},"excerpt":{"rendered":"<p>(Rdl)______Venerd\u00ec 28 agosto, alle 19, a Lecce, al Caff\u00e8 Astoria, in piazza Italia 28, di fronte Porta Rudiae, si terr\u00e0 la presentazione del libro Ho sbagliato tutto perch\u00e9 lo vedevo con i miei occhi (i Quaderni del Bardo Edizioni di Stefano Donno), la nuova opera della poetessa\u00a0Elisa Longo, che racconta l\u2019amore, la vita e gli [&hellip;]<\/p>\n","protected":false},"author":4,"featured_media":171259,"comment_status":"open","ping_status":"closed","sticky":false,"template":"","format":"standard","meta":[],"categories":[31,75,57],"tags":[],"_links":{"self":[{"href":"https:\/\/www.leccecronaca.it\/index.php\/wp-json\/wp\/v2\/posts\/171258"}],"collection":[{"href":"https:\/\/www.leccecronaca.it\/index.php\/wp-json\/wp\/v2\/posts"}],"about":[{"href":"https:\/\/www.leccecronaca.it\/index.php\/wp-json\/wp\/v2\/types\/post"}],"author":[{"embeddable":true,"href":"https:\/\/www.leccecronaca.it\/index.php\/wp-json\/wp\/v2\/users\/4"}],"replies":[{"embeddable":true,"href":"https:\/\/www.leccecronaca.it\/index.php\/wp-json\/wp\/v2\/comments?post=171258"}],"version-history":[{"count":3,"href":"https:\/\/www.leccecronaca.it\/index.php\/wp-json\/wp\/v2\/posts\/171258\/revisions"}],"predecessor-version":[{"id":171349,"href":"https:\/\/www.leccecronaca.it\/index.php\/wp-json\/wp\/v2\/posts\/171258\/revisions\/171349"}],"wp:featuredmedia":[{"embeddable":true,"href":"https:\/\/www.leccecronaca.it\/index.php\/wp-json\/wp\/v2\/media\/171259"}],"wp:attachment":[{"href":"https:\/\/www.leccecronaca.it\/index.php\/wp-json\/wp\/v2\/media?parent=171258"}],"wp:term":[{"taxonomy":"category","embeddable":true,"href":"https:\/\/www.leccecronaca.it\/index.php\/wp-json\/wp\/v2\/categories?post=171258"},{"taxonomy":"post_tag","embeddable":true,"href":"https:\/\/www.leccecronaca.it\/index.php\/wp-json\/wp\/v2\/tags?post=171258"}],"curies":[{"name":"wp","href":"https:\/\/api.w.org\/{rel}","templated":true}]}}