{"id":171366,"date":"2020-08-27T13:40:08","date_gmt":"2020-08-27T11:40:08","guid":{"rendered":"http:\/\/www.leccecronaca.it\/?p=171366"},"modified":"2020-08-27T13:42:10","modified_gmt":"2020-08-27T11:42:10","slug":"noi-uniti-loro-divisi","status":"publish","type":"post","link":"https:\/\/www.leccecronaca.it\/index.php\/2020\/08\/27\/noi-uniti-loro-divisi\/","title":{"rendered":"&#8216;NOI UNITI, LORO DIVISI&#8217;"},"content":{"rendered":"<p><img decoding=\"async\" loading=\"lazy\" class=\"alignnone size-full wp-image-171367\" src=\"https:\/\/www.leccecronaca.it\/wordpress\/wp-content\/uploads\/2020\/08\/118517531_10158144563286939_4063285544036996959_o.jpg\" alt=\"\" width=\"960\" height=\"752\" srcset=\"https:\/\/www.leccecronaca.it\/wordpress\/wp-content\/uploads\/2020\/08\/118517531_10158144563286939_4063285544036996959_o.jpg 960w, https:\/\/www.leccecronaca.it\/wordpress\/wp-content\/uploads\/2020\/08\/118517531_10158144563286939_4063285544036996959_o-300x235.jpg 300w, https:\/\/www.leccecronaca.it\/wordpress\/wp-content\/uploads\/2020\/08\/118517531_10158144563286939_4063285544036996959_o-768x602.jpg 768w\" sizes=\"(max-width: 960px) 100vw, 960px\" \/>(Rdl)______<em>&#8220;In Puglia da una parte c&#8217;\u00e8 un centrodestra che sta insieme per scelta, perch\u00e9 ha una visione comune, compatibile, perch\u00e9 da sempre governa insieme nelle Regioni, nei comuni e quando \u00e8 stata al governo nazionale; dall&#8217;altra abbiamo una compagine di governo di gente che sostanzialmente si sputa in faccia dalla mattina alla sera, che dichiara di schifarsi&#8221;. <\/em><\/p>\n<p>E&#8217; una delle affermazioni della leader di Fratelli d&#8217;Italia, Giorgia Meloni, ieri a Bari per un incontro elettorale per le prossime elezioni a sostegno del candidato del centrodestra Raffaele Fitto (insieme nella foto).<\/p>\n<p>Qualche altro passaggio del suo discorso:<\/p>\n<p><em>&#8220;Per me \u00e8 una grande fotografia il fatto che la compagine che sostiene Conte al Governo della nazione qui abbia quattro candidati che corrono l&#8217;uno contro l&#8217;altro insultandosi e che quando dicono di stare insieme, lo dicono solo per impedire ai cittadini di mandare al governo chi vorrebbero mandarci, cio\u00e8 noi. Noi siamo insieme per visione per idee e per scelta, loro stanno insieme per interesse e per mantenersi al potere.<\/em><\/p>\n<p><em>Il risultato della Puglia a livello nazionale penso che avr\u00e0 un grande peso, innanzitutto per i pugliesi che meritano molto di pi\u00f9 in una regione che in questi mesi da Michele Emiliano \u00e8 stata trasformata in una sorta di assumificio di amici e parenti con la moltiplicazione delle agenzie che servivano a moltiplicare le assunzioni di pi\u00f9 gente possibile e comprare cos\u00ec il suo consenso. Perch\u00e9 questa \u00e8 una regione che ha dato risultati pessimi e pu\u00f2 avere molto di pi\u00f9&#8221;.\u00a0<\/em><\/p>\n<fb:like href='https:\/\/www.leccecronaca.it\/index.php\/2020\/08\/27\/noi-uniti-loro-divisi\/' send='true' layout='button_count' show_faces='true' width='450' height='65' action='recommend' colorscheme='light' font='lucida grande'><\/fb:like><span class=\"fb_share\"><fb:like href=\"https:\/\/www.leccecronaca.it\/index.php\/2020\/08\/27\/noi-uniti-loro-divisi\/\" layout=\"button_count\"><\/fb:like><\/span>","protected":false},"excerpt":{"rendered":"<p>(Rdl)______&#8220;In Puglia da una parte c&#8217;\u00e8 un centrodestra che sta insieme per scelta, perch\u00e9 ha una visione comune, compatibile, perch\u00e9 da sempre governa insieme nelle Regioni, nei comuni e quando \u00e8 stata al governo nazionale; dall&#8217;altra abbiamo una compagine di governo di gente che sostanzialmente si sputa in faccia dalla mattina alla sera, che dichiara [&hellip;]<\/p>\n","protected":false},"author":4,"featured_media":171367,"comment_status":"open","ping_status":"closed","sticky":false,"template":"","format":"standard","meta":[],"categories":[76],"tags":[],"_links":{"self":[{"href":"https:\/\/www.leccecronaca.it\/index.php\/wp-json\/wp\/v2\/posts\/171366"}],"collection":[{"href":"https:\/\/www.leccecronaca.it\/index.php\/wp-json\/wp\/v2\/posts"}],"about":[{"href":"https:\/\/www.leccecronaca.it\/index.php\/wp-json\/wp\/v2\/types\/post"}],"author":[{"embeddable":true,"href":"https:\/\/www.leccecronaca.it\/index.php\/wp-json\/wp\/v2\/users\/4"}],"replies":[{"embeddable":true,"href":"https:\/\/www.leccecronaca.it\/index.php\/wp-json\/wp\/v2\/comments?post=171366"}],"version-history":[{"count":2,"href":"https:\/\/www.leccecronaca.it\/index.php\/wp-json\/wp\/v2\/posts\/171366\/revisions"}],"predecessor-version":[{"id":171369,"href":"https:\/\/www.leccecronaca.it\/index.php\/wp-json\/wp\/v2\/posts\/171366\/revisions\/171369"}],"wp:featuredmedia":[{"embeddable":true,"href":"https:\/\/www.leccecronaca.it\/index.php\/wp-json\/wp\/v2\/media\/171367"}],"wp:attachment":[{"href":"https:\/\/www.leccecronaca.it\/index.php\/wp-json\/wp\/v2\/media?parent=171366"}],"wp:term":[{"taxonomy":"category","embeddable":true,"href":"https:\/\/www.leccecronaca.it\/index.php\/wp-json\/wp\/v2\/categories?post=171366"},{"taxonomy":"post_tag","embeddable":true,"href":"https:\/\/www.leccecronaca.it\/index.php\/wp-json\/wp\/v2\/tags?post=171366"}],"curies":[{"name":"wp","href":"https:\/\/api.w.org\/{rel}","templated":true}]}}