{"id":171544,"date":"2020-09-02T00:02:53","date_gmt":"2020-09-01T22:02:53","guid":{"rendered":"http:\/\/www.leccecronaca.it\/?p=171544"},"modified":"2020-09-01T13:40:51","modified_gmt":"2020-09-01T11:40:51","slug":"la-storia-della-birra-e-degustazioni-di-prodotti-artigianali-a-nardo-domenica-6","status":"publish","type":"post","link":"https:\/\/www.leccecronaca.it\/index.php\/2020\/09\/02\/la-storia-della-birra-e-degustazioni-di-prodotti-artigianali-a-nardo-domenica-6\/","title":{"rendered":"LA STORIA DELLA BIRRA NEI SECOLI E DEGUSTAZIONI DI PRODOTTI ARTIGIANALI A NARDO&#8217; DOMENICA 6"},"content":{"rendered":"<p><img decoding=\"async\" loading=\"lazy\" class=\"alignnone size-full wp-image-171545\" src=\"https:\/\/www.leccecronaca.it\/wordpress\/wp-content\/uploads\/2020\/09\/birra-artigianale-960x600.jpg\" alt=\"\" width=\"960\" height=\"600\" srcset=\"https:\/\/www.leccecronaca.it\/wordpress\/wp-content\/uploads\/2020\/09\/birra-artigianale-960x600.jpg 960w, https:\/\/www.leccecronaca.it\/wordpress\/wp-content\/uploads\/2020\/09\/birra-artigianale-960x600-300x188.jpg 300w, https:\/\/www.leccecronaca.it\/wordpress\/wp-content\/uploads\/2020\/09\/birra-artigianale-960x600-768x480.jpg 768w\" sizes=\"(max-width: 960px) 100vw, 960px\" \/>(Rdl)______<\/p>\n<p>&nbsp;<\/p>\n<p>Quante\u00a0 storie per una birra: alla scoperta di tutto ci\u00f2 che \u00e8 passato nel boccale dall\u2019antichit\u00e0 ai giorni nostri.\u00a0Una serata per ripercorrere la storia della bevanda fermentata pi\u00f9 diffusa al mondo, dall&#8217;antichit\u00e0 sino al moderno concetto di birra artigianale.<\/p>\n<p>&nbsp;<\/p>\n<p>Quando \u00e8 nata la birra? Chi l\u2019ha inventata? Dove e come si beveva birra in antichit\u00e0? Qual \u00e8 il segreto del successo di questa bevanda fermentata che \u00e8 passata indenne attraverso i secoli e le civilt\u00e0? Dai Babilonesi agli Egizi, dai Greci ai Romani, dai Celti ai Messapi, sino ai monaci e ai loro monasteri. La birra, bevanda sociale per eccellenza, al centro della storia dell\u2019Europa, dal medioevo all\u2019et\u00e0 moderna.\u00a0 Dal pi\u00f9 remoto passato sino ai nostri giorni per scoprire che il moderno concetto di birra artigianale ha radici profonde, e che la cultura della birra \u00e8 molto pi\u00f9 vicina a noi di quanto potremmo aspettarci.<\/p>\n<p>Tutto questo, ed altro ancora, scopriremo durante l\u2019evento di <strong>Domenica 6 settembre<\/strong> (inizio ore 18.30) organizzato dal Museo del Mare Antico di Nard\u00f2 in collaborazione con <strong>Unionbirrai Beer Taster<\/strong> e con il <strong>Birrificio Baff<\/strong> che accompagner\u00e0 l\u2019incontro con una degustazione di alcune birre artigianali. Durante l\u2019evento sar\u00e0 possibile assistere ad una interessante conversazione con la prof.ssa <strong>Grazia Semeraro<\/strong>, docente archeologa dell\u2019Universit\u00e0 del Salento, e con l\u2019archeologo <strong>Aristodemo Pellegrino<\/strong> di Unionbirrai Beer Taster.<\/p>\n<p>Questo evento fa parte della serie di proposte che The Monuments People &#8211; associazione salentina che gestisce il museo da agosto 2019 &#8211; sta elaborando in sinergia con le realt\u00e0 locali.<\/p>\n<p>Il Museo del Mare Antico \u00e8 una struttura museale che ospita reperti di epoca romana, frutto di campagne di scavo e recuperi fortuiti effettuati lungo la costa di Nard\u00f2 e nel suo mare negli ultimi 40 anni coprendo un periodo che va dal IV sec. a.C. al VI sec. d.C.; racconta la storia dell\u2019evoluzione di un insediamento, il Frascone, che da villa rustica diventa villaggio di pescatori, e dei traffici commerciali che si sviluppavano via mare in epoca romana.<\/p>\n<p>&nbsp;<\/p>\n<p>Prenotazione obbligatoria.<\/p>\n<p>Costo \u20ac 10,00.<\/p>\n<p>Per info e prenotazioni 3290070282 \/ 3285762647<\/p>\n<p><img decoding=\"async\" loading=\"lazy\" class=\"alignnone size-large wp-image-171546\" src=\"https:\/\/www.leccecronaca.it\/wordpress\/wp-content\/uploads\/2020\/09\/6-settembre-1024x821.jpg\" alt=\"\" width=\"1024\" height=\"821\" \/><\/p>\n<p>&nbsp;<\/p>\n<p>&nbsp;<\/p>\n<fb:like href='https:\/\/www.leccecronaca.it\/index.php\/2020\/09\/02\/la-storia-della-birra-e-degustazioni-di-prodotti-artigianali-a-nardo-domenica-6\/' send='true' layout='button_count' show_faces='true' width='450' height='65' action='recommend' colorscheme='light' font='lucida grande'><\/fb:like><span class=\"fb_share\"><fb:like href=\"https:\/\/www.leccecronaca.it\/index.php\/2020\/09\/02\/la-storia-della-birra-e-degustazioni-di-prodotti-artigianali-a-nardo-domenica-6\/\" layout=\"button_count\"><\/fb:like><\/span>","protected":false},"excerpt":{"rendered":"<p>(Rdl)______ &nbsp; Quante\u00a0 storie per una birra: alla scoperta di tutto ci\u00f2 che \u00e8 passato nel boccale dall\u2019antichit\u00e0 ai giorni nostri.\u00a0Una serata per ripercorrere la storia della bevanda fermentata pi\u00f9 diffusa al mondo, dall&#8217;antichit\u00e0 sino al moderno concetto di birra artigianale. &nbsp; Quando \u00e8 nata la birra? Chi l\u2019ha inventata? Dove e come si beveva [&hellip;]<\/p>\n","protected":false},"author":4,"featured_media":171545,"comment_status":"open","ping_status":"closed","sticky":false,"template":"","format":"standard","meta":[],"categories":[69,31,75],"tags":[],"_links":{"self":[{"href":"https:\/\/www.leccecronaca.it\/index.php\/wp-json\/wp\/v2\/posts\/171544"}],"collection":[{"href":"https:\/\/www.leccecronaca.it\/index.php\/wp-json\/wp\/v2\/posts"}],"about":[{"href":"https:\/\/www.leccecronaca.it\/index.php\/wp-json\/wp\/v2\/types\/post"}],"author":[{"embeddable":true,"href":"https:\/\/www.leccecronaca.it\/index.php\/wp-json\/wp\/v2\/users\/4"}],"replies":[{"embeddable":true,"href":"https:\/\/www.leccecronaca.it\/index.php\/wp-json\/wp\/v2\/comments?post=171544"}],"version-history":[{"count":2,"href":"https:\/\/www.leccecronaca.it\/index.php\/wp-json\/wp\/v2\/posts\/171544\/revisions"}],"predecessor-version":[{"id":171548,"href":"https:\/\/www.leccecronaca.it\/index.php\/wp-json\/wp\/v2\/posts\/171544\/revisions\/171548"}],"wp:featuredmedia":[{"embeddable":true,"href":"https:\/\/www.leccecronaca.it\/index.php\/wp-json\/wp\/v2\/media\/171545"}],"wp:attachment":[{"href":"https:\/\/www.leccecronaca.it\/index.php\/wp-json\/wp\/v2\/media?parent=171544"}],"wp:term":[{"taxonomy":"category","embeddable":true,"href":"https:\/\/www.leccecronaca.it\/index.php\/wp-json\/wp\/v2\/categories?post=171544"},{"taxonomy":"post_tag","embeddable":true,"href":"https:\/\/www.leccecronaca.it\/index.php\/wp-json\/wp\/v2\/tags?post=171544"}],"curies":[{"name":"wp","href":"https:\/\/api.w.org\/{rel}","templated":true}]}}