{"id":171784,"date":"2020-09-07T13:02:42","date_gmt":"2020-09-07T11:02:42","guid":{"rendered":"http:\/\/www.leccecronaca.it\/?p=171784"},"modified":"2020-09-07T13:02:42","modified_gmt":"2020-09-07T11:02:42","slug":"uomo-kosovaro-muore-in-spiaggia-a-torre-chianca","status":"publish","type":"post","link":"https:\/\/www.leccecronaca.it\/index.php\/2020\/09\/07\/uomo-kosovaro-muore-in-spiaggia-a-torre-chianca\/","title":{"rendered":"UOMO KOSOVARO MUORE IN SPIAGGIA A TORRE CHIANCA"},"content":{"rendered":"<p><img decoding=\"async\" loading=\"lazy\" class=\"alignnone wp-image-171786\" src=\"https:\/\/www.leccecronaca.it\/wordpress\/wp-content\/uploads\/2020\/09\/images.jpg\" alt=\"\" width=\"300\" height=\"168\" \/>(e.l.)______Nuovo incidente in mare, un&#8217;altra giornata estiva di bel tempo rovinata da una morte improvvisa. E&#8217; successo ieri a Torre Chianca, marina di Lecce. La vittima \u00e8 \u00a0Mehmet Rexhepi, 62 anni, del Kosovo. Si \u00e8 sentito male mentre faceva il bagno, nel primo pomeriggio, \u00e8 riuscito a guadagnare la riva e si \u00e8 accasciato al suolo. Gli amici con cui era arrivato, i numerosi bagnanti\u00a0 hanno cercato di rianimarlo, ma senza riuscirci.<\/p>\n<p>Il magistrato di turno presso la Procura della Repubblica di Lecce ha disposto ulteriori accertamenti per stabilire la causa del decesso.<\/p>\n<p>&nbsp;<\/p>\n<p>&nbsp;<\/p>\n<fb:like href='https:\/\/www.leccecronaca.it\/index.php\/2020\/09\/07\/uomo-kosovaro-muore-in-spiaggia-a-torre-chianca\/' send='true' layout='button_count' show_faces='true' width='450' height='65' action='recommend' colorscheme='light' font='lucida grande'><\/fb:like><span class=\"fb_share\"><fb:like href=\"https:\/\/www.leccecronaca.it\/index.php\/2020\/09\/07\/uomo-kosovaro-muore-in-spiaggia-a-torre-chianca\/\" layout=\"button_count\"><\/fb:like><\/span>","protected":false},"excerpt":{"rendered":"<p>(e.l.)______Nuovo incidente in mare, un&#8217;altra giornata estiva di bel tempo rovinata da una morte improvvisa. E&#8217; successo ieri a Torre Chianca, marina di Lecce. La vittima \u00e8 \u00a0Mehmet Rexhepi, 62 anni, del Kosovo. Si \u00e8 sentito male mentre faceva il bagno, nel primo pomeriggio, \u00e8 riuscito a guadagnare la riva e si \u00e8 accasciato al [&hellip;]<\/p>\n","protected":false},"author":4,"featured_media":171786,"comment_status":"open","ping_status":"closed","sticky":false,"template":"","format":"standard","meta":[],"categories":[69],"tags":[],"_links":{"self":[{"href":"https:\/\/www.leccecronaca.it\/index.php\/wp-json\/wp\/v2\/posts\/171784"}],"collection":[{"href":"https:\/\/www.leccecronaca.it\/index.php\/wp-json\/wp\/v2\/posts"}],"about":[{"href":"https:\/\/www.leccecronaca.it\/index.php\/wp-json\/wp\/v2\/types\/post"}],"author":[{"embeddable":true,"href":"https:\/\/www.leccecronaca.it\/index.php\/wp-json\/wp\/v2\/users\/4"}],"replies":[{"embeddable":true,"href":"https:\/\/www.leccecronaca.it\/index.php\/wp-json\/wp\/v2\/comments?post=171784"}],"version-history":[{"count":1,"href":"https:\/\/www.leccecronaca.it\/index.php\/wp-json\/wp\/v2\/posts\/171784\/revisions"}],"predecessor-version":[{"id":171787,"href":"https:\/\/www.leccecronaca.it\/index.php\/wp-json\/wp\/v2\/posts\/171784\/revisions\/171787"}],"wp:featuredmedia":[{"embeddable":true,"href":"https:\/\/www.leccecronaca.it\/index.php\/wp-json\/wp\/v2\/media\/171786"}],"wp:attachment":[{"href":"https:\/\/www.leccecronaca.it\/index.php\/wp-json\/wp\/v2\/media?parent=171784"}],"wp:term":[{"taxonomy":"category","embeddable":true,"href":"https:\/\/www.leccecronaca.it\/index.php\/wp-json\/wp\/v2\/categories?post=171784"},{"taxonomy":"post_tag","embeddable":true,"href":"https:\/\/www.leccecronaca.it\/index.php\/wp-json\/wp\/v2\/tags?post=171784"}],"curies":[{"name":"wp","href":"https:\/\/api.w.org\/{rel}","templated":true}]}}