{"id":171951,"date":"2020-09-10T13:07:33","date_gmt":"2020-09-10T11:07:33","guid":{"rendered":"http:\/\/www.leccecronaca.it\/?p=171951"},"modified":"2020-09-10T13:22:47","modified_gmt":"2020-09-10T11:22:47","slug":"presentate-questa-mattina-a-palazzo-bn-ecco-le-nuove-maglie-dellu-s-lecce-e-tutte-le-novita-previste-dalla-societa-per-i-tifosi","status":"publish","type":"post","link":"https:\/\/www.leccecronaca.it\/index.php\/2020\/09\/10\/presentate-questa-mattina-a-palazzo-bn-ecco-le-nuove-maglie-dellu-s-lecce-e-tutte-le-novita-previste-dalla-societa-per-i-tifosi\/","title":{"rendered":"PRESENTATE QUESTA MATTINA A PALAZZO BN \/ ECCO LE NUOVE MAGLIE DELL&#8217;U.S. LECCE E TUTTE LE NOVITA&#8217; PREVISTE DALLA SOCIETA&#8217; PER I TIFOSI GIALLOROSSI"},"content":{"rendered":"<p>di<strong> Mattia Ala<\/strong>______<\/p>\n<div class=\"mvp-post-tags\">\n<p>Si \u00e8 tenuta questa mattina, presso il Palazzo BN in Lecce, una conferenza stampa per illustrare le nuove\u00a0iniziative\u00a0rivolte ai tifosi e per presentare le\u00a0nuove maglie\u00a0da gioco della stagione sportiva 2020\/21 dell&#8217; U.S.\u00a0 Lecce.<img decoding=\"async\" loading=\"lazy\" class=\"alignnone size-large wp-image-171952\" src=\"https:\/\/www.leccecronaca.it\/wordpress\/wp-content\/uploads\/2020\/09\/ma-1-1024x666.png\" alt=\"\" width=\"1024\" height=\"666\" srcset=\"https:\/\/www.leccecronaca.it\/wordpress\/wp-content\/uploads\/2020\/09\/ma-1-1024x666.png 1024w, https:\/\/www.leccecronaca.it\/wordpress\/wp-content\/uploads\/2020\/09\/ma-1-300x195.png 300w, https:\/\/www.leccecronaca.it\/wordpress\/wp-content\/uploads\/2020\/09\/ma-1-768x499.png 768w, https:\/\/www.leccecronaca.it\/wordpress\/wp-content\/uploads\/2020\/09\/ma-1.png 1081w\" sizes=\"(max-width: 1024px) 100vw, 1024px\" \/><\/p>\n<\/div>\n<div><img decoding=\"async\" loading=\"lazy\" class=\"alignnone size-large wp-image-171953\" src=\"https:\/\/www.leccecronaca.it\/wordpress\/wp-content\/uploads\/2020\/09\/ma2-1024x656.png\" alt=\"\" width=\"1024\" height=\"656\" srcset=\"https:\/\/www.leccecronaca.it\/wordpress\/wp-content\/uploads\/2020\/09\/ma2-1024x656.png 1024w, https:\/\/www.leccecronaca.it\/wordpress\/wp-content\/uploads\/2020\/09\/ma2-300x192.png 300w, https:\/\/www.leccecronaca.it\/wordpress\/wp-content\/uploads\/2020\/09\/ma2-768x492.png 768w, https:\/\/www.leccecronaca.it\/wordpress\/wp-content\/uploads\/2020\/09\/ma2.png 1050w\" sizes=\"(max-width: 1024px) 100vw, 1024px\" \/><br \/>\nPiccola curiosit\u00e0: all\u2019interno della seconda maglia, in piccolo, sono stati inseriti i nomi di \u00a0tutti i comuni della provincia di Lecce.<\/div>\n<div><\/div>\n<div><img decoding=\"async\" loading=\"lazy\" class=\"alignnone size-full wp-image-171954\" src=\"https:\/\/www.leccecronaca.it\/wordpress\/wp-content\/uploads\/2020\/09\/ma3.png\" alt=\"\" width=\"1020\" height=\"691\" srcset=\"https:\/\/www.leccecronaca.it\/wordpress\/wp-content\/uploads\/2020\/09\/ma3.png 1020w, https:\/\/www.leccecronaca.it\/wordpress\/wp-content\/uploads\/2020\/09\/ma3-300x203.png 300w, https:\/\/www.leccecronaca.it\/wordpress\/wp-content\/uploads\/2020\/09\/ma3-768x520.png 768w\" sizes=\"(max-width: 1020px) 100vw, 1020px\" \/><\/div>\n<div>\n<p>Non \u00e8 finita a qui. A margine della conferenza stampa di presentazione delle nuove divise da gioco, il numero due della societ\u00e0 giallorossa \u00a0Corrado Liguori, che nei giorni scorsi ha voluto stuzzicare sui social la fantasia dei tifosi del Lecce, ha svelato le iniziative dei salentini, nonostante l\u2019emergenza Covid e la conseguente impossibilit\u00e0 di spalancare le porte del \u201c Via del Mare\u201d, per la propria gente. Ecco l\u2019U.S. Lecce Program. Vediamo pi\u00f9 precisamente di cosa ai tratta tramite le dichiarazioni dello stesso Liguori:<\/p>\n<p>&nbsp;<\/p>\n<p>Rimborsi: <em>\u201cRingrazio a nome mio e di tutta la societ\u00e0\u00a0 tutti i tifosi che hanno deciso di non chiedere il rimborso, in un periodo particolare per i club, sottoposti ad ingenti perdite economiche. Per chi volesse richiederlo, comunque, il Lecce \u00e8 disponibilissimo a concederlo sotto forma di voucher. Bisogner\u00e0 richiederlo entro il 15 ottobre, e comprender\u00e0 un credito utilizzabile ad una cifra pari al costo medio del biglietto delle ultime sei gare non disputate, moltiplicato per sei\u201d.<\/em><\/p>\n<p>U.S. Lecce Program: <em>\u201cRealizzare una campagna abbonamenti classica era impensabile, in quanto causa Covid non potevamo garantire una prestazione da parte nostra. Pertanto abbiamo deciso di anticipare di un anno un vecchio progetto in cantiere, U.S. Lecce Program, che consiste in una sorta di membership, che permette ai tifosi di avere una corsia preferenziale col club. Avranno contenuti esclusivi, sconti del 10% sul merchandising ufficiale e dagli sponsor. Il costo \u00e8 di 160\u20ac come tariffa standard, mentre 60\u20ac per gli under 14\u201d.<\/em><\/p>\n<p>Opportunit\u00e0:<em> \u201cPer chi aderir\u00e0 a questo progetto, ci sar\u00e0 la possibilit\u00e0 di ricevere foto della settimana, foto con dedica dei calciatori preferiti, auguri e video personalizzati, notizie ufficiali del club, convenzioni con strutture sanitarie del Salento, diritto di prelazione in caso di apertura, sia totale che parziale, sui biglietti a prezzi molto pi\u00f9 bassi rispetto al solito, praticamente simbolici. Inoltre, i nomi di coloro che aderiranno al progetto, saranno inseriti su una maglia celebrativa che sar\u00e0 utilizzata per due trasferte. Cos\u00ec si scender\u00e0 in campo, non solo metaforicamente, con la propria squadra del cuore. Le stesse maglie, poi, saranno regalate a tutti i membri\u201d<\/em>.<\/p>\n<p>&nbsp;<\/p>\n<\/div>\n<div><\/div>\n<fb:like href='https:\/\/www.leccecronaca.it\/index.php\/2020\/09\/10\/presentate-questa-mattina-a-palazzo-bn-ecco-le-nuove-maglie-dellu-s-lecce-e-tutte-le-novita-previste-dalla-societa-per-i-tifosi\/' send='true' layout='button_count' show_faces='true' width='450' height='65' action='recommend' colorscheme='light' font='lucida grande'><\/fb:like><span class=\"fb_share\"><fb:like href=\"https:\/\/www.leccecronaca.it\/index.php\/2020\/09\/10\/presentate-questa-mattina-a-palazzo-bn-ecco-le-nuove-maglie-dellu-s-lecce-e-tutte-le-novita-previste-dalla-societa-per-i-tifosi\/\" layout=\"button_count\"><\/fb:like><\/span>","protected":false},"excerpt":{"rendered":"<p>di Mattia Ala______ Si \u00e8 tenuta questa mattina, presso il Palazzo BN in Lecce, una conferenza stampa per illustrare le nuove\u00a0iniziative\u00a0rivolte ai tifosi e per presentare le\u00a0nuove maglie\u00a0da gioco della stagione sportiva 2020\/21 dell&#8217; U.S.\u00a0 Lecce. Piccola curiosit\u00e0: all\u2019interno della seconda maglia, in piccolo, sono stati inseriti i nomi di \u00a0tutti i comuni della provincia [&hellip;]<\/p>\n","protected":false},"author":4,"featured_media":171952,"comment_status":"open","ping_status":"closed","sticky":false,"template":"","format":"standard","meta":[],"categories":[28],"tags":[],"_links":{"self":[{"href":"https:\/\/www.leccecronaca.it\/index.php\/wp-json\/wp\/v2\/posts\/171951"}],"collection":[{"href":"https:\/\/www.leccecronaca.it\/index.php\/wp-json\/wp\/v2\/posts"}],"about":[{"href":"https:\/\/www.leccecronaca.it\/index.php\/wp-json\/wp\/v2\/types\/post"}],"author":[{"embeddable":true,"href":"https:\/\/www.leccecronaca.it\/index.php\/wp-json\/wp\/v2\/users\/4"}],"replies":[{"embeddable":true,"href":"https:\/\/www.leccecronaca.it\/index.php\/wp-json\/wp\/v2\/comments?post=171951"}],"version-history":[{"count":4,"href":"https:\/\/www.leccecronaca.it\/index.php\/wp-json\/wp\/v2\/posts\/171951\/revisions"}],"predecessor-version":[{"id":171958,"href":"https:\/\/www.leccecronaca.it\/index.php\/wp-json\/wp\/v2\/posts\/171951\/revisions\/171958"}],"wp:featuredmedia":[{"embeddable":true,"href":"https:\/\/www.leccecronaca.it\/index.php\/wp-json\/wp\/v2\/media\/171952"}],"wp:attachment":[{"href":"https:\/\/www.leccecronaca.it\/index.php\/wp-json\/wp\/v2\/media?parent=171951"}],"wp:term":[{"taxonomy":"category","embeddable":true,"href":"https:\/\/www.leccecronaca.it\/index.php\/wp-json\/wp\/v2\/categories?post=171951"},{"taxonomy":"post_tag","embeddable":true,"href":"https:\/\/www.leccecronaca.it\/index.php\/wp-json\/wp\/v2\/tags?post=171951"}],"curies":[{"name":"wp","href":"https:\/\/api.w.org\/{rel}","templated":true}]}}