{"id":172020,"date":"2020-09-11T11:37:25","date_gmt":"2020-09-11T09:37:25","guid":{"rendered":"http:\/\/www.leccecronaca.it\/?p=172020"},"modified":"2020-09-12T14:40:17","modified_gmt":"2020-09-12T12:40:17","slug":"bruni-si-presenta-a-lecce-la-cultura-unico-modo-pe-rilanciare-la-puglia","status":"publish","type":"post","link":"https:\/\/www.leccecronaca.it\/index.php\/2020\/09\/11\/bruni-si-presenta-a-lecce-la-cultura-unico-modo-pe-rilanciare-la-puglia\/","title":{"rendered":"PIERFRANCO BRUNI PER FIAMMA TRICOLORE SI PRESENTA A LECCE: LA CULTURA UNICA OCCASIONE DI RILANCIO"},"content":{"rendered":"<p><img decoding=\"async\" loading=\"lazy\" class=\"alignnone size-large wp-image-172021\" src=\"https:\/\/www.leccecronaca.it\/wordpress\/wp-content\/uploads\/2020\/09\/pb-496x1024.jpg\" alt=\"\" width=\"496\" height=\"1024\" srcset=\"https:\/\/www.leccecronaca.it\/wordpress\/wp-content\/uploads\/2020\/09\/pb-496x1024.jpg 496w, https:\/\/www.leccecronaca.it\/wordpress\/wp-content\/uploads\/2020\/09\/pb-145x300.jpg 145w, https:\/\/www.leccecronaca.it\/wordpress\/wp-content\/uploads\/2020\/09\/pb.jpg 678w\" sizes=\"(max-width: 496px) 100vw, 496px\" \/>Riceviamo e volentieri pubblichiamo. La Fiamma Tricolore di Lecce ci manda il seguente comunicato______<\/p>\n<p>Anche a Lecce presentate le linee guida del programma politico di Pierfranco Bruni, candidato alla presidenza della Regione Puglia per il Movimento sociale \u2013 Fiamma tricolore.<\/p>\n<p>L\u2019intellettuale missino (nella foto) le ha illustrate alla stampa ieri a Lecce all\u2019hotel Patria Palace.<\/p>\n<p>Prima di lui \u00e8 intervenuto Egidio Person\u00e8, segretario regionale della Fiamma Tricolore, che ha ribadito di aver compiuto una scelta dettata dalla natura del suo partito, in antitesi al candidato del centrodestra, il democristiano Fitto.<\/p>\n<p>&nbsp;<\/p>\n<p>Poi la parola alla senatrice Adriana Poli Bortone, che ha battuto il tasto di una scuola di eccellenza per formare politici amministratori pubblici, \u00abperch\u00e9 \u2013 ha motivato l\u2019ex ministro &#8211; soltanto se si parte dalla cultura si pu\u00f2 pensare alla rinascita reale di un territorio\u00bb.<\/p>\n<p>Poi Bruni. L\u2019intellettuale ha spaziato dalla sanit\u00e0 al problema della disabilit\u00e0, dalla diversit\u00e0, tema da lui affrontato recentemente in un consesso dell\u2019Arcigay, alla necessit\u00e0 di creare innovazioni tramite un confronto con i Paesi frontalieri di Adriatico e Mediterraneo. Citati Francesco De Sanctis e Pascoli, e ripetuto ancora una volta che la destra \u00e8 solo quella della Fiamma tricolore.<\/p>\n<fb:like href='https:\/\/www.leccecronaca.it\/index.php\/2020\/09\/11\/bruni-si-presenta-a-lecce-la-cultura-unico-modo-pe-rilanciare-la-puglia\/' send='true' layout='button_count' show_faces='true' width='450' height='65' action='recommend' colorscheme='light' font='lucida grande'><\/fb:like><span class=\"fb_share\"><fb:like href=\"https:\/\/www.leccecronaca.it\/index.php\/2020\/09\/11\/bruni-si-presenta-a-lecce-la-cultura-unico-modo-pe-rilanciare-la-puglia\/\" layout=\"button_count\"><\/fb:like><\/span>","protected":false},"excerpt":{"rendered":"<p>Riceviamo e volentieri pubblichiamo. La Fiamma Tricolore di Lecce ci manda il seguente comunicato______ Anche a Lecce presentate le linee guida del programma politico di Pierfranco Bruni, candidato alla presidenza della Regione Puglia per il Movimento sociale \u2013 Fiamma tricolore. L\u2019intellettuale missino (nella foto) le ha illustrate alla stampa ieri a Lecce all\u2019hotel Patria Palace. [&hellip;]<\/p>\n","protected":false},"author":4,"featured_media":172021,"comment_status":"open","ping_status":"closed","sticky":false,"template":"","format":"standard","meta":[],"categories":[76,36],"tags":[],"_links":{"self":[{"href":"https:\/\/www.leccecronaca.it\/index.php\/wp-json\/wp\/v2\/posts\/172020"}],"collection":[{"href":"https:\/\/www.leccecronaca.it\/index.php\/wp-json\/wp\/v2\/posts"}],"about":[{"href":"https:\/\/www.leccecronaca.it\/index.php\/wp-json\/wp\/v2\/types\/post"}],"author":[{"embeddable":true,"href":"https:\/\/www.leccecronaca.it\/index.php\/wp-json\/wp\/v2\/users\/4"}],"replies":[{"embeddable":true,"href":"https:\/\/www.leccecronaca.it\/index.php\/wp-json\/wp\/v2\/comments?post=172020"}],"version-history":[{"count":5,"href":"https:\/\/www.leccecronaca.it\/index.php\/wp-json\/wp\/v2\/posts\/172020\/revisions"}],"predecessor-version":[{"id":172047,"href":"https:\/\/www.leccecronaca.it\/index.php\/wp-json\/wp\/v2\/posts\/172020\/revisions\/172047"}],"wp:featuredmedia":[{"embeddable":true,"href":"https:\/\/www.leccecronaca.it\/index.php\/wp-json\/wp\/v2\/media\/172021"}],"wp:attachment":[{"href":"https:\/\/www.leccecronaca.it\/index.php\/wp-json\/wp\/v2\/media?parent=172020"}],"wp:term":[{"taxonomy":"category","embeddable":true,"href":"https:\/\/www.leccecronaca.it\/index.php\/wp-json\/wp\/v2\/categories?post=172020"},{"taxonomy":"post_tag","embeddable":true,"href":"https:\/\/www.leccecronaca.it\/index.php\/wp-json\/wp\/v2\/tags?post=172020"}],"curies":[{"name":"wp","href":"https:\/\/api.w.org\/{rel}","templated":true}]}}