{"id":172126,"date":"2020-09-14T17:02:36","date_gmt":"2020-09-14T15:02:36","guid":{"rendered":"http:\/\/www.leccecronaca.it\/?p=172126"},"modified":"2020-09-14T17:02:36","modified_gmt":"2020-09-14T15:02:36","slug":"lintervista-la-polizia-chiede-certezza-delle-pene","status":"publish","type":"post","link":"https:\/\/www.leccecronaca.it\/index.php\/2020\/09\/14\/lintervista-la-polizia-chiede-certezza-delle-pene\/","title":{"rendered":"L&#8217;INTERVISTA \/ LA POLIZIA CHIEDE CERTEZZA DELLE PENE"},"content":{"rendered":"<p><img decoding=\"async\" loading=\"lazy\" class=\"alignnone size-large wp-image-172127\" src=\"https:\/\/www.leccecronaca.it\/wordpress\/wp-content\/uploads\/2020\/09\/Ida-LeS-Canosa-di-Puglia-1024x683.jpg\" alt=\"\" width=\"1024\" height=\"683\" srcset=\"https:\/\/www.leccecronaca.it\/wordpress\/wp-content\/uploads\/2020\/09\/Ida-LeS-Canosa-di-Puglia-1024x683.jpg 1024w, https:\/\/www.leccecronaca.it\/wordpress\/wp-content\/uploads\/2020\/09\/Ida-LeS-Canosa-di-Puglia-300x200.jpg 300w, https:\/\/www.leccecronaca.it\/wordpress\/wp-content\/uploads\/2020\/09\/Ida-LeS-Canosa-di-Puglia-768x512.jpg 768w, https:\/\/www.leccecronaca.it\/wordpress\/wp-content\/uploads\/2020\/09\/Ida-LeS-Canosa-di-Puglia-1536x1024.jpg 1536w, https:\/\/www.leccecronaca.it\/wordpress\/wp-content\/uploads\/2020\/09\/Ida-LeS-Canosa-di-Puglia.jpg 1620w\" sizes=\"(max-width: 1024px) 100vw, 1024px\" \/>(Rdl)______Due giorni fa, nella centrale piazza della Repubblica a Canosa di Puglia, \u00e8 stato ucciso un noto pregiudicato di 48 anni che, in passato, era rimasto coinvolto in diverse operazioni antidroga: a gennaio del 2013 rimase ferito di striscio durante un altro agguato quando, ignoti spararono alcuni colpi di pistola contro la sua auto, ma lui in quell&#8217;occasione riusc\u00ec a salvarsi. Questa volta un colpo al cuore non gli ha dato scampo.<\/p>\n<p>Un fatto gravissimo, che avviene a poca distanza dell\u2019attentato dinamitardo all\u2019auto di un Poliziotto.<\/p>\n<p>Ne parliamo con <strong>Ida Imparato<\/strong>\u00a0(nella foto), Segretario Nazionale Vicario del sindacato di Polizia LeS (Libert\u00e0 e Sicurezza).<\/p>\n<p>&nbsp;<\/p>\n<p>D.) &#8211;\u00a0 Cosa pensa di questa escalation cos\u00ec grave di atti criminali in Puglia?<\/p>\n<p>R.) &#8211;\u00a0 <strong><em>Al momento i due fatti, nonostante siano scollegati tra loro, ma che si sono succeduti a pochi giorni di distanza l\u2019uno dall\u2019altro, dimostrano inevitabilmente che questo territorio necessita di una pi\u00f9 incisiva presenza dello Stato!<\/em><\/strong><\/p>\n<p>&nbsp;<\/p>\n<p>D.) &#8211; La gravit\u00e0 dell\u2019omicidio in pieno giorno, va di pari passo con l\u2019attentato dinamitardo nel parcheggio del Commissariato&#8230;<\/p>\n<p>R.) &#8211; <strong><em>In merito agli attentati si evidenzia ancora una volta come le Forze di Polizia siano ormai bersaglio di una violenza sempre pi\u00f9 spavalda che non ha remore ad introdursi nel parcheggio di un Commissariato per collocare e far esplodere un ordigno. O attentare alla vita di una persona in pieno centro, persino giungendo ad ucciderla. <\/em><\/strong><\/p>\n<p><strong><em>Atti come questo esigono una risposta tempestiva e concreta, ci\u00f2 che auspichiamo \u00e8 un segnale forte affinch\u00e9 l\u2019attivit\u00e0 delle donne e degli uomini delle Forze dell\u2019Ordine che ogni giorno operano con dedizione per garantire la sicurezza di tutti i cittadini, venga supportata in maniera tangibile dalle Istituzioni.<\/em><\/strong><\/p>\n<p>&nbsp;<\/p>\n<p>D.) &#8211; Si spieghi meglio&#8230;.<\/p>\n<p>R.) &#8211; <strong><em>I tutori dell\u2019ordine e della sicurezza pubblica, non possono essere scherniti, sbeffeggiati, ostacolati nelle proprie attivit\u00e0 e ancor meno possono trasformarsi nella valvola di sfogo di una cultura violenta che si estrinseca in un susseguirsi di episodi di cronaca il cui comune denominatore \u00e8 la VIOLENZA cieca che non teme conseguenze. Tutto questo non \u00e8 tollerabile! Citando le parole del Procuratore Nicola Gratteri:<\/em><\/strong> \u201cnoi, nel rispetto della Costituzione, dovremmo fare tante e tali modifiche legislative e del codice penale fino a quando diventi non pi\u00f9 conveniente delinquere. Fino a quando non c\u2019\u00e8 una sanzione proporzionata alla realt\u00e0 criminale e quindi conviene delinquere, si continuer\u00e0 a delinquere, quindi il livello di contrasto \u00e8 sempre insufficiente\u201d. <strong><em>Ecco, il Parlamento deve finalmente prendere atto della realt\u00e0, introducendo norme che, da una parte, tutelino i servitori dello Stato, cio\u00e8 le Forze dell\u2019Ordine e, dall\u2019altro, rendano le pene per i malviventi pi\u00f9 dure e, soprattutto, certe.<\/em><\/strong><\/p>\n<fb:like href='https:\/\/www.leccecronaca.it\/index.php\/2020\/09\/14\/lintervista-la-polizia-chiede-certezza-delle-pene\/' send='true' layout='button_count' show_faces='true' width='450' height='65' action='recommend' colorscheme='light' font='lucida grande'><\/fb:like><span class=\"fb_share\"><fb:like href=\"https:\/\/www.leccecronaca.it\/index.php\/2020\/09\/14\/lintervista-la-polizia-chiede-certezza-delle-pene\/\" layout=\"button_count\"><\/fb:like><\/span>","protected":false},"excerpt":{"rendered":"<p>(Rdl)______Due giorni fa, nella centrale piazza della Repubblica a Canosa di Puglia, \u00e8 stato ucciso un noto pregiudicato di 48 anni che, in passato, era rimasto coinvolto in diverse operazioni antidroga: a gennaio del 2013 rimase ferito di striscio durante un altro agguato quando, ignoti spararono alcuni colpi di pistola contro la sua auto, ma [&hellip;]<\/p>\n","protected":false},"author":4,"featured_media":172127,"comment_status":"open","ping_status":"closed","sticky":false,"template":"","format":"standard","meta":[],"categories":[69],"tags":[],"_links":{"self":[{"href":"https:\/\/www.leccecronaca.it\/index.php\/wp-json\/wp\/v2\/posts\/172126"}],"collection":[{"href":"https:\/\/www.leccecronaca.it\/index.php\/wp-json\/wp\/v2\/posts"}],"about":[{"href":"https:\/\/www.leccecronaca.it\/index.php\/wp-json\/wp\/v2\/types\/post"}],"author":[{"embeddable":true,"href":"https:\/\/www.leccecronaca.it\/index.php\/wp-json\/wp\/v2\/users\/4"}],"replies":[{"embeddable":true,"href":"https:\/\/www.leccecronaca.it\/index.php\/wp-json\/wp\/v2\/comments?post=172126"}],"version-history":[{"count":1,"href":"https:\/\/www.leccecronaca.it\/index.php\/wp-json\/wp\/v2\/posts\/172126\/revisions"}],"predecessor-version":[{"id":172128,"href":"https:\/\/www.leccecronaca.it\/index.php\/wp-json\/wp\/v2\/posts\/172126\/revisions\/172128"}],"wp:featuredmedia":[{"embeddable":true,"href":"https:\/\/www.leccecronaca.it\/index.php\/wp-json\/wp\/v2\/media\/172127"}],"wp:attachment":[{"href":"https:\/\/www.leccecronaca.it\/index.php\/wp-json\/wp\/v2\/media?parent=172126"}],"wp:term":[{"taxonomy":"category","embeddable":true,"href":"https:\/\/www.leccecronaca.it\/index.php\/wp-json\/wp\/v2\/categories?post=172126"},{"taxonomy":"post_tag","embeddable":true,"href":"https:\/\/www.leccecronaca.it\/index.php\/wp-json\/wp\/v2\/tags?post=172126"}],"curies":[{"name":"wp","href":"https:\/\/api.w.org\/{rel}","templated":true}]}}