{"id":172512,"date":"2020-09-24T13:39:09","date_gmt":"2020-09-24T11:39:09","guid":{"rendered":"http:\/\/www.leccecronaca.it\/?p=172512"},"modified":"2020-09-24T17:55:46","modified_gmt":"2020-09-24T15:55:46","slug":"luoghi-della-cultura-aperture-straordinarie","status":"publish","type":"post","link":"https:\/\/www.leccecronaca.it\/index.php\/2020\/09\/24\/luoghi-della-cultura-aperture-straordinarie\/","title":{"rendered":"LUOGHI DELLA CULTURA, APERTURE STRAORDINARIE"},"content":{"rendered":"<p><img decoding=\"async\" loading=\"lazy\" class=\"alignnone size-full wp-image-172514\" src=\"https:\/\/www.leccecronaca.it\/wordpress\/wp-content\/uploads\/2020\/09\/unnamed-9.jpg\" alt=\"\" width=\"276\" height=\"183\" \/>Riceviamo e volentieri pubblichiamo______<\/p>\n<p><strong><span style=\"color: #ff0000;\">GIORNATE EUROPEE DEL PATRIMONIO 2020<\/span><\/strong><br \/>\n<strong><span style=\"color: #ff0000;\"> 26 &#8211; 27 SETTEMBRE 2020\u00a0LECCE \u2013 BRINDISI \u2013 TARANTO.<\/span><\/strong><\/p>\n<p>In occasione delle Giornate Europee del\u00a0Patrimonio 2020, sabato 26 e domenica 27 settembre, la Soprintendenza Archeologia\u00a0belle Arti e Paesaggio per le province di Brindisi, Lecce e Taranto garantir\u00e0 l\u2019apertura\u00a0straordinaria e gratuita dei seguenti luoghi della cultura:<\/p>\n<p>26 settembre 27 settembre<br \/>\nTeatro Romano (nella foto, ndr)<br \/>\nLecce<br \/>\n18-21 \/<\/p>\n<p>Chiostro San Domenico<br \/>\nTaranto<br \/>\n9-13 \/ 18-21 9-13<\/p>\n<p>Complesso S.Antonio<br \/>\nTaranto<br \/>\n9-13 \/ 18-21 9-13<\/p>\n<p>Area Archeologica San<br \/>\nPietro degli Schiavoni<br \/>\nBrindisi<br \/>\n9-13 \/ 18-21 9-13<\/p>\n<p>Ex Ospedale Spirito<br \/>\nSanto<br \/>\nLecce<br \/>\n9-13 9-13<\/p>\n<p>Per informazioni:<br \/>\ntel. 0832\/248311<br \/>\ne-mail: sabap-le.urp@beniculturali.it<\/p>\n<p><img decoding=\"async\" loading=\"lazy\" class=\"alignnone size-large wp-image-172513\" src=\"https:\/\/www.leccecronaca.it\/wordpress\/wp-content\/uploads\/2020\/09\/GEP2020-1024x576.jpg\" alt=\"\" width=\"1024\" height=\"576\" srcset=\"https:\/\/www.leccecronaca.it\/wordpress\/wp-content\/uploads\/2020\/09\/GEP2020-1024x576.jpg 1024w, https:\/\/www.leccecronaca.it\/wordpress\/wp-content\/uploads\/2020\/09\/GEP2020-300x169.jpg 300w, https:\/\/www.leccecronaca.it\/wordpress\/wp-content\/uploads\/2020\/09\/GEP2020-768x432.jpg 768w, https:\/\/www.leccecronaca.it\/wordpress\/wp-content\/uploads\/2020\/09\/GEP2020-1536x864.jpg 1536w, https:\/\/www.leccecronaca.it\/wordpress\/wp-content\/uploads\/2020\/09\/GEP2020.jpg 1920w\" sizes=\"(max-width: 1024px) 100vw, 1024px\" \/><\/p>\n<p>&nbsp;<\/p>\n<p>______<\/p>\n<p>Per la stessa occasione, ci scrive anche il Museo Castromediano di Lecce:<\/p>\n<p>Il Polo biblio-museale di Lecce partecipa alle\u00a0<i>Giornate Europee del Patrimonio 2020<\/i>con un denso programma di iniziative. Quest\u2019anno il tema scelto dal Mibact \u00e8 \u201cImparare per la vita\u201d, ispirata da quello proposto dal Consiglio d\u2019Europa \u201cHeritage and Education. Learning for Life\u201d, una riflessione a maglie larghe sul ruolo dei musei nella formazione\/informazione delle nuove generazioni, sulle nuove possibilit\u00e0 di trasmissione del sapere tradizionale offerte dalla moderna tecnologia, sulle sfide che attendono nel prossimo futuro i luoghi della cultura alle prese con esigenze formative diverse e istanze di conoscenza crescenti.<\/p>\n<p>Vivere nella pluralit\u00e0 e nella multidisciplinariet\u00e0 per il Museo Castromediano non vuol dire soltanto impegnarsi in una programmazione capace di spaziare dall\u2019archeologia all\u2019arte contemporanea, coinvolgendo tutte le discipline artistiche, dal cinema alla danza, dal teatro al design, ma altres\u00ec indagare il senso stesso del \u201cfare museo\u201d con sguardi differenti, altri capaci di leggere con curiosit\u00e0 reperti, opere d\u2019arte, installazioni.<\/p>\n<p>Non amiamo infatti gli spettatori passivi, i nostri visitatori sono compagni di viaggio, grazie a loro rileggeremo percorsi e visioni in un itinerario denso di stupori a cui siete tutti invitati!<\/p>\n<p>Il Castromediano aderisce infatti all\u2019iniziativa presentando il nuovo racconto delle sue collezioni archeologiche fatto di una successione continua di Paesaggi umani, dal Paleolitico al Tardoantico,\u00a0\u00a0con sguardi diversi da quelli di archeologi, storici dell\u2019arte, cultori e guide di professione.<\/p>\n<p>Le nostre guide d\u2019eccezione saranno quindi persone normali, professionisti, studenti, bambini, gente proveniente da paesi lontani, visitatori occasionali o assidui, che narreranno i diversi\u00a0<i>Paesaggi salentini\u00a0<\/i>dal loro personale, particolare punto di vista.<\/p>\n<p>Grazie al fondamentale sostegno degli studenti del DAMS dell\u2019Universit\u00e0 del Salento sar\u00e0 possibile assistere alle dirette \u2013 sulla pagina facebook CRA 2020, legata al nostro comune progetto #Laculturarestaaccesa, nato durante il lockdown per promuovere momenti di confronto sui temi della cultura.<\/p>\n<p>Come compagna di viaggio, ci sar\u00e0 un\u2019Applicazione IA, appositamente sviluppata per il museo Castromediano, che\u00a0indirizzer\u00e0 il visitatore verso ci\u00f2 che pi\u00f9 incuriosisce, filtrando le informazioni\/narrazioni a seconda\u00a0dei suoi interessi e che sar\u00e0 presentata in anteprima e potr\u00e0 essere scaricata gratuitamente.<\/p>\n<p>L\u2019iniziativa prende il via sabato mattina alle ore 11 con uno\u00a0<i>Sguardo altro sui Paesaggi di Mare<\/i>e prosegue con tre appuntamenti serali:\u00a0<i>Lo Sguardo dei millenials del Palmieri sui paesaggi di Terra<\/i>(ore 17), una visita speciale alla mostra\u00a0<i>Fernando de Filippi. Arte<\/i>(ore 19), un invito a \u201cguardare\u201d non solo con gli occhi i\u00a0<i>Paesaggi del Sacro<\/i>(ore 20).\u00a0L\u2019appuntamento riprende domenica mattina, alle ore 10, con lo\u00a0<i>Sguardo dei bambini sui Paesaggi dei Vivi<\/i>e si conclude nel pomeriggio (ore 17) con l\u2019ultimo sguardo sul\u00a0<i>Paesaggio dei morti<\/i>.<\/p>\n<p>Nel rispetto delle norme di sicurezza e distanziamento anticovid19, la prenotazione \u00e8 obbligatoria, e si pu\u00f2 effettuare inviando una mail all\u2019indirizzo\u00a0<a target=\"_self\">museocastromediano.lecce@regione.puglia.it<\/a>, con l\u2019indicazione del percorso scelto.<\/p>\n<p>L\u2019iniziativa \u00e8 realizzata in collaborazione con il Liceo Classico e Musicale Giuseppe Palmieri di Lecce e con il Consiglio Italiano per i Rifugiati (CIR onlus) nell\u2019ambito del progetto: \u201cLa Bellezza dell\u2019Integrazione\u201d.<\/p>\n<p>_____<\/p>\n<p>Anche il Castello di Copertino aderisce all&#8217;iniziativa, secondo le seguenti modalit\u00e0 comunicate oggi:<\/p>\n<p>Sabato 26 e domenica 27 settembre si celebrano in Italia le\u00a0#GEP2020\u00a0\u2013 Giornate Europee del Patrimonio, la manifestazione culturale che accomuna tutti i paesi\u00a0europei nella celebrazione del patrimonio culturale condiviso.<\/p>\n<p>Il\u00a0#CastellodiCopertino\u00a0partecipa all&#8217;iniziativa, come tutti gli altri\u00a0#museistatali\u00a0pugliesi della\u00a0#DirezioneRegionaleMuseiPuglia, con aperture straordinarie, visite guidate e eventi speciali.<\/p>\n<p>sabato 26 settembre: il castello sar\u00e0 aperto dalle 8.30 alle 13.30 e dalle 18 alle 21. Il bigietto per l&#8217;apertura serale \u00e8 al costo simbolico di 1 \u20ac, come in tutti i musei aderenti.<br \/>\nAlle 18.30 e alle 19.30 visite guidate del castello, incluse nel costo del biglietto (\u00e8 consigliata la prenotazione, telefonando al 0832-931612, via email all\u2019indirizzo drm-pug.castellodicopertino@beniculturali.it o contattando la pagina facebook).<\/p>\n<p>domenica 27 settembre: il castello sar\u00e0 aperto dalle 16 alle 20, con biglietto ai costi ordinari.<br \/>\nAlle 17 e alle 18 visite guidate del castello, speciali per bambini e ragazzi, in collaborazione con\u00a0Copertino in vetrina\u00a0(le prenotazioni sono obbligatorie, contattate la pagina facebook dell&#8217;associazione).<br \/>\nDalle 18.30 il castello ospiter\u00e0 un&#8217;esibizione degli arcieri e di tamburini e figuranti del corteo storico Madonna della Neve.<\/p>\n<p>&nbsp;<\/p>\n<fb:like href='https:\/\/www.leccecronaca.it\/index.php\/2020\/09\/24\/luoghi-della-cultura-aperture-straordinarie\/' send='true' layout='button_count' show_faces='true' width='450' height='65' action='recommend' colorscheme='light' font='lucida grande'><\/fb:like><span class=\"fb_share\"><fb:like href=\"https:\/\/www.leccecronaca.it\/index.php\/2020\/09\/24\/luoghi-della-cultura-aperture-straordinarie\/\" layout=\"button_count\"><\/fb:like><\/span>","protected":false},"excerpt":{"rendered":"<p>Riceviamo e volentieri pubblichiamo______ GIORNATE EUROPEE DEL PATRIMONIO 2020 26 &#8211; 27 SETTEMBRE 2020\u00a0LECCE \u2013 BRINDISI \u2013 TARANTO. In occasione delle Giornate Europee del\u00a0Patrimonio 2020, sabato 26 e domenica 27 settembre, la Soprintendenza Archeologia\u00a0belle Arti e Paesaggio per le province di Brindisi, Lecce e Taranto garantir\u00e0 l\u2019apertura\u00a0straordinaria e gratuita dei seguenti luoghi della cultura: 26 [&hellip;]<\/p>\n","protected":false},"author":4,"featured_media":172514,"comment_status":"open","ping_status":"closed","sticky":false,"template":"","format":"standard","meta":[],"categories":[69,31,75,36],"tags":[],"_links":{"self":[{"href":"https:\/\/www.leccecronaca.it\/index.php\/wp-json\/wp\/v2\/posts\/172512"}],"collection":[{"href":"https:\/\/www.leccecronaca.it\/index.php\/wp-json\/wp\/v2\/posts"}],"about":[{"href":"https:\/\/www.leccecronaca.it\/index.php\/wp-json\/wp\/v2\/types\/post"}],"author":[{"embeddable":true,"href":"https:\/\/www.leccecronaca.it\/index.php\/wp-json\/wp\/v2\/users\/4"}],"replies":[{"embeddable":true,"href":"https:\/\/www.leccecronaca.it\/index.php\/wp-json\/wp\/v2\/comments?post=172512"}],"version-history":[{"count":5,"href":"https:\/\/www.leccecronaca.it\/index.php\/wp-json\/wp\/v2\/posts\/172512\/revisions"}],"predecessor-version":[{"id":172521,"href":"https:\/\/www.leccecronaca.it\/index.php\/wp-json\/wp\/v2\/posts\/172512\/revisions\/172521"}],"wp:featuredmedia":[{"embeddable":true,"href":"https:\/\/www.leccecronaca.it\/index.php\/wp-json\/wp\/v2\/media\/172514"}],"wp:attachment":[{"href":"https:\/\/www.leccecronaca.it\/index.php\/wp-json\/wp\/v2\/media?parent=172512"}],"wp:term":[{"taxonomy":"category","embeddable":true,"href":"https:\/\/www.leccecronaca.it\/index.php\/wp-json\/wp\/v2\/categories?post=172512"},{"taxonomy":"post_tag","embeddable":true,"href":"https:\/\/www.leccecronaca.it\/index.php\/wp-json\/wp\/v2\/tags?post=172512"}],"curies":[{"name":"wp","href":"https:\/\/api.w.org\/{rel}","templated":true}]}}