{"id":172597,"date":"2020-09-25T18:22:33","date_gmt":"2020-09-25T16:22:33","guid":{"rendered":"http:\/\/www.leccecronaca.it\/?p=172597"},"modified":"2020-09-25T18:47:47","modified_gmt":"2020-09-25T16:47:47","slug":"comincia-il-campionato-anteprima-di-lecce-pordenone","status":"publish","type":"post","link":"https:\/\/www.leccecronaca.it\/index.php\/2020\/09\/25\/comincia-il-campionato-anteprima-di-lecce-pordenone\/","title":{"rendered":"COMINCIA LA B. ANTEPRIMA DI LECCE &#8211; PORDENONE"},"content":{"rendered":"<p><img decoding=\"async\" loading=\"lazy\" class=\"alignnone wp-image-172598 size-medium\" src=\"https:\/\/www.leccecronaca.it\/wordpress\/wp-content\/uploads\/2020\/09\/5484762_1256_corini_eu-300x225.jpg\" alt=\"\" width=\"300\" height=\"225\" srcset=\"https:\/\/www.leccecronaca.it\/wordpress\/wp-content\/uploads\/2020\/09\/5484762_1256_corini_eu-300x225.jpg 300w, https:\/\/www.leccecronaca.it\/wordpress\/wp-content\/uploads\/2020\/09\/5484762_1256_corini_eu-768x576.jpg 768w, https:\/\/www.leccecronaca.it\/wordpress\/wp-content\/uploads\/2020\/09\/5484762_1256_corini_eu-400x300.jpg 400w, https:\/\/www.leccecronaca.it\/wordpress\/wp-content\/uploads\/2020\/09\/5484762_1256_corini_eu.jpg 990w\" sizes=\"(max-width: 300px) 100vw, 300px\" \/>di <strong>Mattia Ala<\/strong>______<\/p>\n<p>Questa sera con l&#8217;anticipo Monza &#8211; Spal, fischio d&#8217;inizio ore 16.45, \u00e8 cominciato il campionato, che si annuncia particolarmente combattuto e difficile, di serie B, con un&#8217;interessante partita, che ha visto\u00a0 di fronte l&#8217;ambiziosa neopromossa di Galliani e Berlusconi, e la\u00a0 squadra emiliana: \u00e8 finita 0 a a 0, poco fa, un punto a ciascuno, per cominciare.<\/p>\n<p>Allora pronti, partenza, via!<\/p>\n<p>Comincia cos\u00ec anche il viaggio del Lecce, che attende il Pordenone al \u201cVia Del Mare\u201d, domani, sabato 26 settembre, ore 14.00.<\/p>\n<p>&nbsp;<\/p>\n<p><em>\u201cRitorneremo pi\u00f9 forti di prima<\/em>\u201d, questa la promessa fatta dal presidente Saverio \u00a0Sticchi Damiani ai tifosi dopo la dolorosa retrocessione in B.<\/p>\n<p>In effetti, non che dubitassimo di ci\u00f2, al netto di tutte le difficolt\u00e0, sportive ed economiche, causate dalla stessa \u00a0retrocessione e dal Covid, non si pu\u00f2 certo dire che la societ\u00e0\u00a0 salentina non abbia voluto ripartire in grande stile.<\/p>\n<p>Infatti, gi\u00e0 all\u2019indomani del 2 agosto, lo storico dirigente \u00a0Pantaleo Corvino,\u00a0 un lusso per la serie cadetta, era pronto a recarsi presso la sede di \u00a0Via Colonnello Costadura per mettere nero su bianco il suo contratto, e avviare, quindi, il nuovo ciclo pluriennale del Lecce.<\/p>\n<p>Nuovo coclo incentrato sulla volont\u00e0 di creare ricchezza tecnica ed economica, valorizzando il pi\u00f9 possibile giovani talenti in erba, scovati dal fiuto del direttore di Vernole, e investendo una fetta consistente del budget sul settore giovanile: una strategia coraggiosa ed ambiziosa.<\/p>\n<p>Giallorossi che non si sono persi d\u2019animo neppure \u00a0dopo l\u2019addio repentino e inatteso di Fabio Liverani, a quattro giorni dal raduno, con l\u2019ingaggio di Eugenio Corini, uno dei migliori allenatori della Serie B.<\/p>\n<p>&nbsp;<\/p>\n<p>Il tempo, per\u00f2,\u00a0 corre inesorabile, e dopo un mese ricco di cambiamenti, il sipario \u00e8 pronto ad rialzarsi sulla nuova stagione. Il Lecce \u00e8 atteso dal delicato confronto al Via Del Mare contro il Pordenone di Attilio Tesser, compagine rivelazione dello scorsa stagione, beffata ai play off.<\/p>\n<p>Vediamo come arrivano i giallorossi alla prima partita: Corini per la gara contro i \u201cRamarri\u201d avr\u00e0 a disposizione 23 giocatori, compresi tanti Primavera , a causa di non poche defezioni dovute al mercato e agli infortuni. Il modulo di partenza dovrebbe essere il 4-3-3. Proviamo ora ad azzardare un\u2019ipotetica formazione.<\/p>\n<p>Saranno indisponibili Falco, alle prese con un infortunio,\u00a0 Paganini, in ritardo di condizione, e Vigorito, in odor di cessione.<\/p>\n<p>Ci saranno, invece, tutti gli altri volti nuovi, anche il terzino destro ex Sassuolo \u00a0Adjapong, ufficializzato solo ieri, il quale, come anticipato dal mister bresciano in conferenza, potrebbe essere utilizzato \u00a0pi\u00f9 avanzato del solito, mentre l\u2019attacco sar\u00e0 tutto sulle spalle di bomber Massimo Coda, desideroso di cominciare a gonfiare la rete fin dall\u2019inizio.<\/p>\n<p>In mezzo al campo sono pronti \u00a0Majer, Henderson e Petriccione, con Listkowski che scalda i motori, pronto ad essere impiegato all\u2019occorrenza pi\u00f9 avanti, in ballottaggio con capitan Mancosu, a supporto di Coda, \u00a0mentre sulla linea difensiva, pi\u00f9 precisamente sulle fasce laterali, si concentrano i dubbi maggiori del tecnico di Bagnolo Mella. Tra i pali sar\u00e0 schierato Gabriel. Un match che apre un campionato tortuoso, difficile e ricco di insidie.<\/p>\n<p>&nbsp;<\/p>\n<p>Mister Corini (nella foto, nella conferenza stampa del prepartita di questo pomeriggio) suona la carica: <em>&#8220;Dovremo saper gestire la partita sui 95 minuti, ho qualche defezione che non mi permette di fare cambi adeguati per mantenere alto il livello della squadra. Per\u00f2 la mentalit\u00e0 deve restare offensiva, dobbiamo avere la voglia di fare risultato. Quando la squadra avversaria avr\u00e0 la palla proveremo a recuperarla pi\u00f9 in alto possibile per essere pi\u00f9 vicini all\u2019area avversaria. La squadra far\u00e0 la sua partita&#8221;.<\/em><\/p>\n<p>Dal canto suo mister Tesser ha riprovato il suo abituale modulo\u00a04-3-1-2, affinando un preciso modello di gioco, concreto e\u00a0 pragmatico, basato sulle qualit\u00e0 tecniche dei singoli. E accetta la sfida, consapevole dell&#8217;importanza immediata dei primi punti in palio: <em>&#8220;Un esordio da brividi&#8221;.<\/em><\/p>\n<p>&nbsp;<\/p>\n<fb:like href='https:\/\/www.leccecronaca.it\/index.php\/2020\/09\/25\/comincia-il-campionato-anteprima-di-lecce-pordenone\/' send='true' layout='button_count' show_faces='true' width='450' height='65' action='recommend' colorscheme='light' font='lucida grande'><\/fb:like><span class=\"fb_share\"><fb:like href=\"https:\/\/www.leccecronaca.it\/index.php\/2020\/09\/25\/comincia-il-campionato-anteprima-di-lecce-pordenone\/\" layout=\"button_count\"><\/fb:like><\/span>","protected":false},"excerpt":{"rendered":"<p>di Mattia Ala______ Questa sera con l&#8217;anticipo Monza &#8211; Spal, fischio d&#8217;inizio ore 16.45, \u00e8 cominciato il campionato, che si annuncia particolarmente combattuto e difficile, di serie B, con un&#8217;interessante partita, che ha visto\u00a0 di fronte l&#8217;ambiziosa neopromossa di Galliani e Berlusconi, e la\u00a0 squadra emiliana: \u00e8 finita 0 a a 0, poco fa, un [&hellip;]<\/p>\n","protected":false},"author":4,"featured_media":172598,"comment_status":"open","ping_status":"closed","sticky":false,"template":"","format":"standard","meta":[],"categories":[28],"tags":[],"_links":{"self":[{"href":"https:\/\/www.leccecronaca.it\/index.php\/wp-json\/wp\/v2\/posts\/172597"}],"collection":[{"href":"https:\/\/www.leccecronaca.it\/index.php\/wp-json\/wp\/v2\/posts"}],"about":[{"href":"https:\/\/www.leccecronaca.it\/index.php\/wp-json\/wp\/v2\/types\/post"}],"author":[{"embeddable":true,"href":"https:\/\/www.leccecronaca.it\/index.php\/wp-json\/wp\/v2\/users\/4"}],"replies":[{"embeddable":true,"href":"https:\/\/www.leccecronaca.it\/index.php\/wp-json\/wp\/v2\/comments?post=172597"}],"version-history":[{"count":6,"href":"https:\/\/www.leccecronaca.it\/index.php\/wp-json\/wp\/v2\/posts\/172597\/revisions"}],"predecessor-version":[{"id":172604,"href":"https:\/\/www.leccecronaca.it\/index.php\/wp-json\/wp\/v2\/posts\/172597\/revisions\/172604"}],"wp:featuredmedia":[{"embeddable":true,"href":"https:\/\/www.leccecronaca.it\/index.php\/wp-json\/wp\/v2\/media\/172598"}],"wp:attachment":[{"href":"https:\/\/www.leccecronaca.it\/index.php\/wp-json\/wp\/v2\/media?parent=172597"}],"wp:term":[{"taxonomy":"category","embeddable":true,"href":"https:\/\/www.leccecronaca.it\/index.php\/wp-json\/wp\/v2\/categories?post=172597"},{"taxonomy":"post_tag","embeddable":true,"href":"https:\/\/www.leccecronaca.it\/index.php\/wp-json\/wp\/v2\/tags?post=172597"}],"curies":[{"name":"wp","href":"https:\/\/api.w.org\/{rel}","templated":true}]}}