{"id":172627,"date":"2020-09-26T16:30:06","date_gmt":"2020-09-26T14:30:06","guid":{"rendered":"http:\/\/www.leccecronaca.it\/?p=172627"},"modified":"2020-09-26T16:45:38","modified_gmt":"2020-09-26T14:45:38","slug":"leccee-pordenone-non-si-fanno-male-al-via-del-mare-finisce-a-reti-bianche","status":"publish","type":"post","link":"https:\/\/www.leccecronaca.it\/index.php\/2020\/09\/26\/leccee-pordenone-non-si-fanno-male-al-via-del-mare-finisce-a-reti-bianche\/","title":{"rendered":"LECCE E PORDENONE NON SI FANNO MALE, AL VIA DEL MARE FINISCE A RETI BIANCHE LA PRIMA DI CAMPIONATO"},"content":{"rendered":"<p><img decoding=\"async\" loading=\"lazy\" class=\"alignnone size-large wp-image-172628\" src=\"https:\/\/www.leccecronaca.it\/wordpress\/wp-content\/uploads\/2020\/09\/l-p-1024x768.jpg\" alt=\"\" width=\"1024\" height=\"768\" \/>di <strong>Mattia Ala<\/strong>______<\/p>\n<p>Nell\u2019attesissimo debutto della nuova stagione cadetta \u00a0pari e patta fra Lecce e Pordenone: al Via Del Mare (nella foto) \u00e8 0-0.<\/p>\n<p>Corini oppone alla formazione friulana un 4-3-3, con Mancosu e Listkowski larghi nel tridente offensivo a supporto di Coda, \u00a0schierando in campo dall\u2019inizio\u00a0 tutti i nuovi acquisti, eccetto Adjapong, in panchina, e Paganini, non convocato.<\/p>\n<p>Invece, i ragazzi allenati da Attilio Tesser\u00a0 scendono sul rettangolo verde con un 4-3-1-2.<\/p>\n<p>Nei primi\u00a0 venti minuti i salentini\u00a0 faticano a reggere la pressione e l\u2019intensit\u00e0\u00a0 dei \u201cramarri\u201d, apparsi decisamente in palla, con Gabriel costretto pi\u00f9 volte a salvare il risultato, ma alla lunga vengono fuori, creando\u00a0 ghiotte occasioni dapprima con Listkowski, destro rasoterra che si stampa sul palo, e Biagio Meccariello, e facendo intravedere sprazzi di bel gioco. La prima frazione di gioco si conclude a reti inviolate.<\/p>\n<p>Il secondo tempo si apre sulla falsariga del primo, con varie opportunit\u00e0, sia da una parte, sia dall\u2019altra, ma il punteggio resta fino alla fine bloccato sullo 0-0.<\/p>\n<p>Per quello che ha fatto vedere il campo risultato giusto, con due squadre che si sono equilibrate. Discreta prova dei giallorossi, decimati dagli infortuni e\u00a0 ancora un cantiere aperto, con Pantaleo Corvino che dovr\u00e0 necessariamente completare l\u2019organico a disposizione di Corini nel minor tempo possibile.<\/p>\n<p>Ora il Lecce, prima della trasferta di sabato prossimo in terra marchigiana contro l\u2019Ascoli, \u00e8 atteso dal confronto interno mercoled\u00ec in Coppa Italia contro la Feralpisal\u00f2.<\/p>\n<fb:like href='https:\/\/www.leccecronaca.it\/index.php\/2020\/09\/26\/leccee-pordenone-non-si-fanno-male-al-via-del-mare-finisce-a-reti-bianche\/' send='true' layout='button_count' show_faces='true' width='450' height='65' action='recommend' colorscheme='light' font='lucida grande'><\/fb:like><span class=\"fb_share\"><fb:like href=\"https:\/\/www.leccecronaca.it\/index.php\/2020\/09\/26\/leccee-pordenone-non-si-fanno-male-al-via-del-mare-finisce-a-reti-bianche\/\" layout=\"button_count\"><\/fb:like><\/span>","protected":false},"excerpt":{"rendered":"<p>di Mattia Ala______ Nell\u2019attesissimo debutto della nuova stagione cadetta \u00a0pari e patta fra Lecce e Pordenone: al Via Del Mare (nella foto) \u00e8 0-0. Corini oppone alla formazione friulana un 4-3-3, con Mancosu e Listkowski larghi nel tridente offensivo a supporto di Coda, \u00a0schierando in campo dall\u2019inizio\u00a0 tutti i nuovi acquisti, eccetto Adjapong, in panchina, [&hellip;]<\/p>\n","protected":false},"author":4,"featured_media":172628,"comment_status":"open","ping_status":"closed","sticky":false,"template":"","format":"standard","meta":[],"categories":[28],"tags":[],"_links":{"self":[{"href":"https:\/\/www.leccecronaca.it\/index.php\/wp-json\/wp\/v2\/posts\/172627"}],"collection":[{"href":"https:\/\/www.leccecronaca.it\/index.php\/wp-json\/wp\/v2\/posts"}],"about":[{"href":"https:\/\/www.leccecronaca.it\/index.php\/wp-json\/wp\/v2\/types\/post"}],"author":[{"embeddable":true,"href":"https:\/\/www.leccecronaca.it\/index.php\/wp-json\/wp\/v2\/users\/4"}],"replies":[{"embeddable":true,"href":"https:\/\/www.leccecronaca.it\/index.php\/wp-json\/wp\/v2\/comments?post=172627"}],"version-history":[{"count":2,"href":"https:\/\/www.leccecronaca.it\/index.php\/wp-json\/wp\/v2\/posts\/172627\/revisions"}],"predecessor-version":[{"id":172630,"href":"https:\/\/www.leccecronaca.it\/index.php\/wp-json\/wp\/v2\/posts\/172627\/revisions\/172630"}],"wp:featuredmedia":[{"embeddable":true,"href":"https:\/\/www.leccecronaca.it\/index.php\/wp-json\/wp\/v2\/media\/172628"}],"wp:attachment":[{"href":"https:\/\/www.leccecronaca.it\/index.php\/wp-json\/wp\/v2\/media?parent=172627"}],"wp:term":[{"taxonomy":"category","embeddable":true,"href":"https:\/\/www.leccecronaca.it\/index.php\/wp-json\/wp\/v2\/categories?post=172627"},{"taxonomy":"post_tag","embeddable":true,"href":"https:\/\/www.leccecronaca.it\/index.php\/wp-json\/wp\/v2\/tags?post=172627"}],"curies":[{"name":"wp","href":"https:\/\/api.w.org\/{rel}","templated":true}]}}