{"id":172977,"date":"2020-10-06T00:02:57","date_gmt":"2020-10-05T22:02:57","guid":{"rendered":"http:\/\/www.leccecronaca.it\/?p=172977"},"modified":"2020-10-06T14:55:17","modified_gmt":"2020-10-06T12:55:17","slug":"ritratto-poetico-di-enrico-romano","status":"publish","type":"post","link":"https:\/\/www.leccecronaca.it\/index.php\/2020\/10\/06\/ritratto-poetico-di-enrico-romano\/","title":{"rendered":"RITRATTO POETICO DI ENRICO ROMANO"},"content":{"rendered":"<p><img decoding=\"async\" loading=\"lazy\" class=\"alignnone size-full wp-image-172978\" src=\"https:\/\/www.leccecronaca.it\/wordpress\/wp-content\/uploads\/2020\/10\/nk2_1682.jpg\" alt=\"\" width=\"584\" height=\"876\" srcset=\"https:\/\/www.leccecronaca.it\/wordpress\/wp-content\/uploads\/2020\/10\/nk2_1682.jpg 584w, https:\/\/www.leccecronaca.it\/wordpress\/wp-content\/uploads\/2020\/10\/nk2_1682-200x300.jpg 200w\" sizes=\"(max-width: 584px) 100vw, 584px\" \/>di<b> Chiara Evangelista______<\/b><\/p>\n<p>Architetto dalla vena poetica trasmessagli dal padre, Enrico Romano \u00e8 tra i poeti salentini pi\u00f9 attivi e apprezzati del territorio. Presidente dell\u2019<em>Associazione culturale Vitruvio<\/em>, Romano negli anni ha dato forma alla sua passione \u201cinnata\u201d, come la definisce il poeta stesso, nei confronti delle belle lettere. Gi\u00e0 da adolescente era attratto dai poemi omerici che hanno trainato il fuoco vitale della poesia.<\/p>\n<p>&nbsp;<\/p>\n<p><em>\u201cSe l\u2019Iliade e l\u2019Odissea non fossero state scritte in versi, non le avrei mai studiate a fondo. I miei poeti preferiti sono Giuseppe Ungaretti e Emily Dickinson per l\u2019attualit\u00e0 dei loro versi caratterizzati da eleganza e raffinatezza linguistica. Ma all\u2019elenco dovrei aggiungere anche Mimnermo, Shakespeare, Dante, Montale, Quasimodo, Frost\u2026\u201d<\/em><\/p>\n<p>&nbsp;<\/p>\n<p>I modelli di riferimento riverberano anche nella sua ultima raccolta: <em>Moltitudini di nulla<\/em>, edito da <em>Il raggio verde. <\/em><\/p>\n<p>&nbsp;<\/p>\n<p><em>&lt;&lt; \u201cMoltitudini di nulla\u201d nasce come libro che racchiude le poesie, i componimenti figli di questa epoca aggressiva, vile, sconcertante. Noto che, spesso, i poeti scrivono in forma di \u201clamento\u201d quasi come presa d\u2019atto delle vicende figlie del XXI secolo.<\/em><\/p>\n<p><em>Sono sempre stato dell\u2019avviso che il poeta non deve essere chi aspetta che il fatto accada per narrarlo, o per piangere su di esso; al contrario deve tentare di prevedere l\u2019evento negativo, nefasto e, se possibile, annullarlo (fatto, questo, assai raro). La sensibilit\u00e0 del poeta non \u00e8 quella del chiaroveggente ma una sensibilit\u00e0 che preavverte e preavvisa gli eventi. Il poeta non deve essere \u201cprofeta\u201d, ma lungimirante e deve essere libero da ogni forma di vincolo. Il poeta non segue la moda, semmai la detta\u2026&gt;&gt;<\/em><\/p>\n<p>&nbsp;<\/p>\n<p>Si tratta, di fatto, di poesie d\u2019amore: amore per la terra, la cultura, la natura, il rispetto, la riservatezza e la concretezza.<\/p>\n<p>&nbsp;<\/p>\n<p><em>cambia il paesaggio<\/em><\/p>\n<p><em>d\u2019umane levature,<\/em><\/p>\n<p><em>svenduta la mente<br \/>\nad inesistenti concetti<\/em><\/p>\n<p><em>l\u2019opportuno rifulge<\/em><\/p>\n<p><em>di squallido ardore,<\/em><\/p>\n<p><em>restano dominanti<\/em><\/p>\n<p><em>moltitudini di nulla!<\/em><em>\u00a0<\/em><\/p>\n<p>&nbsp;<\/p>\n<p>I tentacoli poetici di Enrico Romano s\u2019impadroniscono di pruriginose pennellate di fantasia, annichilite dalla fugacit\u00e0 coscienziosa del tempo, per confluire in interrogativi di cristallo: quando \u00e8 nato il tempo?<\/p>\n<p><em>c\u2019e\u0300 chi ha percorso<\/em><\/p>\n<p><em>\u00a0solo un miglio<br \/>\ndi poesia, calpesta <\/em><\/p>\n<p><em>avite scogliere <\/em><\/p>\n<p><em>ignora le radici<\/em><\/p>\n<p><em>\u00a0oltraggiate<\/em><\/p>\n<p><em>senza osservare <\/em><\/p>\n<p><em>l\u2019ocra<br \/>\ndi agostani licheni!<\/em><\/p>\n<p><em>\u00a0<\/em>La raccolta moltitudini di nulla \u00e8 vento che porta i granelli di sabbia dispersi nelle coste degli anni, non calpesta le radici poetiche passate, ma semina licheni di terre tradite e aride.<\/p>\n<p>&nbsp;<\/p>\n<fb:like href='https:\/\/www.leccecronaca.it\/index.php\/2020\/10\/06\/ritratto-poetico-di-enrico-romano\/' send='true' layout='button_count' show_faces='true' width='450' height='65' action='recommend' colorscheme='light' font='lucida grande'><\/fb:like><span class=\"fb_share\"><fb:like href=\"https:\/\/www.leccecronaca.it\/index.php\/2020\/10\/06\/ritratto-poetico-di-enrico-romano\/\" layout=\"button_count\"><\/fb:like><\/span>","protected":false},"excerpt":{"rendered":"<p>di Chiara Evangelista______ Architetto dalla vena poetica trasmessagli dal padre, Enrico Romano \u00e8 tra i poeti salentini pi\u00f9 attivi e apprezzati del territorio. Presidente dell\u2019Associazione culturale Vitruvio, Romano negli anni ha dato forma alla sua passione \u201cinnata\u201d, come la definisce il poeta stesso, nei confronti delle belle lettere. Gi\u00e0 da adolescente era attratto dai poemi [&hellip;]<\/p>\n","protected":false},"author":4,"featured_media":172978,"comment_status":"open","ping_status":"closed","sticky":false,"template":"","format":"standard","meta":[],"categories":[31],"tags":[],"_links":{"self":[{"href":"https:\/\/www.leccecronaca.it\/index.php\/wp-json\/wp\/v2\/posts\/172977"}],"collection":[{"href":"https:\/\/www.leccecronaca.it\/index.php\/wp-json\/wp\/v2\/posts"}],"about":[{"href":"https:\/\/www.leccecronaca.it\/index.php\/wp-json\/wp\/v2\/types\/post"}],"author":[{"embeddable":true,"href":"https:\/\/www.leccecronaca.it\/index.php\/wp-json\/wp\/v2\/users\/4"}],"replies":[{"embeddable":true,"href":"https:\/\/www.leccecronaca.it\/index.php\/wp-json\/wp\/v2\/comments?post=172977"}],"version-history":[{"count":1,"href":"https:\/\/www.leccecronaca.it\/index.php\/wp-json\/wp\/v2\/posts\/172977\/revisions"}],"predecessor-version":[{"id":172979,"href":"https:\/\/www.leccecronaca.it\/index.php\/wp-json\/wp\/v2\/posts\/172977\/revisions\/172979"}],"wp:featuredmedia":[{"embeddable":true,"href":"https:\/\/www.leccecronaca.it\/index.php\/wp-json\/wp\/v2\/media\/172978"}],"wp:attachment":[{"href":"https:\/\/www.leccecronaca.it\/index.php\/wp-json\/wp\/v2\/media?parent=172977"}],"wp:term":[{"taxonomy":"category","embeddable":true,"href":"https:\/\/www.leccecronaca.it\/index.php\/wp-json\/wp\/v2\/categories?post=172977"},{"taxonomy":"post_tag","embeddable":true,"href":"https:\/\/www.leccecronaca.it\/index.php\/wp-json\/wp\/v2\/tags?post=172977"}],"curies":[{"name":"wp","href":"https:\/\/api.w.org\/{rel}","templated":true}]}}