{"id":173276,"date":"2020-10-11T16:42:34","date_gmt":"2020-10-11T14:42:34","guid":{"rendered":"http:\/\/www.leccecronaca.it\/?p=173276"},"modified":"2020-10-11T16:48:14","modified_gmt":"2020-10-11T14:48:14","slug":"mascherina-obbligatoria-anche-per-chi-fa-una-passeggiata","status":"publish","type":"post","link":"https:\/\/www.leccecronaca.it\/index.php\/2020\/10\/11\/mascherina-obbligatoria-anche-per-chi-fa-una-passeggiata\/","title":{"rendered":"MASCHERINA OBBLIGATORIA ANCHE PER PASSEGGIARE"},"content":{"rendered":"<p><img decoding=\"async\" loading=\"lazy\" class=\"alignnone size-full wp-image-173277\" src=\"https:\/\/www.leccecronaca.it\/wordpress\/wp-content\/uploads\/2020\/10\/75625417_101255397995065_911189900395544576_n.jpg\" alt=\"\" width=\"933\" height=\"400\" srcset=\"https:\/\/www.leccecronaca.it\/wordpress\/wp-content\/uploads\/2020\/10\/75625417_101255397995065_911189900395544576_n.jpg 933w, https:\/\/www.leccecronaca.it\/wordpress\/wp-content\/uploads\/2020\/10\/75625417_101255397995065_911189900395544576_n-300x129.jpg 300w, https:\/\/www.leccecronaca.it\/wordpress\/wp-content\/uploads\/2020\/10\/75625417_101255397995065_911189900395544576_n-768x329.jpg 768w\" sizes=\"(max-width: 933px) 100vw, 933px\" \/>(Rdl)______E&#8217; arrivata oggi una circolare esplicativa del Ministero dell&#8217;Interno (nella foto, la sede di piazza del Viminale a Roma), riguardante l&#8217;uso della mascherina all&#8217;aperto per quanto concerne attivit\u00e0 motoie e\/o sportive.<\/p>\n<p>Nel testo viene precisato che sono esentati dall&#8217;obbligo di utilizzo &#8220;solo coloro che abbiano in corso l&#8217;attivit\u00e0 sportiva e non quella motoria, non esonerata, invece, dall&#8217;obbligo in questione&#8221;.<\/p>\n<p>E viene di seguito spiegato che &#8220;per attivit\u00e0 motoria si intende l&#8217;attivit\u00e0 fisica, cio\u00e8 qualunque movimento determinato dal sistema muscolo-scheletrico che si traduce in un dispendio energetico superiore a quello delle condizioni di riposo&#8221;; invece &#8220;l&#8217; attivit\u00e0 sportiva comprende situazioni competitive strutturate e sottoposte a regole ben precise&#8221;.______<\/p>\n<p>LA RICERCA nel nostro articolo del 7 ottobre scorso<\/p>\n<blockquote class=\"wp-embedded-content\" data-secret=\"IqRRcHhOj6\"><p><a href=\"https:\/\/www.leccecronaca.it\/index.php\/2020\/10\/07\/il-governo-ottiene-lo-stato-di-emergenza-fino-al-31-gennaio-2021-mascherine-sempre-piu-obbligatorie\/\">IL GOVERNO OTTIENE LO STATO DI EMERGENZA FINO AL 31 GENNAIO 2021. MASCHERINE SEMPRE PIU&#8217; OBBLIGATORIE<\/a><\/p><\/blockquote>\n<p><iframe class=\"wp-embedded-content\" sandbox=\"allow-scripts\" security=\"restricted\" style=\"position: absolute; clip: rect(1px, 1px, 1px, 1px);\" src=\"https:\/\/www.leccecronaca.it\/index.php\/2020\/10\/07\/il-governo-ottiene-lo-stato-di-emergenza-fino-al-31-gennaio-2021-mascherine-sempre-piu-obbligatorie\/embed\/#?secret=IqRRcHhOj6\" data-secret=\"IqRRcHhOj6\" width=\"500\" height=\"282\" title=\"&#8220;IL GOVERNO OTTIENE LO STATO DI EMERGENZA FINO AL 31 GENNAIO 2021. MASCHERINE SEMPRE PIU&#8217; OBBLIGATORIE&#8221; &#8212; LecceCronaca.it\" frameborder=\"0\" marginwidth=\"0\" marginheight=\"0\" scrolling=\"no\"><\/iframe><\/p>\n<fb:like href='https:\/\/www.leccecronaca.it\/index.php\/2020\/10\/11\/mascherina-obbligatoria-anche-per-chi-fa-una-passeggiata\/' send='true' layout='button_count' show_faces='true' width='450' height='65' action='recommend' colorscheme='light' font='lucida grande'><\/fb:like><span class=\"fb_share\"><fb:like href=\"https:\/\/www.leccecronaca.it\/index.php\/2020\/10\/11\/mascherina-obbligatoria-anche-per-chi-fa-una-passeggiata\/\" layout=\"button_count\"><\/fb:like><\/span>","protected":false},"excerpt":{"rendered":"<p>(Rdl)______E&#8217; arrivata oggi una circolare esplicativa del Ministero dell&#8217;Interno (nella foto, la sede di piazza del Viminale a Roma), riguardante l&#8217;uso della mascherina all&#8217;aperto per quanto concerne attivit\u00e0 motoie e\/o sportive. Nel testo viene precisato che sono esentati dall&#8217;obbligo di utilizzo &#8220;solo coloro che abbiano in corso l&#8217;attivit\u00e0 sportiva e non quella motoria, non esonerata, [&hellip;]<\/p>\n","protected":false},"author":4,"featured_media":173277,"comment_status":"open","ping_status":"closed","sticky":false,"template":"","format":"standard","meta":[],"categories":[69],"tags":[],"_links":{"self":[{"href":"https:\/\/www.leccecronaca.it\/index.php\/wp-json\/wp\/v2\/posts\/173276"}],"collection":[{"href":"https:\/\/www.leccecronaca.it\/index.php\/wp-json\/wp\/v2\/posts"}],"about":[{"href":"https:\/\/www.leccecronaca.it\/index.php\/wp-json\/wp\/v2\/types\/post"}],"author":[{"embeddable":true,"href":"https:\/\/www.leccecronaca.it\/index.php\/wp-json\/wp\/v2\/users\/4"}],"replies":[{"embeddable":true,"href":"https:\/\/www.leccecronaca.it\/index.php\/wp-json\/wp\/v2\/comments?post=173276"}],"version-history":[{"count":3,"href":"https:\/\/www.leccecronaca.it\/index.php\/wp-json\/wp\/v2\/posts\/173276\/revisions"}],"predecessor-version":[{"id":173280,"href":"https:\/\/www.leccecronaca.it\/index.php\/wp-json\/wp\/v2\/posts\/173276\/revisions\/173280"}],"wp:featuredmedia":[{"embeddable":true,"href":"https:\/\/www.leccecronaca.it\/index.php\/wp-json\/wp\/v2\/media\/173277"}],"wp:attachment":[{"href":"https:\/\/www.leccecronaca.it\/index.php\/wp-json\/wp\/v2\/media?parent=173276"}],"wp:term":[{"taxonomy":"category","embeddable":true,"href":"https:\/\/www.leccecronaca.it\/index.php\/wp-json\/wp\/v2\/categories?post=173276"},{"taxonomy":"post_tag","embeddable":true,"href":"https:\/\/www.leccecronaca.it\/index.php\/wp-json\/wp\/v2\/tags?post=173276"}],"curies":[{"name":"wp","href":"https:\/\/api.w.org\/{rel}","templated":true}]}}