{"id":173313,"date":"2020-10-12T00:03:40","date_gmt":"2020-10-11T22:03:40","guid":{"rendered":"http:\/\/www.leccecronaca.it\/?p=173313"},"modified":"2020-10-12T16:01:02","modified_gmt":"2020-10-12T14:01:02","slug":"raffaele-chiulli-inaugura-lanno-accademico-del-corso-di-laurea-in-diritto-e-management-dello-sport","status":"publish","type":"post","link":"https:\/\/www.leccecronaca.it\/index.php\/2020\/10\/12\/raffaele-chiulli-inaugura-lanno-accademico-del-corso-di-laurea-in-diritto-e-management-dello-sport\/","title":{"rendered":"L&#8217;INTERVENTO DI RAFFAELE CHIULLI INAUGURA L&#8217;ANNO ACCADEMICO DEL CORSO DI LAUREA IN DIRITTO E MANAGEMENT DELLO SPORT DELL&#8217;UNIVERSITA&#8217; DEL SALENTO"},"content":{"rendered":"<p><img decoding=\"async\" loading=\"lazy\" class=\"alignnone size-large wp-image-173315\" src=\"https:\/\/www.leccecronaca.it\/wordpress\/wp-content\/uploads\/2020\/10\/RaffaeleChiulli-1024x682.jpg\" alt=\"\" width=\"1024\" height=\"682\" srcset=\"https:\/\/www.leccecronaca.it\/wordpress\/wp-content\/uploads\/2020\/10\/RaffaeleChiulli-1024x682.jpg 1024w, https:\/\/www.leccecronaca.it\/wordpress\/wp-content\/uploads\/2020\/10\/RaffaeleChiulli-300x200.jpg 300w, https:\/\/www.leccecronaca.it\/wordpress\/wp-content\/uploads\/2020\/10\/RaffaeleChiulli-768x511.jpg 768w, https:\/\/www.leccecronaca.it\/wordpress\/wp-content\/uploads\/2020\/10\/RaffaeleChiulli-1536x1022.jpg 1536w, https:\/\/www.leccecronaca.it\/wordpress\/wp-content\/uploads\/2020\/10\/RaffaeleChiulli.jpg 2048w\" sizes=\"(max-width: 1024px) 100vw, 1024px\" \/>Riceviamo e volentieri pubblichiamo. L&#8217;ufficio comunicazione dell&#8217;Universit\u00e0 del Salento co manda il seguente comunicato______<\/p>\n<p>\u201cDIRITTO E MANAGEMENT DELLO SPORT\u201d<br \/>\nIL 13 OTTOBRE RAFFAELE CHIULLI OSPITE DELL\u2019EVENTO ONLINE<br \/>\nCHE INAUGURA L\u2019ANNO ACCADEMICO DEL CORSO DI LAUREA UNISALENTO<\/p>\n<p>\u201cLe nuove frontiere dello sport nel mondo\u201d \u00e8 il tema dell\u2019evento online che inaugurer\u00e0 l\u2019anno accademico 2020\/2021 del corso di laurea in\u00a0Diritto e management dello sport\u00a0dell\u2019Universit\u00e0 del Salento: appuntamento\u00a0<strong><span style=\"color: #000080;\">marted\u00ec 13 ottobre 2020<\/span><\/strong>, alle <strong><span style=\"color: #000080;\">ore 11<\/span><\/strong>, su<\/p>\n<p><a href=\"https:\/\/zoom.us\/j\/93177930390\">https:\/\/zoom.us\/j\/93177930390<\/a>\u00a0(meeting ID: 931 7793 0390)<\/p>\n<p>e sulla pagina Facebook del Dipartimento di Scienze giuridiche @giurisprudenza.unisalento.<\/p>\n<p>Ospite dell\u2019incontro sar\u00e0 il manager\u00a0Raffaele Chiulli: \u00e8 presidente della Federazione internazionale di motonautica (UIM); presidente di GAISF, che rappresenta 125 organizzazioni sportive internazionali; presidente di SportAccord, che organizza annualmente eventi sportivi tra i quali il \u201cWorld Sport &amp; Business Summit\u201d; presidente del Forum delle federazioni sportive internazionali (IF Forum) e di ARSIF, l\u2019organizzazione che include le 42 federazioni internazionali riconosciute dal CIO, cinque delle quali parteciperanno ai prossimi giochi olimpici di Tokyo.<\/p>\n<p>\u00abUn\u2019opportunit\u00e0 molto importante per i nostri studenti, che potranno ragionare del futuro dello sport nel mondo assieme a un professionista che ha raggiunto le pi\u00f9 alte cariche dello sport internazionale\u00bb, sottolineano il Direttore del Dipartimento di Scienze giuridiche\u00a0Luigi Melica\u00a0e il presidente del corso di laurea\u00a0Attilio Pisan\u00f2, \u00abPotremo verificare come lo sport sia un vettore trainante a livello socio-economico, oltre che uno straordinario fattore di aggregazione sociale\u00bb.<\/p>\n<p>\u00abAscoltare le parole di uno dei dirigenti pi\u00f9 apprezzati ed esperti del panorama sportivo internazionale sar\u00e0 avvincente per i nostri studenti\u00bb, aggiunge\u00a0Stefano Polidori, presidente del corso di laurea in Giurisprudenza, \u00abChiulli \u00e8 un profondo conoscitore dello sport, e potr\u00e0 spiegare sia una pratica universale che riesce a legare popoli e culture diverse, senza frontiere e steccati ideologici, come del resto affermato dai valori dell\u2019olimpismo consacrati nella Carta olimpica\u00bb.<\/p>\n<p>Interverranno anche il Rettore\u00a0Fabio Pollice, il Sindaco di Lecce\u00a0Carlo Salvemini, il professor\u00a0Stefano Adamo\u00a0e\u00a0Paolo Bertaccini Bonoli, direttore dell\u2019Istituto internazionale italiano studi sport e societ\u00e0, vice campione del mondo master di atletica leggera nella 4&#215;400 metri e italiano 800m.<\/p>\n<p>Il corso di laurea in Diritto e management dello sport \u00e8 erogato interamente a distanza e vede tra i suoi studenti anche sportivi in attivit\u00e0, ex sportivi, tecnici, dirigenti e funzionari di societ\u00e0 sportive; le iscrizioni sono possibili fino al 5 novembre.<\/p>\n<p><img decoding=\"async\" loading=\"lazy\" class=\"alignnone size-large wp-image-173314\" src=\"https:\/\/www.leccecronaca.it\/wordpress\/wp-content\/uploads\/2020\/10\/inaugurazione_dirittomanagementsport2020-768x1024.jpg\" alt=\"\" width=\"768\" height=\"1024\" srcset=\"https:\/\/www.leccecronaca.it\/wordpress\/wp-content\/uploads\/2020\/10\/inaugurazione_dirittomanagementsport2020-768x1024.jpg 768w, https:\/\/www.leccecronaca.it\/wordpress\/wp-content\/uploads\/2020\/10\/inaugurazione_dirittomanagementsport2020-225x300.jpg 225w, https:\/\/www.leccecronaca.it\/wordpress\/wp-content\/uploads\/2020\/10\/inaugurazione_dirittomanagementsport2020.jpg 900w\" sizes=\"(max-width: 768px) 100vw, 768px\" \/><\/p>\n<fb:like href='https:\/\/www.leccecronaca.it\/index.php\/2020\/10\/12\/raffaele-chiulli-inaugura-lanno-accademico-del-corso-di-laurea-in-diritto-e-management-dello-sport\/' send='true' layout='button_count' show_faces='true' width='450' height='65' action='recommend' colorscheme='light' font='lucida grande'><\/fb:like><span class=\"fb_share\"><fb:like href=\"https:\/\/www.leccecronaca.it\/index.php\/2020\/10\/12\/raffaele-chiulli-inaugura-lanno-accademico-del-corso-di-laurea-in-diritto-e-management-dello-sport\/\" layout=\"button_count\"><\/fb:like><\/span>","protected":false},"excerpt":{"rendered":"<p>Riceviamo e volentieri pubblichiamo. L&#8217;ufficio comunicazione dell&#8217;Universit\u00e0 del Salento co manda il seguente comunicato______ \u201cDIRITTO E MANAGEMENT DELLO SPORT\u201d IL 13 OTTOBRE RAFFAELE CHIULLI OSPITE DELL\u2019EVENTO ONLINE CHE INAUGURA L\u2019ANNO ACCADEMICO DEL CORSO DI LAUREA UNISALENTO \u201cLe nuove frontiere dello sport nel mondo\u201d \u00e8 il tema dell\u2019evento online che inaugurer\u00e0 l\u2019anno accademico 2020\/2021 del corso [&hellip;]<\/p>\n","protected":false},"author":4,"featured_media":173315,"comment_status":"open","ping_status":"closed","sticky":false,"template":"","format":"standard","meta":[],"categories":[31,75],"tags":[],"_links":{"self":[{"href":"https:\/\/www.leccecronaca.it\/index.php\/wp-json\/wp\/v2\/posts\/173313"}],"collection":[{"href":"https:\/\/www.leccecronaca.it\/index.php\/wp-json\/wp\/v2\/posts"}],"about":[{"href":"https:\/\/www.leccecronaca.it\/index.php\/wp-json\/wp\/v2\/types\/post"}],"author":[{"embeddable":true,"href":"https:\/\/www.leccecronaca.it\/index.php\/wp-json\/wp\/v2\/users\/4"}],"replies":[{"embeddable":true,"href":"https:\/\/www.leccecronaca.it\/index.php\/wp-json\/wp\/v2\/comments?post=173313"}],"version-history":[{"count":5,"href":"https:\/\/www.leccecronaca.it\/index.php\/wp-json\/wp\/v2\/posts\/173313\/revisions"}],"predecessor-version":[{"id":173320,"href":"https:\/\/www.leccecronaca.it\/index.php\/wp-json\/wp\/v2\/posts\/173313\/revisions\/173320"}],"wp:featuredmedia":[{"embeddable":true,"href":"https:\/\/www.leccecronaca.it\/index.php\/wp-json\/wp\/v2\/media\/173315"}],"wp:attachment":[{"href":"https:\/\/www.leccecronaca.it\/index.php\/wp-json\/wp\/v2\/media?parent=173313"}],"wp:term":[{"taxonomy":"category","embeddable":true,"href":"https:\/\/www.leccecronaca.it\/index.php\/wp-json\/wp\/v2\/categories?post=173313"},{"taxonomy":"post_tag","embeddable":true,"href":"https:\/\/www.leccecronaca.it\/index.php\/wp-json\/wp\/v2\/tags?post=173313"}],"curies":[{"name":"wp","href":"https:\/\/api.w.org\/{rel}","templated":true}]}}