{"id":173347,"date":"2020-10-13T11:43:51","date_gmt":"2020-10-13T09:43:51","guid":{"rendered":"http:\/\/www.leccecronaca.it\/?p=173347"},"modified":"2020-10-13T11:44:39","modified_gmt":"2020-10-13T09:44:39","slug":"una-psicologa-uneducatrice-e-unassistente-sociale-aiutano-i-disabili-e-decorare-il-legno-la-passione-che-diventa-lavoro-a-leccecronaca-it-viviana-del-turco-racconta-questo-progetto-innovativo","status":"publish","type":"post","link":"https:\/\/www.leccecronaca.it\/index.php\/2020\/10\/13\/una-psicologa-uneducatrice-e-unassistente-sociale-aiutano-i-disabili-e-decorare-il-legno-la-passione-che-diventa-lavoro-a-leccecronaca-it-viviana-del-turco-racconta-questo-progetto-innovativo\/","title":{"rendered":"UNA PSICOLOGA, UN&#8217;EDUCATRICE E UN&#8217;ASSISTENTE SOCIALE AIUTANO I DISABILI E DECORARE IL LEGNO: LA PASSIONE CHE DIVENTA LAVORO. A leccecronaca.it VIVIANA DEL TURCO RACCONTA QUESTO PROGETTO INNOVATIVO"},"content":{"rendered":"<p><img decoding=\"async\" loading=\"lazy\" class=\"alignnone size-full wp-image-173348\" src=\"https:\/\/www.leccecronaca.it\/wordpress\/wp-content\/uploads\/2020\/10\/121337709_2622963994609302_7898967539264140929_n.png\" alt=\"\" width=\"800\" height=\"600\" srcset=\"https:\/\/www.leccecronaca.it\/wordpress\/wp-content\/uploads\/2020\/10\/121337709_2622963994609302_7898967539264140929_n.png 800w, https:\/\/www.leccecronaca.it\/wordpress\/wp-content\/uploads\/2020\/10\/121337709_2622963994609302_7898967539264140929_n-300x225.png 300w, https:\/\/www.leccecronaca.it\/wordpress\/wp-content\/uploads\/2020\/10\/121337709_2622963994609302_7898967539264140929_n-768x576.png 768w, https:\/\/www.leccecronaca.it\/wordpress\/wp-content\/uploads\/2020\/10\/121337709_2622963994609302_7898967539264140929_n-400x300.png 400w\" sizes=\"(max-width: 800px) 100vw, 800px\" \/>di <strong>Francesco Buja<\/strong>______<\/p>\n<p>Un\u2019officina d\u2019artigianato per ragazzi diversamente abili e per anziani. L\u2019idea di un\u2019assistente sociale, un\u2019educatrice socio-pedagogica e una psicologa. Rispettivamente Sara Di Donfrancesco, Giuliana Del Basso e Viviana Turco (nella foto), le quali, dopo aver svolto servizio civile in un centro per disabili, hanno sperimentato un laboratorio dei decorazione di piccoli oggetti in legno insieme ai ragazzi diversamente abili presso l\u2019associazione \u201cHandicap e solidariet\u00e0\u201d. Dalla fine di dicembre al gennaio scorsi.<\/p>\n<p>E ora vogliono trasformare quel laboratorio in officina d\u2019arte, motivo per cui le tre giovani stanno partecipando a bandi che portino loro finanziamenti. Gli oggetti decorati saranno poi venduti.<\/p>\n<p>&nbsp;<\/p>\n<p><em>\u00abIl nostro team \u00e8 nato anzitutto da un\u2019amicizia fra noi, tre giovani donne, professioniste nell\u2019ambito sociale, con tanta voglia di rimanere nel nostro territorio e di rendere la nostra passione un vero e proprio lavoro\u00bb<\/em> racconta <strong>Viviana Turco<\/strong>.<\/p>\n<p>L\u2019iniziativa coinvolger\u00e0 maggiorenni interessati da disabilit\u00e0 lieve e moderata. <em>\u00abAll\u2019interno dell\u2019officina d\u2019arte che vogliamo creare<\/em> \u2013 anticipa la psicologa &#8211; <em>costituiremo la regia del laboratorio svolgendo le mansioni amministrative e burocratiche, l\u2019attivit\u00e0 di promozione e di vendita. Visto il contesto sociale odierno e il difficile accesso al mondo del lavoro, noi come team stiamo provando a creare il \u201cnostro posto\u201d nel mondo del lavoro, puntando sulla nostra predisposizione a lavorare e a interagire con fasce sociali debole quali anziani, diversamente abili e bambini\u00bb. <\/em><\/p>\n<p>Quale vantaggio porter\u00e0 la creativit\u00e0 a un individuo diversamente abile?<em> \u00abI disabili incontrano maggiore difficolt\u00e0 a trasmettere messaggi e contenuti per motivi psicofisici personali e per un approccio assistenzialista che li tratta come bambini o individui non autosufficienti <\/em>\u2013 spiega la dottoressa Turco<em> &#8211; I disabili, anche se in strutture semiresidenziali, faticano a trovare lo strumento di espressione pi\u00f9 adatto alle loro capacit\u00e0. Pertanto il nostro obiettivo \u00e8 quello di aiutare a persona con disabilit\u00e0 a individuare la sua creativit\u00e0 quale strumento per manifestare il suo modo di esprimersi\u00bb.<\/em><\/p>\n<p>Si prova a conciliare creativit\u00e0 e disabilit\u00e0.<\/p>\n<p><em>\u00abIl modo per far conciliare la creativit\u00e0 con la disabilit\u00e0 \u00e8 portare il disabile a sentirsi libero di esprimersi come preferisce permettendogli di utilizzare colori e decorazioni che meglio lo rappresentino e lo ispirino. Questo \u00e8 il motivo principale che ci porta a scegliere l\u2019arte astratta come tematica decorativa dei nostri lavori\u00bb.<\/em><\/p>\n<p>Dunque le tecniche di decorazione:<em>\u00abPrediligeremo oggetti propri dell\u2019arte astratta e alla portata della capacit\u00e0 degli utenti<\/em> \u2013 spiega la dottoressa Turco &#8211; <em>Nello specifico utilizziamo la tecnica della spatola per creare un effetto marmoreo e multicolore, la tecnica della spugnetta per ottenere un colore meno intenso, ma pi\u00f9 d\u2019impatto e la tecnica del degrad\u00e9 per dare tridimensionalit\u00e0 e impreziosire la superficie dell\u2019oggetto\u00bb.<\/em><\/p>\n<p>&nbsp;<\/p>\n<p>Manufatti che parlano di vite. <em>\u00abIl laboratorio per andare avanti ha bisogno delle idee, delle energie, delle storie e delle mani delle persone disabili<\/em> \u2013 spiega Viviana- <em>Le loro esperienze di vita raccontate tramite un manufatto rappresentano il pane quotidiano della nostra attivit\u00e0, che oltre essere artigianale, ha anche un impatto sociale. La persona con disabilit\u00e0 sar\u00e0 protagonista a 360 gradi del lavoro svolto, dalla decorazione alla vendita dell\u2019oggetto. Noi operatrici fungeremo da \u201cguida\u201d, ossia saremo le tutor-artigiane che affiancheranno l\u2019utente in tutte le fasi di questo iter\u00bb<\/em>.<\/p>\n<p>&nbsp;<\/p>\n<p>La leggerezza della creativit\u00e0 stride con la difficile quotidianit\u00e0 delle famiglie interessate dalla disabilit\u00e0, ergo occorre assumere un ruolo quasi epico innanzi a certe responsabilit\u00e0: come ci si riesce? <em>\u00abBasiamo il laboratorio innanzitutto sulla fiducia delle famiglie che scelgono di far impiegare il tempo dei loro cari nel nostro laboratorio. Punteremo quindi su una comunicazione costante e reciproca con i familiari, in modo da renderli anche partecipi da remoto alle attivit\u00e0. In questo modo le famiglie saranno le prime sostenitrici della nostra idea e dei manufatti creati, con tanto entusiasmo, dai loro cari\u00bb.<\/em><\/p>\n<p>&nbsp;<\/p>\n<p>Inconvenienti prevedibili? La dottoressa Turco spiega:\u00abI possibili inconvenienti del nostro progetto consistono nella difficolt\u00e0 a trovare un bando che si addica alle nostre esigenze e ai presupposti del laboratorio e la difficolt\u00e0 a trovare un luogo che sia adeguato a livello normativo e che sia accessibile a tutti\u00bb.<\/p>\n<p>Una boccata di speranza, quella per cui vogliono lavorare Sara, Giuliana e Viviana, anche per gli anziani: si dimostrer\u00e0 che pure in un individuo di una certa et\u00e0 si pu\u00f2 accendere l\u2019inventiva. <em>\u00abL\u2019anziano<\/em> \u2013 spiega la psicologa &#8211; <em>ritrova la sua creativit\u00e0 attraverso il nostro laboratorio in cui pu\u00f2 sentire socialmente utile e pu\u00f2 reinventarsi; spesso in et\u00e0 di pensione si rischia di condurre una vita sedentaria priva di stimoli che porta ad incupirsi. Attraverso il lavoro manuale l\u2019anziano pu\u00f2 trovare una nuova attivit\u00e0 occupazionale e pu\u00f2 impiegare creativamente il suo tempo\u00bb.<\/em><\/p>\n<fb:like href='https:\/\/www.leccecronaca.it\/index.php\/2020\/10\/13\/una-psicologa-uneducatrice-e-unassistente-sociale-aiutano-i-disabili-e-decorare-il-legno-la-passione-che-diventa-lavoro-a-leccecronaca-it-viviana-del-turco-racconta-questo-progetto-innovativo\/' send='true' layout='button_count' show_faces='true' width='450' height='65' action='recommend' colorscheme='light' font='lucida grande'><\/fb:like><span class=\"fb_share\"><fb:like href=\"https:\/\/www.leccecronaca.it\/index.php\/2020\/10\/13\/una-psicologa-uneducatrice-e-unassistente-sociale-aiutano-i-disabili-e-decorare-il-legno-la-passione-che-diventa-lavoro-a-leccecronaca-it-viviana-del-turco-racconta-questo-progetto-innovativo\/\" layout=\"button_count\"><\/fb:like><\/span>","protected":false},"excerpt":{"rendered":"<p>di Francesco Buja______ Un\u2019officina d\u2019artigianato per ragazzi diversamente abili e per anziani. L\u2019idea di un\u2019assistente sociale, un\u2019educatrice socio-pedagogica e una psicologa. Rispettivamente Sara Di Donfrancesco, Giuliana Del Basso e Viviana Turco (nella foto), le quali, dopo aver svolto servizio civile in un centro per disabili, hanno sperimentato un laboratorio dei decorazione di piccoli oggetti in [&hellip;]<\/p>\n","protected":false},"author":4,"featured_media":173348,"comment_status":"open","ping_status":"closed","sticky":false,"template":"","format":"standard","meta":[],"categories":[69,31],"tags":[],"_links":{"self":[{"href":"https:\/\/www.leccecronaca.it\/index.php\/wp-json\/wp\/v2\/posts\/173347"}],"collection":[{"href":"https:\/\/www.leccecronaca.it\/index.php\/wp-json\/wp\/v2\/posts"}],"about":[{"href":"https:\/\/www.leccecronaca.it\/index.php\/wp-json\/wp\/v2\/types\/post"}],"author":[{"embeddable":true,"href":"https:\/\/www.leccecronaca.it\/index.php\/wp-json\/wp\/v2\/users\/4"}],"replies":[{"embeddable":true,"href":"https:\/\/www.leccecronaca.it\/index.php\/wp-json\/wp\/v2\/comments?post=173347"}],"version-history":[{"count":1,"href":"https:\/\/www.leccecronaca.it\/index.php\/wp-json\/wp\/v2\/posts\/173347\/revisions"}],"predecessor-version":[{"id":173349,"href":"https:\/\/www.leccecronaca.it\/index.php\/wp-json\/wp\/v2\/posts\/173347\/revisions\/173349"}],"wp:featuredmedia":[{"embeddable":true,"href":"https:\/\/www.leccecronaca.it\/index.php\/wp-json\/wp\/v2\/media\/173348"}],"wp:attachment":[{"href":"https:\/\/www.leccecronaca.it\/index.php\/wp-json\/wp\/v2\/media?parent=173347"}],"wp:term":[{"taxonomy":"category","embeddable":true,"href":"https:\/\/www.leccecronaca.it\/index.php\/wp-json\/wp\/v2\/categories?post=173347"},{"taxonomy":"post_tag","embeddable":true,"href":"https:\/\/www.leccecronaca.it\/index.php\/wp-json\/wp\/v2\/tags?post=173347"}],"curies":[{"name":"wp","href":"https:\/\/api.w.org\/{rel}","templated":true}]}}