{"id":173393,"date":"2020-10-14T14:53:32","date_gmt":"2020-10-14T12:53:32","guid":{"rendered":"http:\/\/www.leccecronaca.it\/?p=173393"},"modified":"2020-10-14T14:53:32","modified_gmt":"2020-10-14T12:53:32","slug":"e-bufera-sullaeroporto-del-salento-di-brindisi","status":"publish","type":"post","link":"https:\/\/www.leccecronaca.it\/index.php\/2020\/10\/14\/e-bufera-sullaeroporto-del-salento-di-brindisi\/","title":{"rendered":"E&#8217; BUFERA SULL&#8217;AEROPORTO DEL SALENTO DI BRINDISI"},"content":{"rendered":"<p><img decoding=\"async\" loading=\"lazy\" class=\"alignnone size-full wp-image-173394\" src=\"https:\/\/www.leccecronaca.it\/wordpress\/wp-content\/uploads\/2020\/10\/121616021_3304122236383577_177455101740446231_n.jpg\" alt=\"\" width=\"960\" height=\"540\" srcset=\"https:\/\/www.leccecronaca.it\/wordpress\/wp-content\/uploads\/2020\/10\/121616021_3304122236383577_177455101740446231_n.jpg 960w, https:\/\/www.leccecronaca.it\/wordpress\/wp-content\/uploads\/2020\/10\/121616021_3304122236383577_177455101740446231_n-300x169.jpg 300w, https:\/\/www.leccecronaca.it\/wordpress\/wp-content\/uploads\/2020\/10\/121616021_3304122236383577_177455101740446231_n-768x432.jpg 768w\" sizes=\"(max-width: 960px) 100vw, 960px\" \/>(Rdl )______\u00a0 Alitalia, a causa del calo delle prenotazioni, ha cancellato alcuni voli rivedendo i propri collegamenti giornalieri da Bari e Brindisi per Roma Fiumicino e Milano Linate. Anche le altre compagnie hanno progressivamente ridotto i propri servizi nell&#8217;aeroporto del Salento di Brindisi.<\/p>\n<p>Sono gli effetti dei &#8220;tagli&#8221; che, in un&#8217;ottica puramente commerciale e di profitto aziendale, non tiene conto di ogni altra ragione sociale, per un aeroporto che serve tre citt\u00e0 gi\u00e0 e l&#8217;intero Grande Salento, gi\u00e0 penalizzato dalla mancanza dell&#8217;Alta Velocit\u00e0 ferroviaria.<\/p>\n<p>&nbsp;<\/p>\n<p>Dopo l&#8217;annuncio dell&#8217;altro giorno a Lecce \u00e8 protesta.<\/p>\n<p>Diamo qui di seguito una sintesi dei comunicati giunti questa mattina in redazione.<\/p>\n<p>&nbsp;<\/p>\n<p><strong>I<\/strong><strong>l segretario generale della Uil di Lecce\u00a0Salvatore Giannetto:\u00a0<\/strong><\/p>\n<p><em>&#8220;Non possiamo parlare di ripartenza e di sviluppo, se il territorio resta isolato. Questa assurda beffa dei tagli ai collegamenti aerei da e per il Salento non pu\u00f2 e non deve continuare: i nostri rappresentanti politici si facciano sentire oppure vadano a casa.<\/em><\/p>\n<p><em>La situazione \u00e8 inaccettabile: stanno mettendo in ginocchio il nostro territorio e noi stiamo a guardare&#8230;<\/em><\/p>\n<p><em>Dobbiamo mobilitarci tutti insieme, dalle istituzioni ai politici, dalle imprese ai sindacati. Perch\u00e9 se non risolviamo prima i problemi che riguardano i collegamenti e le carenze infrastrutturali che ci trasciniamo dietro da anni, ha poco senso anche continuare a parlare di progetti&#8230;Se continuiamo ad accettare questi tagli ai collegamenti, andiamo incontro solo a un progressivo isolamento economico e sociale. La verit\u00e0 \u00e8 che qualsiasi azione strategica non potr\u00e0 mai concretizzarsi e raggiungere gli obiettivi prefissati se il territorio resta isolato&#8221;.<\/em><\/p>\n<p>&nbsp;<\/p>\n<p><strong>Il\u00a0presidente di Confartigianato Imprese Lecce Luigi Derniolo:<\/strong><\/p>\n<p><em>&#8220;La decisione di Alitalia di ridurre drasticamente i collegamenti far\u00e0 precipitare il Salento in un ulteriore isolamento. Si continua a declassare il nostro territorio privandolo di collegamenti che sono vitali per la nostra economia.<\/em><\/p>\n<p><em>In questi mesi poco o nulla \u00e8 stato fatto e, anzi, la situazione sta peggiorando. Spostarsi sta diventando una missione impossibile. \u00c8 inconcepibile che gli orari di decollo e atterraggio dei pochi voli operativi di Alitalia non consentano alle persone di raggiungere la capitale o l\u2019aereporto milanese in giornata. Un danno a cui si aggiunge la beffa di avere, per le tratte ancora attive, delle tariffe per lo pi\u00f9 inaccessibili.<\/em><\/p>\n<p><em>Il Salento continua a pagare il conto pi\u00f9 salato. Questa decisione avr\u00e0 delle ricadute disastrose per tutti i settori, per i professionisti e per le imprese&#8221;.<\/em><\/p>\n<p>&nbsp;<\/p>\n<p><strong>Il consigliere regionale della lista civica &#8220;La Puglia Domani&#8221; Paolo Pagliaro<\/strong>:<\/p>\n<p><em>&#8220;Il Salento ancora una volta messo all\u2019angolo dai tagli delle compagnie aree che trattano l\u2019Aeroporto del Salento come l\u2019ultima ruota del carro isolando un territorio intero.<\/em><\/p>\n<p><em>Non \u00e8 normale che Alitalia metta a disposizione due aerei per Linate e due per Fiumicino e non \u00e8 normale che anche le compagnie low cost riducano le quote.<\/em><\/p>\n<p><em>Dopo il forzato lockdown, proprio Alitalia aveva promesso, impegnandosi, di aumentare i voli su Brindisi, ma \u00e8 durato una manciata di giorni.<\/em><\/p>\n<p><em>L\u2019unico aereo per Roma Fiumicino parte da Brindisi alle 19.15, tratta opposta da Roma alle 17.15, per Milano invece parte alle 11.45 e da Milano per Brindisi alle 9.20; \u00e8 inconcepibile castrare cos\u00ec un territorio impedendo a tutti gli utenti, turisti compresi, di usufruire di un servizio importantissimo.<\/em><\/p>\n<p><em>Tutta la Politica salentina si deve mobilitare non possiamo accettare quest\u2019ennesimo sfregio&#8221;.<\/em><\/p>\n<p>&nbsp;<\/p>\n<p>&nbsp;<\/p>\n<p>&nbsp;<\/p>\n<p>&nbsp;<\/p>\n<p>&nbsp;<\/p>\n<p>&nbsp;<\/p>\n<p>&nbsp;<\/p>\n<fb:like href='https:\/\/www.leccecronaca.it\/index.php\/2020\/10\/14\/e-bufera-sullaeroporto-del-salento-di-brindisi\/' send='true' layout='button_count' show_faces='true' width='450' height='65' action='recommend' colorscheme='light' font='lucida grande'><\/fb:like><span class=\"fb_share\"><fb:like href=\"https:\/\/www.leccecronaca.it\/index.php\/2020\/10\/14\/e-bufera-sullaeroporto-del-salento-di-brindisi\/\" layout=\"button_count\"><\/fb:like><\/span>","protected":false},"excerpt":{"rendered":"<p>(Rdl )______\u00a0 Alitalia, a causa del calo delle prenotazioni, ha cancellato alcuni voli rivedendo i propri collegamenti giornalieri da Bari e Brindisi per Roma Fiumicino e Milano Linate. Anche le altre compagnie hanno progressivamente ridotto i propri servizi nell&#8217;aeroporto del Salento di Brindisi. Sono gli effetti dei &#8220;tagli&#8221; che, in un&#8217;ottica puramente commerciale e di [&hellip;]<\/p>\n","protected":false},"author":4,"featured_media":173394,"comment_status":"open","ping_status":"closed","sticky":false,"template":"","format":"standard","meta":[],"categories":[69,76],"tags":[],"_links":{"self":[{"href":"https:\/\/www.leccecronaca.it\/index.php\/wp-json\/wp\/v2\/posts\/173393"}],"collection":[{"href":"https:\/\/www.leccecronaca.it\/index.php\/wp-json\/wp\/v2\/posts"}],"about":[{"href":"https:\/\/www.leccecronaca.it\/index.php\/wp-json\/wp\/v2\/types\/post"}],"author":[{"embeddable":true,"href":"https:\/\/www.leccecronaca.it\/index.php\/wp-json\/wp\/v2\/users\/4"}],"replies":[{"embeddable":true,"href":"https:\/\/www.leccecronaca.it\/index.php\/wp-json\/wp\/v2\/comments?post=173393"}],"version-history":[{"count":1,"href":"https:\/\/www.leccecronaca.it\/index.php\/wp-json\/wp\/v2\/posts\/173393\/revisions"}],"predecessor-version":[{"id":173395,"href":"https:\/\/www.leccecronaca.it\/index.php\/wp-json\/wp\/v2\/posts\/173393\/revisions\/173395"}],"wp:featuredmedia":[{"embeddable":true,"href":"https:\/\/www.leccecronaca.it\/index.php\/wp-json\/wp\/v2\/media\/173394"}],"wp:attachment":[{"href":"https:\/\/www.leccecronaca.it\/index.php\/wp-json\/wp\/v2\/media?parent=173393"}],"wp:term":[{"taxonomy":"category","embeddable":true,"href":"https:\/\/www.leccecronaca.it\/index.php\/wp-json\/wp\/v2\/categories?post=173393"},{"taxonomy":"post_tag","embeddable":true,"href":"https:\/\/www.leccecronaca.it\/index.php\/wp-json\/wp\/v2\/tags?post=173393"}],"curies":[{"name":"wp","href":"https:\/\/api.w.org\/{rel}","templated":true}]}}