{"id":173417,"date":"2020-10-15T17:10:49","date_gmt":"2020-10-15T15:10:49","guid":{"rendered":"http:\/\/www.leccecronaca.it\/?p=173417"},"modified":"2020-10-15T19:07:16","modified_gmt":"2020-10-15T17:07:16","slug":"il-metano-ti-da-una-mano-ad-inquinare","status":"publish","type":"post","link":"https:\/\/www.leccecronaca.it\/index.php\/2020\/10\/15\/il-metano-ti-da-una-mano-ad-inquinare\/","title":{"rendered":"IL METANO TI DA&#8217; UNA MANO. AD INQUINARE"},"content":{"rendered":"<p><img decoding=\"async\" loading=\"lazy\" class=\"alignnone size-full wp-image-173418\" src=\"https:\/\/www.leccecronaca.it\/wordpress\/wp-content\/uploads\/2020\/10\/krIpNGRl.jpg\" alt=\"\" width=\"512\" height=\"512\" srcset=\"https:\/\/www.leccecronaca.it\/wordpress\/wp-content\/uploads\/2020\/10\/krIpNGRl.jpg 512w, https:\/\/www.leccecronaca.it\/wordpress\/wp-content\/uploads\/2020\/10\/krIpNGRl-300x300.jpg 300w, https:\/\/www.leccecronaca.it\/wordpress\/wp-content\/uploads\/2020\/10\/krIpNGRl-150x150.jpg 150w, https:\/\/www.leccecronaca.it\/wordpress\/wp-content\/uploads\/2020\/10\/krIpNGRl-60x60.jpg 60w\" sizes=\"(max-width: 512px) 100vw, 512px\" \/>Riceviamo e volentieri pubblichiamo. L&#8217;associazione nazionale Amici della Terra ci manda il seguente comunicato. Alla fine, abbiamo rivolto alcune domande alla presidente dell&#8217;associazione, Monica Tommasi (nella foto)______<\/p>\n<h1><strong>Stop a fughe ed emissioni<\/strong><\/h1>\n<p style=\"font-weight: 400;\"><strong><em>Per la transizione energetica necessarie azioni urgenti per ridurre le emissioni della filiera del gas naturale. Tre proposte degli Amici della Terra nel primo studio in Italia presentato stamani. Coinvolgimento indispensabile dei paesi esportatori.<\/em><br \/>\n<\/strong><\/p>\n<p style=\"font-weight: 400;\">Roma, 15\/10\/2020 \u2013 Si \u00e8 appena concluso l&#8217;evento con cui gli Amici della Terra hanno presentato il primo studio italiano che offre un quadro sui numeri di fughe e emissioni di metano della filiera industriale del gas naturale, e individua tre azioni per l\u2019Italia e l\u2019Europa. Per non rendere vani gli sforzi europei \u00e8 indispensabile coinvolgere i paesi esportatori. Nella transizione energetica resta fondamentale il ruolo del gas naturale per la sostituzione di carbone, petrolio e nucleare.<\/p>\n<p style=\"font-weight: 400;\">Qui lo studio completo, presto disponibili anche tutti i materiali:\u00a0<a href=\"https:\/\/rb.gy\/asvhf7\">https:\/\/rb.gy\/asvhf7<\/a><\/p>\n<p style=\"font-weight: 400;\"><strong>Le conclusioni dello studio arrivano proprio all\u2019indomani della pubblicazione della\u00a0<\/strong><a href=\"https:\/\/ec.europa.eu\/commission\/presscorner\/detail\/en\/ip_20_1833\"><strong>Methane Strategy<\/strong><\/a><strong>\u00a0europea sotto forma di comunicazione della Commissione al Parlamento Europeo e al Consiglio.\u00a0<\/strong>La Commissaria per l&#8217;Energia\u00a0<strong>Kadri Simson<\/strong>\u00a0ha dichiarato:\u00a0<em>&#8220;Oggi\u00a0abbiamo adottato la prima strategia di lotta alle emissioni di metano dal 1996. I settori dell&#8217;energia, dell&#8217;agricoltura e dei rifiuti hanno tutti un ruolo da svolgere, ma l&#8217;energia \u00e8 il settore in cui le emissioni possono essere ridotte pi\u00f9 rapidamente al minor costo. L&#8217;Europa aprir\u00e0 la strada ma non possiamo muoverci da soli.\u00a0<strong>Dobbiamo collaborare con i partner internazionali per far fronte alle emissioni di metano dell&#8217;energia che importiamo<\/strong>\u201d<\/em><\/p>\n<p style=\"font-weight: 400;\">Nei giorni scorsi \u00e8 anche stato diffuso il World Energy Outlook 2020 (<a href=\"https:\/\/www.iea.org\/reports\/world-energy-outlook-2020\">WEO 2020<\/a>) dell\u2019Agenzia Internazionale per l\u2019Energia (IEA) in cui si afferma che:\u00a0<em>\u201c<strong>Si \u00e8 sulla strada di una maggiore trasparenza sulle emissioni di metano, con conseguenze sulla valenza ambientale delle differenti origini del gas<\/strong>.\u201d<\/em><\/p>\n<p style=\"font-weight: 400;\">L\u2019evento \u00e8 stata la prima opportunit\u00e0 di discutere sul tema della riduzione delle emissioni di metano per associazioni di settore e istituzioni, tra cui la presidente della Commissione Ambiente della Camera che ha ribadito l\u2019importanza del gas nella transizione energetica e la necessit\u00e0 di approfondire il quadro conoscitivo sulle emissioni sistemiche della filiera.<\/p>\n<p style=\"font-weight: 400;\">Le proposte degli Amici della Terra si basano su regolazione e strumenti di mercato:<\/p>\n<ol>\n<li style=\"font-weight: 400;\"><strong>Adozione di una stringente regolazione con obblighi e incentivi per la riduzione delle emissioni di metano dalle reti di distribuzione, trasporto e stoccaggio a fini di tutela climatica,\u00a0oggi\u00a0assente.<\/strong><\/li>\n<\/ol>\n<p style=\"font-weight: 400;\">Nella UE il 74 % delle emissioni di metano della filiera del gas naturale provengono dalle infrastrutture di trasporto e stoccaggio (21%) e dalle reti distribuzione (53%). Va espressamente implementata la regolazione vincolante di ARERA e delle altre Autorit\u00e0 per l\u2019energia europee. Le Autorit\u00e0 per l\u2019energia possono introdurre, senza attendere la definizione delle norme europee e la loro trasposizione nelle legislazioni nazionali, disposizioni vincolanti per l\u2019esercizio delle infrastrutture. Le Autorit\u00e0 possono anche introdurre dei benchmark di performance emissiva e prevedere incentivi e disincentivi economici nella remunerazione dei gestori di reti e stoccaggi.<\/p>\n<ol start=\"2\">\n<li style=\"font-weight: 400;\"><strong>Estensione dell\u2019ETS (Emission Trading System) alle emissioni specifiche di metano di tutte le infrastrutture della filiera del gas naturale.<\/strong><\/li>\n<\/ol>\n<p style=\"font-weight: 400;\">Le centrali di compressione della rete di trasporto del gas naturale e i terminali di rigassificazione sono gi\u00e0 soggetti al regime ETS per le emissioni di CO2. L\u2019ETS va adesso esteso alle specifiche emissioni di metano di queste infrastrutture e di tutte le altre della filiera: trasporto, distribuzione, compressione, stoccaggio. Secondo gli Amici della Terra l\u2019ETS dovrebbe essere applicato alle infrastrutture le cui emissioni dirette di metano in termini di CO2 equivalente superano un determinato limite, come\u00a0oggi\u00a0gi\u00e0 avviene per la CO2 emessa da rigassificatori e grandi compressori.<\/p>\n<ol start=\"3\">\n<li style=\"font-weight: 400;\"><strong>Adozione dell\u2019IMEA per le emissioni di metano di giacimenti e produzione del gas naturale, in Europa e paesi esportatori.<\/strong><\/li>\n<\/ol>\n<p style=\"font-weight: 400;\">Applicazione di un meccanismo di \u201cIMEA\u201d (Imposta sulle Emissioni Aggiunte) in attuazione del Carbon border tax adjustement mechanism previsto dall\u2019European Green Deal, alle emissioni di metano nella produzione di gas naturale estratto nel mercato interno e importato da paesi extra UE. Come previsto dalla proposta di IMEA per le emissioni di CO2 importate per i prodotti dell\u2019industria manifatturiera, \u00e8 possibile ipotizzare un meccanismo di fiscalit\u00e0 ambientale non discriminatorio anche per le di emissioni dirette di metano nelle fasi di estrazione e processing di gas naturale prodotto nella UE o importato da paesi extra UE. Per certificare l\u2019intensit\u00e0 di emissioni di metano prodotto o importato da paesi UE, produttori e importatori possono avvalersi della la certificazione denominata \u201cCarbon footprint\u201d basata su norme ISO riconosciute a livello internazionale come la 14067.<\/p>\n<p style=\"font-weight: 400;\"><strong>La presidente degli Amici della Terra Monica Tommasi colloca le proposte presentate<\/strong>: \u201c<em>Il metano \u00e8 il secondo gas oggetto delle politiche di riduzione delle emissioni climalteranti, su cui pesa per l\u201911% nella UE, ma \u00e8 anche una fonte indispensabile per la transizione energetica. Crediamo che l\u2019introduzione di strumenti di mercato efficaci come quelli proposti\u00a0oggi\u00a0possa costituire il perno di un set complessivo di strumenti necessario per l\u2019indispensabile salto di qualit\u00e0 per la riduzione delle emissioni climalteranti<\/em>.\u00a0<em>Il nostro<\/em>\u00a0<em>studio offre il primo inquadramento della tematica in Italia con una serie di proposte che verranno sottoposte al governo e alle istituzioni della UE, nell\u2019ambito della consultazione sulla Methane Strategy attesa entro la fine dell\u2019anno\u201d<\/em><\/p>\n<p style=\"font-weight: 400;\">Al convegno, che \u00e8 stato inserito nella cornice degli eventi del Festival dello Sviluppo Sostenibile promosso da Asvis, hanno partecipato le associazioni industriali di riferimento del settore, che hanno potuto interagire anche con i rappresentati istituzionali di ARERA, del Ministero dello Sviluppo Economico e del Ministero dell\u2019Ambiente.______<\/p>\n<p><strong>NOSTRE CONSIDERAZIONI<\/strong><\/p>\n<p>(g.p.)______Avevamo pubblicato pi\u00f9 volte su leccecronaca.it in passato studi scientifici sulla pericolosit\u00e0 del gas metano, a torto considerato \u201cpulito\u201d, e sull\u2019improponibilit\u00e0 di politiche di cos\u00ec detta \u201cdecarbonizzazione\u201d attuate mediante la riconversione di Cerano e dell\u2019ex Ilva tramite l\u2019uso del gas.<\/p>\n<p>Che poi sarebbe Michele Emiliano, a proporla, con il gas del gasdotto Tap, contro cui leccecronaca.it attua da sempre una precisa e documentata battaglia giornalistica, condivisa da tanti amici e lettori del nostro quotidiano.<\/p>\n<p>Personalmente, ho ancora negli occhi la faccia del top manager Tap che a me personalmente, rispondendo a precisa domanda sulle emissioni della centrale di Melendugno, a margine della conferenza stampa di annuncio avvio lavori\u00a0 tenuta a a Bari il 6 maggio 2016, disse che la centrale di decompressione di Melendugno emetter\u00e0 \u201csolo vapore acqueo\u201d.<\/p>\n<p>Infatti\u2026<\/p>\n<p>Ora questi lavori sono in fase di ultimazione. Il processo penale a carico dei responsabili invece \u00e8 appena cominciato, e chiss\u00e0 quando finir\u00e0.<\/p>\n<p>Intanto la struttura, il nuovo mostro che ha devastato il nostro territorio, nonostante le violazioni e gli abusi di cui la Procura della Repubblica accusa ideatori ed esecutori, sta per entrare in funzione.<\/p>\n<p>Ho letto con attenzione il report presentato oggi con un evento on line dagli Amici della Terra e soprattutto, sul loro sito, i risultati preliminari degli studi, presentati lo scorso mese di luglio, di cui ovviamente del gasdotto Tap, non ancora entrato in funzione, non si fa cenno, con la denuncia della pericolosit\u00e0 delle emissioni nocive rilasciate dal gas metano.<\/p>\n<p>Mi pare di aver capito una cosa: che l\u2019associazione \u00e8 favorevole all\u2019uso del gas metano e quindi alle opere cos\u00ec dette strategiche che lo convogliano. Non ho capito come si possa esserlo, da un lato, se dall\u2019altro se ne denunciano e se ne documentano gli effetti inquinanti.<\/p>\n<p>Che facciamo, la riduzione del danno, come si fa con i tossicodipendenti? Visto che dobbiamo avvelenarci e devastarci, almeno ci avveleniamo e ci devastiamo di meno? Non sarebbe meglio non avvelenarci e non devastarci per niente?<\/p>\n<p>&nbsp;<\/p>\n<p>Infine, volevo sapere se gli Amici della Terra possono misurare emissioni inquinanti del gasdotto Tap, e del suo prolungamento della Snam, se saranno disposti a farlo, quando entrer\u00e0 in funzione, a Melendugno e dintorni,\u00a0 nell\u2019interesse del popolo salentino, che si ritrova quest\u2019altra spada di Damocle sulla testa, un territorio che, come dice l\u2019oncologo Giuseppe Serravezza, \u201c<em>non pu\u00f2<\/em>\u00a0<em>permettersi di\u00a0accendere nemmeno un cerino\u201d.<\/em><\/p>\n<p>Ecco, l\u2019inaugurazione \u00e8 prevista \u2013 all\u2019ultimo degli aggiornamenti dati dalla multinazionale \u2013 per met\u00e0 novembre.<\/p>\n<p>Vorranno esserci, gli amici della Terra, per fare un po\u2019 di misurazioni, sugli impianti funzionanti?______<\/p>\n<p>______<\/p>\n<p>L&#8217;APPROFONDIMENTO nei nostri articoli del 13 e del 16 agosto 2019<\/p>\n<p>&nbsp;<\/p>\n<blockquote class=\"wp-embedded-content\" data-secret=\"iBc5IHe2iB\"><p><a href=\"https:\/\/www.leccecronaca.it\/index.php\/2019\/06\/13\/lapprofondimento-il-metano-ti-da-una-mano-a-distruggere-il-pianeta-mentre-la-comunita-scientifica-internazionale-denuncia-i-pericoli-aumento-del-gas-metano-la-nuova-sfida-climatica\/\">L&#8217;APPROFONDIMENTO \/ IL METANO TI DA&#8217; UNA MANO&#8230;A DISTRUGGERE IL PIANETA. MENTRE LA COMUNITA&#8217; SCIENTIFICA INTERNAZIONALE DENUNCIA I PERICOLI &#8211;  &#8220;Aumento del gas metano: la nuova sfida climatica&#8221; &#8211;  NOI CI METTIAMO IN CASA UN ENORME GASDOTTO. GRAZIE A IDEATORI AFFARISTI E POLITICI TRADITORI DELLE PROMESSE<\/a><\/p><\/blockquote>\n<p><iframe class=\"wp-embedded-content\" sandbox=\"allow-scripts\" security=\"restricted\" style=\"position: absolute; clip: rect(1px, 1px, 1px, 1px);\" src=\"https:\/\/www.leccecronaca.it\/index.php\/2019\/06\/13\/lapprofondimento-il-metano-ti-da-una-mano-a-distruggere-il-pianeta-mentre-la-comunita-scientifica-internazionale-denuncia-i-pericoli-aumento-del-gas-metano-la-nuova-sfida-climatica\/embed\/#?secret=iBc5IHe2iB\" data-secret=\"iBc5IHe2iB\" width=\"500\" height=\"282\" title=\"&#8220;L&#8217;APPROFONDIMENTO \/ IL METANO TI DA&#8217; UNA MANO&#8230;A DISTRUGGERE IL PIANETA. MENTRE LA COMUNITA&#8217; SCIENTIFICA INTERNAZIONALE DENUNCIA I PERICOLI &#8211;  &#8220;Aumento del gas metano: la nuova sfida climatica&#8221; &#8211;  NOI CI METTIAMO IN CASA UN ENORME GASDOTTO. GRAZIE A IDEATORI AFFARISTI E POLITICI TRADITORI DELLE PROMESSE&#8221; &#8212; LecceCronaca.it\" frameborder=\"0\" marginwidth=\"0\" marginheight=\"0\" scrolling=\"no\"><\/iframe><\/p>\n<blockquote class=\"wp-embedded-content\" data-secret=\"tIFTqqOBWH\"><p><a href=\"https:\/\/www.leccecronaca.it\/index.php\/2019\/06\/16\/patto-dei-sindaci-per-lenergia-e-il-clima\/\">SUBITO IL &#8220;Patto dei Sindaci per l&#8217;Energia e il Clima&#8221;. IL PROFESSORE MICHELE CARDUCCI LO CHIEDE AI SINDACI DEL GRANDE SALENTO. MICHELE EMILIANO RIMANDATO A SETTEMBRE IN TRE MATERIE, LINGUA INGLESE, CHIMICA E FISICA, UN POCHINO IN DIFFICOLTA&#8217;: RIUSCIRA&#8217; A RIPARARE?<\/a><\/p><\/blockquote>\n<p><iframe class=\"wp-embedded-content\" sandbox=\"allow-scripts\" security=\"restricted\" style=\"position: absolute; clip: rect(1px, 1px, 1px, 1px);\" src=\"https:\/\/www.leccecronaca.it\/index.php\/2019\/06\/16\/patto-dei-sindaci-per-lenergia-e-il-clima\/embed\/#?secret=tIFTqqOBWH\" data-secret=\"tIFTqqOBWH\" width=\"500\" height=\"282\" title=\"&#8220;SUBITO IL &#8220;Patto dei Sindaci per l&#8217;Energia e il Clima&#8221;. IL PROFESSORE MICHELE CARDUCCI LO CHIEDE AI SINDACI DEL GRANDE SALENTO. MICHELE EMILIANO RIMANDATO A SETTEMBRE IN TRE MATERIE, LINGUA INGLESE, CHIMICA E FISICA, UN POCHINO IN DIFFICOLTA&#8217;: RIUSCIRA&#8217; A RIPARARE?&#8221; &#8212; LecceCronaca.it\" frameborder=\"0\" marginwidth=\"0\" marginheight=\"0\" scrolling=\"no\"><\/iframe><\/p>\n<p>&nbsp;<\/p>\n<p>&nbsp;<\/p>\n<p>&nbsp;<\/p>\n<p>&nbsp;<\/p>\n<p>&nbsp;<\/p>\n<p>&nbsp;<\/p>\n<p>&nbsp;<\/p>\n<p>&nbsp;<\/p>\n<fb:like href='https:\/\/www.leccecronaca.it\/index.php\/2020\/10\/15\/il-metano-ti-da-una-mano-ad-inquinare\/' send='true' layout='button_count' show_faces='true' width='450' height='65' action='recommend' colorscheme='light' font='lucida grande'><\/fb:like><span class=\"fb_share\"><fb:like href=\"https:\/\/www.leccecronaca.it\/index.php\/2020\/10\/15\/il-metano-ti-da-una-mano-ad-inquinare\/\" layout=\"button_count\"><\/fb:like><\/span>","protected":false},"excerpt":{"rendered":"<p>Riceviamo e volentieri pubblichiamo. L&#8217;associazione nazionale Amici della Terra ci manda il seguente comunicato. Alla fine, abbiamo rivolto alcune domande alla presidente dell&#8217;associazione, Monica Tommasi (nella foto)______ Stop a fughe ed emissioni Per la transizione energetica necessarie azioni urgenti per ridurre le emissioni della filiera del gas naturale. Tre proposte degli Amici della Terra nel [&hellip;]<\/p>\n","protected":false},"author":4,"featured_media":173418,"comment_status":"open","ping_status":"closed","sticky":false,"template":"","format":"standard","meta":[],"categories":[69,76,36],"tags":[],"_links":{"self":[{"href":"https:\/\/www.leccecronaca.it\/index.php\/wp-json\/wp\/v2\/posts\/173417"}],"collection":[{"href":"https:\/\/www.leccecronaca.it\/index.php\/wp-json\/wp\/v2\/posts"}],"about":[{"href":"https:\/\/www.leccecronaca.it\/index.php\/wp-json\/wp\/v2\/types\/post"}],"author":[{"embeddable":true,"href":"https:\/\/www.leccecronaca.it\/index.php\/wp-json\/wp\/v2\/users\/4"}],"replies":[{"embeddable":true,"href":"https:\/\/www.leccecronaca.it\/index.php\/wp-json\/wp\/v2\/comments?post=173417"}],"version-history":[{"count":6,"href":"https:\/\/www.leccecronaca.it\/index.php\/wp-json\/wp\/v2\/posts\/173417\/revisions"}],"predecessor-version":[{"id":173442,"href":"https:\/\/www.leccecronaca.it\/index.php\/wp-json\/wp\/v2\/posts\/173417\/revisions\/173442"}],"wp:featuredmedia":[{"embeddable":true,"href":"https:\/\/www.leccecronaca.it\/index.php\/wp-json\/wp\/v2\/media\/173418"}],"wp:attachment":[{"href":"https:\/\/www.leccecronaca.it\/index.php\/wp-json\/wp\/v2\/media?parent=173417"}],"wp:term":[{"taxonomy":"category","embeddable":true,"href":"https:\/\/www.leccecronaca.it\/index.php\/wp-json\/wp\/v2\/categories?post=173417"},{"taxonomy":"post_tag","embeddable":true,"href":"https:\/\/www.leccecronaca.it\/index.php\/wp-json\/wp\/v2\/tags?post=173417"}],"curies":[{"name":"wp","href":"https:\/\/api.w.org\/{rel}","templated":true}]}}