{"id":173473,"date":"2020-10-16T17:45:01","date_gmt":"2020-10-16T15:45:01","guid":{"rendered":"http:\/\/www.leccecronaca.it\/?p=173473"},"modified":"2020-10-17T09:02:56","modified_gmt":"2020-10-17T07:02:56","slug":"presentata-questo-pomeriggio-terrazza-bn-lecce-da-oggi-i-leccesi-hanno-a-disposizone-fruibile-gratuitamente-da-parte-di-tutti-un-nuovo-grande-e-prestigioso-spazio-per-socializzare","status":"publish","type":"post","link":"https:\/\/www.leccecronaca.it\/index.php\/2020\/10\/16\/presentata-questo-pomeriggio-terrazza-bn-lecce-da-oggi-i-leccesi-hanno-a-disposizone-fruibile-gratuitamente-da-parte-di-tutti-un-nuovo-grande-e-prestigioso-spazio-per-socializzare\/","title":{"rendered":"PRESENTATA QUESTO POMERIGGIO &#8216;TERRAZZA BN LECCE&#8217;. DA OGGI I LECCESI HANNO A DISPOSIZIONE, FRUIBILE GRATUITAMENTE DA PARTE DI TUTTI I CITTADINI, UN NUOVO, GRANDE E PRESTIGIOSO, SPAZIO PER SOCIALIZZARE"},"content":{"rendered":"<p><img decoding=\"async\" loading=\"lazy\" class=\"alignnone size-large wp-image-173474\" src=\"https:\/\/www.leccecronaca.it\/wordpress\/wp-content\/uploads\/2020\/10\/bybbu-1024x681.jpg\" alt=\"\" width=\"1024\" height=\"681\" srcset=\"https:\/\/www.leccecronaca.it\/wordpress\/wp-content\/uploads\/2020\/10\/bybbu-1024x681.jpg 1024w, https:\/\/www.leccecronaca.it\/wordpress\/wp-content\/uploads\/2020\/10\/bybbu-300x200.jpg 300w, https:\/\/www.leccecronaca.it\/wordpress\/wp-content\/uploads\/2020\/10\/bybbu-768x511.jpg 768w, https:\/\/www.leccecronaca.it\/wordpress\/wp-content\/uploads\/2020\/10\/bybbu.jpg 1315w\" sizes=\"(max-width: 1024px) 100vw, 1024px\" \/>(g.p.)______Era l&#8217;ultima parte, ancora da sistemare del prestigioso Palazzo BN, in via XXV Luglio, di fronte al Politeama, la prestigiosa residenza turistica voluta e realizzata in pochi mesi sulle ceneri dell&#8217;ex sede del Banco di Napoli, dall&#8217;imprenditore Ren\u00e8 De Picciotto e gi\u00e0 pienamente funzionante dallo scorso 30 giugno.<\/p>\n<p>Ora, Palazzo BN ha anche\u00a0 TERRAZZA BN LECCE.<\/p>\n<p>E&#8217; stata presentata questo pomeriggio, fra un cocktail, un caff\u00e8 e un pasticcino, in maniera informale, ad una ventina di ospiti, primo fra tutti il sindaco della Citt\u00e0 di Lecce Carlo Salvemini.<\/p>\n<p>Ma, pi\u00f9 che una presentazione, si \u00e8 trattato di una presa di possesso.<\/p>\n<p>Come era nei patti, infatti, TERRAZZA BN, pur facente parte integrante del complesso residenziale di appartamenti di lusso, \u00e8 autonoma, al terzo piano dello stabile, accessibile in piena autonomia in ascensore, subito dopo l&#8217;ingresso principale, o dalle scale interne che danno sulla via laterale, verso piazza san&#8217;Oronzo.<\/p>\n<p>E a disposizione della Citt\u00e0, come nei patti, fruibile gratuitamente da tutti i Leccesi.<\/p>\n<p>Offre un panorama dall&#8217;alto mozzafiato (nella foto, uno scorcio da uno dei tre lati di visuale).<\/p>\n<p>E&#8217; molto grande: da su, dopo il bancone del bar, c&#8217;\u00e8 un ampio, esteso rettangolo piastrellato, con divani, poltroncine, tavolini e sedie, messo davanti con larghe spaziature a una ancora pi\u00f9 ampia, larga e profonda, distesa di erba, un vero e proprio giardino.<\/p>\n<p>L&#8217;ideale per un appuntamento importante, in qualunque stagione, anche invernale, in quelle tiepide mattinate che ci sono qui anche a dicembre, o gennaio; ottima location, per presentazioni librarie, cineforum, spettacoli teatrali, e quant&#8217;altro, meglio dei Teatini, o dell&#8217;ex convitto Palmieri, per citare i due spazi all&#8217;aperto dove questa estate si sono svolti gli eventi all&#8217;aperto qui a Lecce citt\u00e0.<\/p>\n<p>Certo, adesso arriva l&#8217;autunno e l&#8217;inverno, che son fuori stagione per gli eventi culturali all&#8217;aperto, ma TERRAZZA BN LECCE verr\u00e0 buona e anzi ottima per questo, da primavera in poi del prossimo anno, quando arriver\u00e0 il clima caldo e, soprattutto, andr\u00e0 via, vogliamo crederlo e sperarlo, l&#8217;incubo di questo maledetto virus.<\/p>\n<p>Io, poi, ricordo, anche se ero bambino, le feste private dei giovani degli anni Sessanta, primi anni Settanta, che a Lecce si facevano &#8220;sulla terrazza&#8221;, cio\u00e8 sul terrazzo dei palazzi dei rioni di periferia.<\/p>\n<p>Ecco, potrebbe essere questa un&#8217;altra idea, in una moda da riproporre, in un contesto ineguagliabile, per lo spazio open che Ren\u00e9 De Picciotto ha voluto mettere a disposizione dei Leccesi.______<\/p>\n<p>AGGIORNAMENTO SUCCESSIVO<\/p>\n<p>Il nostro articolo del giorno dopo<\/p>\n<blockquote class=\"wp-embedded-content\" data-secret=\"KE2ezW4ZJb\"><p><a href=\"https:\/\/www.leccecronaca.it\/index.php\/2020\/10\/17\/linaugurazione-di-ieri-pomeriggio-di-terrazza-bn-lecce-le-foto-la-dichiarazione-del-sindaco-carlo-salvemini\/\">L&#8217;INAUGURAZIONE DI IERI POMERIGGIO DI TERRAZZA BN LECCE. LE FOTO. LA DICHIARAZIONE DEL SINDACO<\/a><\/p><\/blockquote>\n<p><iframe class=\"wp-embedded-content\" sandbox=\"allow-scripts\" security=\"restricted\" style=\"position: absolute; clip: rect(1px, 1px, 1px, 1px);\" src=\"https:\/\/www.leccecronaca.it\/index.php\/2020\/10\/17\/linaugurazione-di-ieri-pomeriggio-di-terrazza-bn-lecce-le-foto-la-dichiarazione-del-sindaco-carlo-salvemini\/embed\/#?secret=KE2ezW4ZJb\" data-secret=\"KE2ezW4ZJb\" width=\"500\" height=\"282\" title=\"&#8220;L&#8217;INAUGURAZIONE DI IERI POMERIGGIO DI TERRAZZA BN LECCE. LE FOTO. LA DICHIARAZIONE DEL SINDACO&#8221; &#8212; LecceCronaca.it\" frameborder=\"0\" marginwidth=\"0\" marginheight=\"0\" scrolling=\"no\"><\/iframe><\/p>\n<p>&nbsp;<\/p>\n<p>&nbsp;<\/p>\n<p>&nbsp;<\/p>\n<p>&nbsp;<\/p>\n<p>&nbsp;<\/p>\n<fb:like href='https:\/\/www.leccecronaca.it\/index.php\/2020\/10\/16\/presentata-questo-pomeriggio-terrazza-bn-lecce-da-oggi-i-leccesi-hanno-a-disposizone-fruibile-gratuitamente-da-parte-di-tutti-un-nuovo-grande-e-prestigioso-spazio-per-socializzare\/' send='true' layout='button_count' show_faces='true' width='450' height='65' action='recommend' colorscheme='light' font='lucida grande'><\/fb:like><span class=\"fb_share\"><fb:like href=\"https:\/\/www.leccecronaca.it\/index.php\/2020\/10\/16\/presentata-questo-pomeriggio-terrazza-bn-lecce-da-oggi-i-leccesi-hanno-a-disposizone-fruibile-gratuitamente-da-parte-di-tutti-un-nuovo-grande-e-prestigioso-spazio-per-socializzare\/\" layout=\"button_count\"><\/fb:like><\/span>","protected":false},"excerpt":{"rendered":"<p>(g.p.)______Era l&#8217;ultima parte, ancora da sistemare del prestigioso Palazzo BN, in via XXV Luglio, di fronte al Politeama, la prestigiosa residenza turistica voluta e realizzata in pochi mesi sulle ceneri dell&#8217;ex sede del Banco di Napoli, dall&#8217;imprenditore Ren\u00e8 De Picciotto e gi\u00e0 pienamente funzionante dallo scorso 30 giugno. Ora, Palazzo BN ha anche\u00a0 TERRAZZA BN [&hellip;]<\/p>\n","protected":false},"author":4,"featured_media":173474,"comment_status":"open","ping_status":"closed","sticky":false,"template":"","format":"standard","meta":[],"categories":[1,69,31],"tags":[],"_links":{"self":[{"href":"https:\/\/www.leccecronaca.it\/index.php\/wp-json\/wp\/v2\/posts\/173473"}],"collection":[{"href":"https:\/\/www.leccecronaca.it\/index.php\/wp-json\/wp\/v2\/posts"}],"about":[{"href":"https:\/\/www.leccecronaca.it\/index.php\/wp-json\/wp\/v2\/types\/post"}],"author":[{"embeddable":true,"href":"https:\/\/www.leccecronaca.it\/index.php\/wp-json\/wp\/v2\/users\/4"}],"replies":[{"embeddable":true,"href":"https:\/\/www.leccecronaca.it\/index.php\/wp-json\/wp\/v2\/comments?post=173473"}],"version-history":[{"count":5,"href":"https:\/\/www.leccecronaca.it\/index.php\/wp-json\/wp\/v2\/posts\/173473\/revisions"}],"predecessor-version":[{"id":173511,"href":"https:\/\/www.leccecronaca.it\/index.php\/wp-json\/wp\/v2\/posts\/173473\/revisions\/173511"}],"wp:featuredmedia":[{"embeddable":true,"href":"https:\/\/www.leccecronaca.it\/index.php\/wp-json\/wp\/v2\/media\/173474"}],"wp:attachment":[{"href":"https:\/\/www.leccecronaca.it\/index.php\/wp-json\/wp\/v2\/media?parent=173473"}],"wp:term":[{"taxonomy":"category","embeddable":true,"href":"https:\/\/www.leccecronaca.it\/index.php\/wp-json\/wp\/v2\/categories?post=173473"},{"taxonomy":"post_tag","embeddable":true,"href":"https:\/\/www.leccecronaca.it\/index.php\/wp-json\/wp\/v2\/tags?post=173473"}],"curies":[{"name":"wp","href":"https:\/\/api.w.org\/{rel}","templated":true}]}}