{"id":173501,"date":"2020-10-17T08:53:08","date_gmt":"2020-10-17T06:53:08","guid":{"rendered":"http:\/\/www.leccecronaca.it\/?p=173501"},"modified":"2020-10-17T08:54:05","modified_gmt":"2020-10-17T06:54:05","slug":"linaugurazione-di-ieri-pomeriggio-di-terrazza-bn-lecce-le-foto-la-dichiarazione-del-sindaco-carlo-salvemini","status":"publish","type":"post","link":"https:\/\/www.leccecronaca.it\/index.php\/2020\/10\/17\/linaugurazione-di-ieri-pomeriggio-di-terrazza-bn-lecce-le-foto-la-dichiarazione-del-sindaco-carlo-salvemini\/","title":{"rendered":"L&#8217;INAUGURAZIONE DI IERI POMERIGGIO DI TERRAZZA BN LECCE. LE FOTO. LA DICHIARAZIONE DEL SINDACO"},"content":{"rendered":"<p><img decoding=\"async\" loading=\"lazy\" class=\"alignnone size-full wp-image-173502\" src=\"https:\/\/www.leccecronaca.it\/wordpress\/wp-content\/uploads\/2020\/10\/salvemini.jpg\" alt=\"\" width=\"960\" height=\"640\" srcset=\"https:\/\/www.leccecronaca.it\/wordpress\/wp-content\/uploads\/2020\/10\/salvemini.jpg 960w, https:\/\/www.leccecronaca.it\/wordpress\/wp-content\/uploads\/2020\/10\/salvemini-300x200.jpg 300w, https:\/\/www.leccecronaca.it\/wordpress\/wp-content\/uploads\/2020\/10\/salvemini-768x512.jpg 768w\" sizes=\"(max-width: 960px) 100vw, 960px\" \/>(Rdl)______PALAZZO BN CI MANDA IL SEGUENTE COMUNICATO:<\/p>\n<p>Nel centro storico di Lecce, all\u2019ultimo piano del Palazzo dell\u2019Ex Banco di Napoli, apre\u00a0Terrazza BN: uno spettacolare giardino pensile che accoglie la prima terrazza Campari della\u00a0citt\u00e0.<\/p>\n<p>Si \u00e8 svolto in data 16 Ottobre alle ore 15.00 l\u2019apertura della TerrazzaBN, sita in via XXV Luglio.<br \/>\nPer l\u2019occasione il Sindaco Salvemini (nella foto di copertina), insieme alla giunta comunale hanno passeggiato per la prima volta tra\u00a0gli alberi secolari del giardino pensile.<br \/>\nRiportato ai suoi splendori, Palazzo BN conta oggi 13 appartamenti di lusso tra il 1\u00b0 e il 2\u00b0 piano, un Food\u00a0Court con un\u2019offerta molto diversificata \u2013 dal ristorante \u00e0 la carte, al lounge bar, dalla pizzeria al bistrot per\u00a0una pausa veloce &#8211; e una palestra con attrezzature innovative, sistemi di tracciamento digitale e servizi di\u00a0alto livello.<\/p>\n<p><strong><em>\u201cVerde pensile significa miglioramento ambientale per le zone ad alta urbanizzazione\u201d<\/em><\/strong>\u00a0&#8211; afferma<strong> Giovanni\u00a0De Blasio<\/strong>, amministratore della societ\u00e0\u00a0 &#8211;<strong><em> \u201cFortemente voluto dal Sindaco e dall\u2019Assessore Miglietta, Terrazza\u00a0BN \u00e8 la testimonianza che il Pubblico e il Privato possono collaborare per creare delle meraviglie di cui\u00a0beneficia l\u2019intera citt\u00e0\u201d<\/em><\/strong><\/p>\n<p><span style=\"color: #0000ff;\"><strong><em>\u201cAlberi secolari di Melograno, Gelso bianco, ma anche cespugli di Lentisco, Corbezzolo e Camphora sono\u00a0solo alcune delle specie piantate che sar\u00e0 possibile ammirare, anche attraverso una passerella panoramica\u00a0da cui ammirare il Castello Carlo V\u201d<\/em><\/strong><\/span>\u00a0&#8211; gli fa eco il collega<strong> Gianleo Moncalvo<\/strong>.<\/p>\n<p>Importante l\u2019intervento del <strong><span style=\"color: #ff0000;\">Sindaco Salvemini<\/span><\/strong>: <span style=\"color: #ff0000;\"><em><strong>\u201cOggi a Lecce c\u2019\u00e8 nuova terrazza giardino aperta a tutti i\u00a0cittadini. \u00c8 quella del Palazzo BN, in via XXV Luglio, che da domani aprir\u00e0 le porte a chi vorr\u00e0 liberamente\u00a0fruirne. Ho avuto il piacere di vistarlo in anteprima, guardando al nostro centro storico da una prospettiva\u00a0diversa. Quest\u2019area verde rappresenta una parte degli investimenti dalle forti ricadute pubbliche che\u00a0l\u2019amministrazione ha concordato con chi ha investito sul Banco di Napoli. A breve saranno completati i\u00a0lavori di rifacimento delle aree esterne che circondano l\u2019edificio, rendendole pi\u00f9 belle e accoglienti.<\/strong><\/em><\/span><br \/>\n<span style=\"color: #ff0000;\"><em><strong>Chiuso da dieci anni, l\u2019immobile storico del Banco di Napoli su via XXV Luglio \u00e8 tornato a nuova vita, grazie\u00a0alle energie e alla passione profusa in questo progetto da Ren\u00e9 de Picciotto. Un investimento che\u00a0l\u2019amministrazione ha doverosamente accompagnato in tutti i passaggi, in un virtuoso rapporto tra pubblico\u00a0e privato che genera molteplici benefici per la citt\u00e0. Oggi possiamo rallegraci del recupero di un immobile\u00a0storico di pregio, della crescita qualitativa dell\u2019offerta turistica a Lecce, della realizzazione di opere dalle\u00a0forti ricadute pubbliche come la terrazza giardino e la riqualificazione delle aree adiacenti l\u2019immobile. Oltre\u00a0che dell\u2019indotto lavorativo.<\/strong><\/em><\/span><br \/>\n<span style=\"color: #ff0000;\"><em><strong>Le citt\u00e0 sono organismi in movimento, che si trasformano nel tempo sulla spinta di molteplici energie:\u00a0economiche, sociali, tecnologiche, climatiche. Compito di chi amministra \u00e8 accompagnare i cambiamenti,\u00a0intervenendo dove \u00e8 possibile farlo perch\u00e9 producano benefici per la collettivit\u00e0. Lavorando con quest\u2019idea,\u00a0l\u2019assessorato all\u2019Urbanistica del Comune di Lecce ha consentito che laddove rischiavamo di abituarci a\u00a0veder posarsi la polvere dell\u2019abbandono si siano invece fatte spazio la bellezza e le occasioni, per tutti.<\/strong><\/em><\/span><br \/>\n<span style=\"color: #ff0000;\"><em><strong>Andate a visitarlo, vi piacer\u00e0\u201d.<\/strong><\/em><\/span><\/p>\n<p><strong>Quando le disposizioni nazionali in materia di prevenzione e sicurezza lo permetteranno, questo spazio\u00a0diventer\u00e0 anche un luogo per eventi sociali e culturali calendarizzati dall\u2019amministrazione comunale.<\/strong><\/p>\n<p>A completare l\u2019opera, un accordo con il Gruppo Campari che offre agli abitanti di Lecce e ai suoi visitatori il\u00a0pi\u00f9 famoso aperitivo italiano con vista dall\u2019alto sulla citt\u00e0.<\/p>\n<p>Da Milano a Lecce, Terrazza BN insieme a Campari inaugurano un nuovo modo di vivere una pausa dalla\u00a0frenesia cittadina: Spritz al tramonto, eventi privati o una semplice passeggiata nel verde.______<\/p>\n<p>PHOTOGALLERY<\/p>\n<p><img decoding=\"async\" loading=\"lazy\" class=\"alignnone size-full wp-image-173503\" src=\"https:\/\/www.leccecronaca.it\/wordpress\/wp-content\/uploads\/2020\/10\/panorama.jpg\" alt=\"\" width=\"960\" height=\"640\" srcset=\"https:\/\/www.leccecronaca.it\/wordpress\/wp-content\/uploads\/2020\/10\/panorama.jpg 960w, https:\/\/www.leccecronaca.it\/wordpress\/wp-content\/uploads\/2020\/10\/panorama-300x200.jpg 300w, https:\/\/www.leccecronaca.it\/wordpress\/wp-content\/uploads\/2020\/10\/panorama-768x512.jpg 768w\" sizes=\"(max-width: 960px) 100vw, 960px\" \/><img decoding=\"async\" loading=\"lazy\" class=\"alignnone size-full wp-image-173504\" src=\"https:\/\/www.leccecronaca.it\/wordpress\/wp-content\/uploads\/2020\/10\/pauno.jpg\" alt=\"\" width=\"960\" height=\"640\" srcset=\"https:\/\/www.leccecronaca.it\/wordpress\/wp-content\/uploads\/2020\/10\/pauno.jpg 960w, https:\/\/www.leccecronaca.it\/wordpress\/wp-content\/uploads\/2020\/10\/pauno-300x200.jpg 300w, https:\/\/www.leccecronaca.it\/wordpress\/wp-content\/uploads\/2020\/10\/pauno-768x512.jpg 768w\" sizes=\"(max-width: 960px) 100vw, 960px\" \/><img decoding=\"async\" loading=\"lazy\" class=\"alignnone size-full wp-image-173505\" src=\"https:\/\/www.leccecronaca.it\/wordpress\/wp-content\/uploads\/2020\/10\/padue.jpg\" alt=\"\" width=\"960\" height=\"640\" srcset=\"https:\/\/www.leccecronaca.it\/wordpress\/wp-content\/uploads\/2020\/10\/padue.jpg 960w, https:\/\/www.leccecronaca.it\/wordpress\/wp-content\/uploads\/2020\/10\/padue-300x200.jpg 300w, https:\/\/www.leccecronaca.it\/wordpress\/wp-content\/uploads\/2020\/10\/padue-768x512.jpg 768w\" sizes=\"(max-width: 960px) 100vw, 960px\" \/><img decoding=\"async\" loading=\"lazy\" class=\"alignnone size-full wp-image-173506\" src=\"https:\/\/www.leccecronaca.it\/wordpress\/wp-content\/uploads\/2020\/10\/pa-tre.jpg\" alt=\"\" width=\"960\" height=\"640\" srcset=\"https:\/\/www.leccecronaca.it\/wordpress\/wp-content\/uploads\/2020\/10\/pa-tre.jpg 960w, https:\/\/www.leccecronaca.it\/wordpress\/wp-content\/uploads\/2020\/10\/pa-tre-300x200.jpg 300w, https:\/\/www.leccecronaca.it\/wordpress\/wp-content\/uploads\/2020\/10\/pa-tre-768x512.jpg 768w\" sizes=\"(max-width: 960px) 100vw, 960px\" \/><\/p>\n<p>______<\/p>\n<p>LA RICERCA nel nostro articolo di ieri sera<\/p>\n<blockquote class=\"wp-embedded-content\" data-secret=\"I4eI7YRQqQ\"><p><a href=\"https:\/\/www.leccecronaca.it\/index.php\/2020\/10\/16\/presentata-questo-pomeriggio-terrazza-bn-lecce-da-oggi-i-leccesi-hanno-a-disposizone-fruibile-gratuitamente-da-parte-di-tutti-un-nuovo-grande-e-prestigioso-spazio-per-socializzare\/\">PRESENTATA QUESTO POMERIGGIO &#8216;TERRAZZA BN LECCE&#8217;. DA OGGI I LECCESI HANNO A DISPOSIZIONE, FRUIBILE GRATUITAMENTE DA PARTE DI TUTTI I CITTADINI, UN NUOVO, GRANDE E PRESTIGIOSO, SPAZIO PER SOCIALIZZARE<\/a><\/p><\/blockquote>\n<p><iframe class=\"wp-embedded-content\" sandbox=\"allow-scripts\" security=\"restricted\" style=\"position: absolute; clip: rect(1px, 1px, 1px, 1px);\" src=\"https:\/\/www.leccecronaca.it\/index.php\/2020\/10\/16\/presentata-questo-pomeriggio-terrazza-bn-lecce-da-oggi-i-leccesi-hanno-a-disposizone-fruibile-gratuitamente-da-parte-di-tutti-un-nuovo-grande-e-prestigioso-spazio-per-socializzare\/embed\/#?secret=I4eI7YRQqQ\" data-secret=\"I4eI7YRQqQ\" width=\"500\" height=\"282\" title=\"&#8220;PRESENTATA QUESTO POMERIGGIO &#8216;TERRAZZA BN LECCE&#8217;. DA OGGI I LECCESI HANNO A DISPOSIZIONE, FRUIBILE GRATUITAMENTE DA PARTE DI TUTTI I CITTADINI, UN NUOVO, GRANDE E PRESTIGIOSO, SPAZIO PER SOCIALIZZARE&#8221; &#8212; LecceCronaca.it\" frameborder=\"0\" marginwidth=\"0\" marginheight=\"0\" scrolling=\"no\"><\/iframe><\/p>\n<fb:like href='https:\/\/www.leccecronaca.it\/index.php\/2020\/10\/17\/linaugurazione-di-ieri-pomeriggio-di-terrazza-bn-lecce-le-foto-la-dichiarazione-del-sindaco-carlo-salvemini\/' send='true' layout='button_count' show_faces='true' width='450' height='65' action='recommend' colorscheme='light' font='lucida grande'><\/fb:like><span class=\"fb_share\"><fb:like href=\"https:\/\/www.leccecronaca.it\/index.php\/2020\/10\/17\/linaugurazione-di-ieri-pomeriggio-di-terrazza-bn-lecce-le-foto-la-dichiarazione-del-sindaco-carlo-salvemini\/\" layout=\"button_count\"><\/fb:like><\/span>","protected":false},"excerpt":{"rendered":"<p>(Rdl)______PALAZZO BN CI MANDA IL SEGUENTE COMUNICATO: Nel centro storico di Lecce, all\u2019ultimo piano del Palazzo dell\u2019Ex Banco di Napoli, apre\u00a0Terrazza BN: uno spettacolare giardino pensile che accoglie la prima terrazza Campari della\u00a0citt\u00e0. Si \u00e8 svolto in data 16 Ottobre alle ore 15.00 l\u2019apertura della TerrazzaBN, sita in via XXV Luglio. Per l\u2019occasione il Sindaco [&hellip;]<\/p>\n","protected":false},"author":4,"featured_media":173502,"comment_status":"open","ping_status":"closed","sticky":false,"template":"","format":"standard","meta":[],"categories":[1,69,31,75],"tags":[],"_links":{"self":[{"href":"https:\/\/www.leccecronaca.it\/index.php\/wp-json\/wp\/v2\/posts\/173501"}],"collection":[{"href":"https:\/\/www.leccecronaca.it\/index.php\/wp-json\/wp\/v2\/posts"}],"about":[{"href":"https:\/\/www.leccecronaca.it\/index.php\/wp-json\/wp\/v2\/types\/post"}],"author":[{"embeddable":true,"href":"https:\/\/www.leccecronaca.it\/index.php\/wp-json\/wp\/v2\/users\/4"}],"replies":[{"embeddable":true,"href":"https:\/\/www.leccecronaca.it\/index.php\/wp-json\/wp\/v2\/comments?post=173501"}],"version-history":[{"count":2,"href":"https:\/\/www.leccecronaca.it\/index.php\/wp-json\/wp\/v2\/posts\/173501\/revisions"}],"predecessor-version":[{"id":173508,"href":"https:\/\/www.leccecronaca.it\/index.php\/wp-json\/wp\/v2\/posts\/173501\/revisions\/173508"}],"wp:featuredmedia":[{"embeddable":true,"href":"https:\/\/www.leccecronaca.it\/index.php\/wp-json\/wp\/v2\/media\/173502"}],"wp:attachment":[{"href":"https:\/\/www.leccecronaca.it\/index.php\/wp-json\/wp\/v2\/media?parent=173501"}],"wp:term":[{"taxonomy":"category","embeddable":true,"href":"https:\/\/www.leccecronaca.it\/index.php\/wp-json\/wp\/v2\/categories?post=173501"},{"taxonomy":"post_tag","embeddable":true,"href":"https:\/\/www.leccecronaca.it\/index.php\/wp-json\/wp\/v2\/tags?post=173501"}],"curies":[{"name":"wp","href":"https:\/\/api.w.org\/{rel}","templated":true}]}}