{"id":173512,"date":"2020-10-17T11:20:35","date_gmt":"2020-10-17T09:20:35","guid":{"rendered":"http:\/\/www.leccecronaca.it\/?p=173512"},"modified":"2020-10-17T11:21:32","modified_gmt":"2020-10-17T09:21:32","slug":"brescia-lecce-3-0-le-dichiarazioni-dei-protagonisti","status":"publish","type":"post","link":"https:\/\/www.leccecronaca.it\/index.php\/2020\/10\/17\/brescia-lecce-3-0-le-dichiarazioni-dei-protagonisti\/","title":{"rendered":"BRESCIA-LECCE 3-0, LE DICHIARAZIONI  DEI PROTAGONISTI"},"content":{"rendered":"<p><strong><img decoding=\"async\" loading=\"lazy\" class=\"alignnone size-full wp-image-172908\" src=\"https:\/\/www.leccecronaca.it\/wordpress\/wp-content\/uploads\/2020\/10\/Corini29-678x381.jpg\" alt=\"\" width=\"678\" height=\"381\" srcset=\"https:\/\/www.leccecronaca.it\/wordpress\/wp-content\/uploads\/2020\/10\/Corini29-678x381.jpg 678w, https:\/\/www.leccecronaca.it\/wordpress\/wp-content\/uploads\/2020\/10\/Corini29-678x381-300x169.jpg 300w\" sizes=\"(max-width: 678px) 100vw, 678px\" \/><em>di<\/em> Mattia Ala______<\/strong><\/p>\n<p>Vediamo insieme le dichiarazioni di mister <strong>Eugenio Corini<\/strong>(nella foto)\u00a0al termine della gara di ieri sera, in cui il suo Lecce \u00e8 stato travolto 3-0 dal Brescia:<\/p>\n<p><strong>Gol evitabili<\/strong>:<em> &#8220;Abbiamo subito delle brutte reti, soprattutto le prime due nate da nostri errori. Dispiace che non siamo riusciti ad indirizzare il match nei momenti cruciali, sicuramente dobbiamo migliorare sotto questo punto di vista ma questo fa parte del nostro percorso di crescita. Per il futuro la soglia di attenzione deve crescere, perch\u00e8 erano situazioni evitabili. Credo sia fondamentale consolidare certi meccanismi, soprattutto contro squadre come il Brescia, che ha grandi valori per questo torneo e oggi ha dimostrato di avere qualcosa in pi\u00f9 di noi&#8221;.<\/em><\/p>\n<p><strong>Scelte di formazione e assenze<\/strong>:<em> &#8220;Ho preferito Stepinski a Coda per le sue qualit\u00e0 fisiche, e poi anche per ruotare le punte a causa dei prossimi impegni ravvicinati. Ci mancavano giocatori importanti, \u00e8 vero, ma dobbiamo essere in grado di reagire a queste difficolt\u00e0, come avremmo dovuto fare oggi&#8221;.<\/em><\/p>\n<p><strong>Gol annullato<\/strong>: <em>&#8220;Non ho visto il gol, ma dal campo sembrava valido, cos\u00ec come mi ha confermato chi lo ha visto&#8221;.<\/em><\/p>\n<p>Questa mattina \u00e8 arrivato, inoltre, il commento del presidente <strong>Saverio Sticchi Damiani<\/strong> al <strong>Quotidiano di Puglia<\/strong>. Di seguito una sintesi delle sue dichiarazioni:<\/p>\n<p><strong>Nessun dramma<\/strong>: <em>&#8220;Quando si cambia tanto le difficolt\u00e0 iniziali bisogna metterle in conto. Lagnarsi ora non serve a nulla.\u00a0 Non sar\u00e0 una passeggiata, lo sappiamo, ma la cosa pi\u00f9 importante ora \u00e8 ripartire subito. Siamo ancora all&#8217;inizio&#8221;.<\/em><\/p>\n<p>Il prossimo impegno dei salentini sar\u00e0 mercoled\u00ec 21 alle ore 19.00, nel turno infrasettimanale, al Via Del Mare contro la <strong>Cremonese<\/strong> allenata da <strong>Pierpaolo Bisoli.______<\/strong><\/p>\n<p>LA RICERCA nel nostro articolo di questa notte<\/p>\n<blockquote class=\"wp-embedded-content\" data-secret=\"PnBzh14wpY\"><p><a href=\"https:\/\/www.leccecronaca.it\/index.php\/2020\/10\/16\/brescia-lecce-3-0-amaro-ritorno-a-casa-per-corini\/\">BRESCIA-LECCE 3-0, AMARO RITORNO A CASA PER CORINI<\/a><\/p><\/blockquote>\n<p><iframe class=\"wp-embedded-content\" sandbox=\"allow-scripts\" security=\"restricted\" style=\"position: absolute; clip: rect(1px, 1px, 1px, 1px);\" src=\"https:\/\/www.leccecronaca.it\/index.php\/2020\/10\/16\/brescia-lecce-3-0-amaro-ritorno-a-casa-per-corini\/embed\/#?secret=PnBzh14wpY\" data-secret=\"PnBzh14wpY\" width=\"500\" height=\"282\" title=\"&#8220;BRESCIA-LECCE 3-0, AMARO RITORNO A CASA PER CORINI&#8221; &#8212; LecceCronaca.it\" frameborder=\"0\" marginwidth=\"0\" marginheight=\"0\" scrolling=\"no\"><\/iframe><\/p>\n<fb:like href='https:\/\/www.leccecronaca.it\/index.php\/2020\/10\/17\/brescia-lecce-3-0-le-dichiarazioni-dei-protagonisti\/' send='true' layout='button_count' show_faces='true' width='450' height='65' action='recommend' colorscheme='light' font='lucida grande'><\/fb:like><span class=\"fb_share\"><fb:like href=\"https:\/\/www.leccecronaca.it\/index.php\/2020\/10\/17\/brescia-lecce-3-0-le-dichiarazioni-dei-protagonisti\/\" layout=\"button_count\"><\/fb:like><\/span>","protected":false},"excerpt":{"rendered":"<p>di Mattia Ala______ Vediamo insieme le dichiarazioni di mister Eugenio Corini(nella foto)\u00a0al termine della gara di ieri sera, in cui il suo Lecce \u00e8 stato travolto 3-0 dal Brescia: Gol evitabili: &#8220;Abbiamo subito delle brutte reti, soprattutto le prime due nate da nostri errori. Dispiace che non siamo riusciti ad indirizzare il match nei momenti [&hellip;]<\/p>\n","protected":false},"author":4,"featured_media":172908,"comment_status":"open","ping_status":"closed","sticky":false,"template":"","format":"standard","meta":[],"categories":[28],"tags":[],"_links":{"self":[{"href":"https:\/\/www.leccecronaca.it\/index.php\/wp-json\/wp\/v2\/posts\/173512"}],"collection":[{"href":"https:\/\/www.leccecronaca.it\/index.php\/wp-json\/wp\/v2\/posts"}],"about":[{"href":"https:\/\/www.leccecronaca.it\/index.php\/wp-json\/wp\/v2\/types\/post"}],"author":[{"embeddable":true,"href":"https:\/\/www.leccecronaca.it\/index.php\/wp-json\/wp\/v2\/users\/4"}],"replies":[{"embeddable":true,"href":"https:\/\/www.leccecronaca.it\/index.php\/wp-json\/wp\/v2\/comments?post=173512"}],"version-history":[{"count":3,"href":"https:\/\/www.leccecronaca.it\/index.php\/wp-json\/wp\/v2\/posts\/173512\/revisions"}],"predecessor-version":[{"id":173520,"href":"https:\/\/www.leccecronaca.it\/index.php\/wp-json\/wp\/v2\/posts\/173512\/revisions\/173520"}],"wp:featuredmedia":[{"embeddable":true,"href":"https:\/\/www.leccecronaca.it\/index.php\/wp-json\/wp\/v2\/media\/172908"}],"wp:attachment":[{"href":"https:\/\/www.leccecronaca.it\/index.php\/wp-json\/wp\/v2\/media?parent=173512"}],"wp:term":[{"taxonomy":"category","embeddable":true,"href":"https:\/\/www.leccecronaca.it\/index.php\/wp-json\/wp\/v2\/categories?post=173512"},{"taxonomy":"post_tag","embeddable":true,"href":"https:\/\/www.leccecronaca.it\/index.php\/wp-json\/wp\/v2\/tags?post=173512"}],"curies":[{"name":"wp","href":"https:\/\/api.w.org\/{rel}","templated":true}]}}