{"id":173586,"date":"2020-10-18T18:07:04","date_gmt":"2020-10-18T16:07:04","guid":{"rendered":"http:\/\/www.leccecronaca.it\/?p=173586"},"modified":"2020-10-18T18:33:26","modified_gmt":"2020-10-18T16:33:26","slug":"e-morto-stamattina-alfredo-cerruti-mitica-voce-declamante-degli-squallor-mitici-inventori-del-politicamente-corretto","status":"publish","type":"post","link":"https:\/\/www.leccecronaca.it\/index.php\/2020\/10\/18\/e-morto-stamattina-alfredo-cerruti-mitica-voce-declamante-degli-squallor-mitici-inventori-del-politicamente-corretto\/","title":{"rendered":"E&#8217; MORTO &#8216;STAMATTINA ALFREDO CERRUTI, MITICA VOCE DECLAMANTE DEGLI SQUALLOR, NEGLI ANNI SETTANTA INVENTORI DEL &#8216;POLITICAMENTE SCORRETTO&#8217;"},"content":{"rendered":"<p><img decoding=\"async\" loading=\"lazy\" class=\"alignnone wp-image-173587\" src=\"https:\/\/www.leccecronaca.it\/wordpress\/wp-content\/uploads\/2020\/10\/download-6.jpg\" alt=\"\" width=\"402\" height=\"300\" \/>(g.p.)______Il portafortuna della zia Woller &#8216;stavolta non ha funzionato, a 78 anni qualcosa si deve essere inceppato nella pila elettrica del suo cuore. Ad Alfredo Cerruti &#8216;stamattina \u00e8 venuta una trombosi che se l&#8217;\u00e8 portato via, lass\u00f9, dove ad aspettarlo ha trovato gli altri, Pace, Bigazzi e Savio, i suoi Squallor, gruppo mitico che egli fond\u00f2 e di cui era l&#8217;inconfondibile, ineguagliabile voce solista, cantante, o per meglio dire recitante.<\/p>\n<p>&nbsp;<\/p>\n<p>Chiss\u00e0 se esista qualcos&#8217;altro, dopo la morte, oltre che il ricordo che si lascia quaggi\u00f9. Se esiste,\u00a0 per\u00f2, c&#8217;\u00e8 da giurare che lass\u00f9 i quattro oggi, <em>38 luglio<\/em>, hanno gi\u00e0 rifondato<em> &#8220;un<\/em>\u00a0<em>clubs&#8221;<\/em> e si sono rimessi subito all&#8217;opera, per movimentare un po&#8217; quella che deve la sostanziale monotonia dell&#8217;Aldil\u00e0, con qualche divertentissimo\u00a0 pezzo fuori dal coro celestiale, nonostante lo sguardo severo di San Pietro, sempre pi\u00f9 convinto, ora che li ha l\u00e0, che <em>Troia<\/em> non sia la mitica citt\u00e0 omerica, <em>Pompa<\/em> non sia quella della benzina,<em> Tromba<\/em> non sia lo strumento musicale,\u00a0 e gli <em>Uccelli d&#8217;Italia<\/em> non siano corvi, rondini e passerotti, ma che, a differenza di quello che fece la Rai, vedrete, non li censurer\u00e0.<\/p>\n<p>Nella speranza che non incontrino mai Dante Alighieri, al quale essi direbbero quello che gli hanno cantato in una dissacrante melodia napoletana&#8230;<\/p>\n<p>&nbsp;<\/p>\n<p>In ogni caso, Alfredo Cerruti lascia in tantissimi il ricordo di anni memorabili, legati alla geniale intuizione di un gruppo musicale che ha fatto epoca, d&#8217;un successo travolgente, per di pi\u00f9 senza promozioni radiofoniche e senza comparsate televisive.<\/p>\n<p>Vitelloni da strapazzo, attempati signori che avevano le loro avviate attivit\u00e0 nel mondo dello spettacolo (lui, in particolare, fu anche apprezzato autore televisivo) che sfidavano il tempo giocando a fare i ragazzini impertinenti, i goliardi impuniti, i dissacratori del celebrato impegno, i cantori della satira estrema.<\/p>\n<p>E ci si misero d&#8217;impegno, il loro, a far ridere e sorridere &#8211; impresa nobile, per altro difficilissima, molto pi\u00f9 che far riflettere o commuovere\u00a0 &#8211;\u00a0 generazioni diverse, di giovani e meno giovani.<\/p>\n<p>Dai primi anni Settanta, in avanti, in quegli anni dei cantautori impegnati e delle celebrazioni ideologiche, del tutto serio e solenne, la voce di Alfredo Cerruti declamava atmosfere surreali, incredibili doppi sensi, e nonsense assoluti, che deliziavano un po&#8217; tutti, quelli che li citavano e li celebravano, ma anche quelli che li ascoltavano di nascosto, e ridevano da soli.<\/p>\n<p>&nbsp;<\/p>\n<fb:like href='https:\/\/www.leccecronaca.it\/index.php\/2020\/10\/18\/e-morto-stamattina-alfredo-cerruti-mitica-voce-declamante-degli-squallor-mitici-inventori-del-politicamente-corretto\/' send='true' layout='button_count' show_faces='true' width='450' height='65' action='recommend' colorscheme='light' font='lucida grande'><\/fb:like><span class=\"fb_share\"><fb:like href=\"https:\/\/www.leccecronaca.it\/index.php\/2020\/10\/18\/e-morto-stamattina-alfredo-cerruti-mitica-voce-declamante-degli-squallor-mitici-inventori-del-politicamente-corretto\/\" layout=\"button_count\"><\/fb:like><\/span>","protected":false},"excerpt":{"rendered":"<p>(g.p.)______Il portafortuna della zia Woller &#8216;stavolta non ha funzionato, a 78 anni qualcosa si deve essere inceppato nella pila elettrica del suo cuore. Ad Alfredo Cerruti &#8216;stamattina \u00e8 venuta una trombosi che se l&#8217;\u00e8 portato via, lass\u00f9, dove ad aspettarlo ha trovato gli altri, Pace, Bigazzi e Savio, i suoi Squallor, gruppo mitico che egli [&hellip;]<\/p>\n","protected":false},"author":4,"featured_media":173587,"comment_status":"open","ping_status":"closed","sticky":false,"template":"","format":"standard","meta":[],"categories":[31],"tags":[],"_links":{"self":[{"href":"https:\/\/www.leccecronaca.it\/index.php\/wp-json\/wp\/v2\/posts\/173586"}],"collection":[{"href":"https:\/\/www.leccecronaca.it\/index.php\/wp-json\/wp\/v2\/posts"}],"about":[{"href":"https:\/\/www.leccecronaca.it\/index.php\/wp-json\/wp\/v2\/types\/post"}],"author":[{"embeddable":true,"href":"https:\/\/www.leccecronaca.it\/index.php\/wp-json\/wp\/v2\/users\/4"}],"replies":[{"embeddable":true,"href":"https:\/\/www.leccecronaca.it\/index.php\/wp-json\/wp\/v2\/comments?post=173586"}],"version-history":[{"count":8,"href":"https:\/\/www.leccecronaca.it\/index.php\/wp-json\/wp\/v2\/posts\/173586\/revisions"}],"predecessor-version":[{"id":173595,"href":"https:\/\/www.leccecronaca.it\/index.php\/wp-json\/wp\/v2\/posts\/173586\/revisions\/173595"}],"wp:featuredmedia":[{"embeddable":true,"href":"https:\/\/www.leccecronaca.it\/index.php\/wp-json\/wp\/v2\/media\/173587"}],"wp:attachment":[{"href":"https:\/\/www.leccecronaca.it\/index.php\/wp-json\/wp\/v2\/media?parent=173586"}],"wp:term":[{"taxonomy":"category","embeddable":true,"href":"https:\/\/www.leccecronaca.it\/index.php\/wp-json\/wp\/v2\/categories?post=173586"},{"taxonomy":"post_tag","embeddable":true,"href":"https:\/\/www.leccecronaca.it\/index.php\/wp-json\/wp\/v2\/tags?post=173586"}],"curies":[{"name":"wp","href":"https:\/\/api.w.org\/{rel}","templated":true}]}}