{"id":173958,"date":"2020-10-27T14:20:08","date_gmt":"2020-10-27T13:20:08","guid":{"rendered":"http:\/\/www.leccecronaca.it\/?p=173958"},"modified":"2020-10-27T16:57:49","modified_gmt":"2020-10-27T15:57:49","slug":"ugo-tognazzi-dalle-brigate-nere-alle-allegre-brigate-di-amici-miei","status":"publish","type":"post","link":"https:\/\/www.leccecronaca.it\/index.php\/2020\/10\/27\/ugo-tognazzi-dalle-brigate-nere-alle-allegre-brigate-di-amici-miei\/","title":{"rendered":"DALLE BRIGATE NERE ALLE ALLEGRE BRIGATE DI AMICI MIEI"},"content":{"rendered":"<p><img decoding=\"async\" loading=\"lazy\" class=\"alignnone size-large wp-image-173959\" src=\"https:\/\/www.leccecronaca.it\/wordpress\/wp-content\/uploads\/2020\/10\/Ugo-Tognazzi-1024x655.jpg\" alt=\"\" width=\"1024\" height=\"655\" srcset=\"https:\/\/www.leccecronaca.it\/wordpress\/wp-content\/uploads\/2020\/10\/Ugo-Tognazzi-1024x655.jpg 1024w, https:\/\/www.leccecronaca.it\/wordpress\/wp-content\/uploads\/2020\/10\/Ugo-Tognazzi-300x192.jpg 300w, https:\/\/www.leccecronaca.it\/wordpress\/wp-content\/uploads\/2020\/10\/Ugo-Tognazzi-768x491.jpg 768w, https:\/\/www.leccecronaca.it\/wordpress\/wp-content\/uploads\/2020\/10\/Ugo-Tognazzi.jpg 1200w\" sizes=\"(max-width: 1024px) 100vw, 1024px\" \/>gm_______In tutte le televisioni italiane in questi giorni ci sono servizi su Ugo Tognazzi, interviste ai quattro figli, ai colleghi che lo hanno conosciuto, hanno mandato in onda centinaia di spezzoni dei suoi film, di lui hanno detto che era un grande attore, regista, e &#8220;mostro&#8221; della Commedia all&#8217;italiana.<\/p>\n<p>Ora seguendo le trasmissioni mi ha sorpreso come si parlasse sempre dell&#8217;infanzia dei suoi figli, della giovinezza dei suoi \u00a0figli e si glissava sulla giovinezza dell&#8217;indiscusso protagonista.<\/p>\n<p>Nato a Cremona il 23 marzo del 1922, con all&#8217;attivo 148 film di successo, tra cui Amici miei, Il vizietto, La stanza del vescovo, La tragedia di un uomo ridicolo, I mostri, o film in cui veste i panni pi\u00f9 impegnati come, In nome del popolo italiano, o comico-drammatico come ne il Federale&#8230; un fascista che vede crollare intorno se il mondo in cui aveva fermamente creduto. Ma, <strong>Tognazzi<\/strong> quella \u201cdivisa nera\u201d l&#8217;aveva indossata sul serio. Ed ecco svelato l&#8217;arcano ecco perch\u00e9 si sorvolava sui suoi primi trent&#8217;anni di vita.<\/p>\n<p>Anzi \u00e8 proprio nel periodo in cui viene chiamato alle armi\u00a0 durante la Seconda Guerra Mondiale, che improvvisa spettacoli di variet\u00e0 per i suoi commilitoni. Dopo la caduta del Fascismo nel 1943, e l&#8217;arresto di Mussolini, \u00a0l\u20198 settembre aderisce alle <strong>Brigate Nere<\/strong>. Il suo esordio ufficiale sar\u00e0 nel 1950, nel film\u00a0<em>I cadetti di Guascogna<\/em>, al fianco di <strong><em>Walter Chiari<\/em><\/strong> \u2013 altro grande della commedia italiana con il quale Tognazzi aveva gi\u00e0 collaborato, durante il periodo di arruolamento di quest\u2019ultimo nella Decima Mas, con trasmissioni\u00a0radiofoniche destinata alle truppe della Repubblica Sociale Italiana. Walter Chiari sar\u00e0 quello che pagher\u00e0 un caro prezzo per non aver mai rinnegato il suo passato giovanile di fascista.<\/p>\n<p>Il successo televisivo \u00a0arriver\u00e0 pi\u00f9 tardi, quando si unir\u00e0 nel variet\u00e0 <em>Un due tre<\/em> con l\u2019altro \u201ccamerata \u201d della televisione italiana: <strong>Raimondo Vianello<\/strong>. Bersagliere volontario della Rsi, Vianello dichiar\u00f2 durante un&#8217;intervista: \u201c<em>I giovani che sono andati a Sal\u00f2 dovrebbero essere pi\u00f9 rispettati se non altro per i loro ideali ispiratori. Chi \u00e8 andato su sapeva di finire male. Non va abiurato\u201d.<\/em><\/p>\n<p>Tutto il resto, le diverse farse televisive e cinematografiche, la commedia all\u2019italiana, le collaborazioni con Alberto Bevilacqua, Bernardo Bertolucci, vincendo <strong>\u00a0Palma d\u2019Oro<\/strong> al Festival di Cannes come miglior attore protagonista. I suoi indimenticabili \u00a0i personaggi de <em>La marcia su Roma\u00a0<\/em>e del sopracitato <em>Il Federale<\/em>.<\/p>\n<p>Cos\u00ec come indimenticabile \u00e8 il personaggio da lui interpretato, il\u00a0<strong>Conte Mascetti<\/strong> e le sue <em>supercazzole<\/em> nel film\u00a0<em>Amici Miei o\u00a0<\/em>l\u2019onorevole<strong> Giuseppe Tritoni<\/strong> e della sua <em>anti-storica uguaglianza <\/em>de <em>Vogliamo i colonnelli.\u00a0<\/em>\u00a0Tutte queste notizie potrete seguirle in dettagliate interviste giornalistiche o televisive, quelle che invece non troverete ve le abbiamo fornite noi. Ora capite anche perch\u00e9 qualcuno dei figli, che lavorano tutti nel mondo del cinema, oramai in mano alla sinistra, \u00a0gioca fare il radical chic.<\/p>\n<fb:like href='https:\/\/www.leccecronaca.it\/index.php\/2020\/10\/27\/ugo-tognazzi-dalle-brigate-nere-alle-allegre-brigate-di-amici-miei\/' send='true' layout='button_count' show_faces='true' width='450' height='65' action='recommend' colorscheme='light' font='lucida grande'><\/fb:like><span class=\"fb_share\"><fb:like href=\"https:\/\/www.leccecronaca.it\/index.php\/2020\/10\/27\/ugo-tognazzi-dalle-brigate-nere-alle-allegre-brigate-di-amici-miei\/\" layout=\"button_count\"><\/fb:like><\/span>","protected":false},"excerpt":{"rendered":"<p>gm_______In tutte le televisioni italiane in questi giorni ci sono servizi su Ugo Tognazzi, interviste ai quattro figli, ai colleghi che lo hanno conosciuto, hanno mandato in onda centinaia di spezzoni dei suoi film, di lui hanno detto che era un grande attore, regista, e &#8220;mostro&#8221; della Commedia all&#8217;italiana. Ora seguendo le trasmissioni mi ha [&hellip;]<\/p>\n","protected":false},"author":4,"featured_media":0,"comment_status":"open","ping_status":"closed","sticky":false,"template":"","format":"standard","meta":[],"categories":[1,31],"tags":[],"_links":{"self":[{"href":"https:\/\/www.leccecronaca.it\/index.php\/wp-json\/wp\/v2\/posts\/173958"}],"collection":[{"href":"https:\/\/www.leccecronaca.it\/index.php\/wp-json\/wp\/v2\/posts"}],"about":[{"href":"https:\/\/www.leccecronaca.it\/index.php\/wp-json\/wp\/v2\/types\/post"}],"author":[{"embeddable":true,"href":"https:\/\/www.leccecronaca.it\/index.php\/wp-json\/wp\/v2\/users\/4"}],"replies":[{"embeddable":true,"href":"https:\/\/www.leccecronaca.it\/index.php\/wp-json\/wp\/v2\/comments?post=173958"}],"version-history":[{"count":4,"href":"https:\/\/www.leccecronaca.it\/index.php\/wp-json\/wp\/v2\/posts\/173958\/revisions"}],"predecessor-version":[{"id":173972,"href":"https:\/\/www.leccecronaca.it\/index.php\/wp-json\/wp\/v2\/posts\/173958\/revisions\/173972"}],"wp:attachment":[{"href":"https:\/\/www.leccecronaca.it\/index.php\/wp-json\/wp\/v2\/media?parent=173958"}],"wp:term":[{"taxonomy":"category","embeddable":true,"href":"https:\/\/www.leccecronaca.it\/index.php\/wp-json\/wp\/v2\/categories?post=173958"},{"taxonomy":"post_tag","embeddable":true,"href":"https:\/\/www.leccecronaca.it\/index.php\/wp-json\/wp\/v2\/tags?post=173958"}],"curies":[{"name":"wp","href":"https:\/\/api.w.org\/{rel}","templated":true}]}}