{"id":174043,"date":"2020-10-29T16:00:11","date_gmt":"2020-10-29T15:00:11","guid":{"rendered":"http:\/\/www.leccecronaca.it\/?p=174043"},"modified":"2020-10-29T16:46:02","modified_gmt":"2020-10-29T15:46:02","slug":"azzolina-che-cazziatone-a-emiliano","status":"publish","type":"post","link":"https:\/\/www.leccecronaca.it\/index.php\/2020\/10\/29\/azzolina-che-cazziatone-a-emiliano\/","title":{"rendered":"AZZOLINA! CHE CAZZIATONE A EMILIANO!!"},"content":{"rendered":"<p><img decoding=\"async\" loading=\"lazy\" class=\"alignnone size-full wp-image-174044\" src=\"https:\/\/www.leccecronaca.it\/wordpress\/wp-content\/uploads\/2020\/10\/120811330_855138558354277_205968936565557326_o.jpg\" alt=\"\" width=\"959\" height=\"640\" srcset=\"https:\/\/www.leccecronaca.it\/wordpress\/wp-content\/uploads\/2020\/10\/120811330_855138558354277_205968936565557326_o.jpg 959w, https:\/\/www.leccecronaca.it\/wordpress\/wp-content\/uploads\/2020\/10\/120811330_855138558354277_205968936565557326_o-300x200.jpg 300w, https:\/\/www.leccecronaca.it\/wordpress\/wp-content\/uploads\/2020\/10\/120811330_855138558354277_205968936565557326_o-768x513.jpg 768w\" sizes=\"(max-width: 959px) 100vw, 959px\" \/>(Rdl)_______La decisione di ieri sera, sia nel metodo con cui \u00e8 stata adottata, sia, soprattutto, nel contenuto, del presidente della Regione Puglia Michele Emiliano continua a suscitare reazioni, per lo pi\u00f9 negative, di critica e di forte opposizione, soprattutto fra i genitori degli scolari pugliesi.<\/p>\n<p>In queste ore, arriva una vera e propria sconfessione dell&#8217;operato di Emiliano, a livello governativo.<\/p>\n<p>E&#8217; il ministro dell&#8217;Istruzione stesso,<strong> Lucia<\/strong> <strong>Azzolina,<\/strong> a chiedergli di rimangiarsi il provvedimento, con un post sui social, che sta facendo discutere ancora di pi\u00f9, anche perch\u00e9 arriva da un esponente del M5S, rivolto ad un esponente del Pd, partiti alleati al governo nazionale.<\/p>\n<p>Non solo, addirittura il ministro si \u00e8 fatto un manifesto &#8211; poster che sta facendo viaggiare sui social, per chiedere la riapertura delle scuole in Puglia.<\/p>\n<p><img decoding=\"async\" loading=\"lazy\" class=\"alignnone size-full wp-image-174045\" src=\"https:\/\/www.leccecronaca.it\/wordpress\/wp-content\/uploads\/2020\/10\/123140340_877145509486915_8209513602597490173_o.jpg\" alt=\"\" width=\"960\" height=\"960\" srcset=\"https:\/\/www.leccecronaca.it\/wordpress\/wp-content\/uploads\/2020\/10\/123140340_877145509486915_8209513602597490173_o.jpg 960w, https:\/\/www.leccecronaca.it\/wordpress\/wp-content\/uploads\/2020\/10\/123140340_877145509486915_8209513602597490173_o-300x300.jpg 300w, https:\/\/www.leccecronaca.it\/wordpress\/wp-content\/uploads\/2020\/10\/123140340_877145509486915_8209513602597490173_o-150x150.jpg 150w, https:\/\/www.leccecronaca.it\/wordpress\/wp-content\/uploads\/2020\/10\/123140340_877145509486915_8209513602597490173_o-768x768.jpg 768w, https:\/\/www.leccecronaca.it\/wordpress\/wp-content\/uploads\/2020\/10\/123140340_877145509486915_8209513602597490173_o-60x60.jpg 60w\" sizes=\"(max-width: 960px) 100vw, 960px\" \/><\/p>\n<p>Per ora, comunque, siamo alla semplice polemica politica, senza alcun effetto pratico, sull&#8217;ordinanza della Regione Puglia, che, unica in Italia, da domani, venerd\u00ec 30 ottobre, chiuder\u00e0 le scuole.<\/p>\n<p>Ecco quello che ha scritto in mattinata il ministro:<\/p>\n<p><strong><em>&#8220;La Regione Puglia ha sospeso le attivit\u00e0 didattiche in presenza definendo \u2018impressionante\u2019 il numero dei contagi. Eppure, secondo quanto ci ha comunicato, si tratta di 417 studenti risultati positivi (su una popolazione studentesca di 562 mila). <\/em><\/strong><\/p>\n<p><strong><em>La stessa Regione ha poi ammesso che il problema in realt\u00e0 non \u00e8 la diffusione del virus all\u2019interno delle scuole ma l\u2019organizzazione del lavoro della Sanit\u00e0 regionale.<\/em><\/strong><\/p>\n<div id=\"js_dd\" class=\"_5pbx userContent _3576\" data-testid=\"post_message\" data-ft=\"{&quot;tn&quot;:&quot;K&quot;}\">\n<div id=\"id_5f9ad59061e592f59509258\" class=\"text_exposed_root text_exposed\">\n<p><strong><em>Pensare di risolvere il problema chiudendo le scuole \u00e8 una mera i<span class=\"text_exposed_show\">llusione. Perch\u00e9 i ragazzi escono, anzi usciranno di pi\u00f9 e rischieranno di contagiarsi. A scuola invece, non solo ci sono misure di sicurezza, ma anche protocolli che permettono controllo e tracciamento.<\/span><\/em><\/strong><\/p>\n<div class=\"text_exposed_show\">\n<p><strong><em>Si riaprano al pi\u00f9 presto le scuole, evitando conseguenze gravi, presenti e future, per gli studenti e per le famiglie.<\/em><\/strong><\/p>\n<p><strong><em>Sono sommersa in queste ore da messaggi di sconforto, delusione e amarezza. La comunit\u00e0 scolastica pugliese nei mesi scorsi ha lavorato tantissimo, per preparare le scuole alla riapertura. Dimostrando spirito di sacrificio e responsabilit\u00e0. La stessa che oggi \u00e8 richiesta a tutti gli attori istituzionali per non togliere alle bambine e ai bambini momenti di socialit\u00e0, studio, impegno e crescita.<\/em><\/strong><\/p>\n<p><strong><em>La scuola non \u00e8 un &#8216;problema&#8217; come qualcuno ha scritto. La scuola \u00e8 futuro e speranza&#8221;.<\/em><\/strong><\/p>\n<p>&nbsp;<\/p>\n<p>Quel &#8220;qualcuno&#8221; al quale il ministro si riferisce \u00e8 Pier Luigi Lo Palco, epidemiologo e assessore regionale alla Sanit\u00e0 ( gi\u00e0 sostanzialmente indicato da Michele Emiliano, per quando potr\u00e0 formare la nuova giunta)\u00a0 il quale ieri sera, sempre via social, dopo la decisione adottata dal presidente, c&#8217;\u00e8 da credere con il suo pesantissimo contributo, l&#8217;ha spiegata a suo modo di vedere con un post intitolato appunto\u00a0PERCHE&#8217; LA SCUOLA E&#8217; UN PROBLEMA.<\/p>\n<p><strong>______<\/strong><\/p>\n<p>LA RICERCA nel nostro articolo di ieri sera<\/p>\n<blockquote class=\"wp-embedded-content\" data-secret=\"OdATEka77i\"><p><a href=\"https:\/\/www.leccecronaca.it\/index.php\/2020\/10\/28\/ultimora-scuole-chiuse-in-puglia\/\">ULTIM&#8217;ORA \/ SCUOLE CHIUSE IN PUGLIA<\/a><\/p><\/blockquote>\n<p><iframe class=\"wp-embedded-content\" sandbox=\"allow-scripts\" security=\"restricted\" style=\"position: absolute; clip: rect(1px, 1px, 1px, 1px);\" src=\"https:\/\/www.leccecronaca.it\/index.php\/2020\/10\/28\/ultimora-scuole-chiuse-in-puglia\/embed\/#?secret=OdATEka77i\" data-secret=\"OdATEka77i\" width=\"500\" height=\"282\" title=\"&#8220;ULTIM&#8217;ORA \/ SCUOLE CHIUSE IN PUGLIA&#8221; &#8212; LecceCronaca.it\" frameborder=\"0\" marginwidth=\"0\" marginheight=\"0\" scrolling=\"no\"><\/iframe><\/p>\n<\/div>\n<\/div>\n<\/div>\n<div class=\"_3x-2\" data-ft=\"{&quot;tn&quot;:&quot;H&quot;}\"><strong><em>\u00a0<\/em><\/strong><\/div>\n<p>&nbsp;<\/p>\n<fb:like href='https:\/\/www.leccecronaca.it\/index.php\/2020\/10\/29\/azzolina-che-cazziatone-a-emiliano\/' send='true' layout='button_count' show_faces='true' width='450' height='65' action='recommend' colorscheme='light' font='lucida grande'><\/fb:like><span class=\"fb_share\"><fb:like href=\"https:\/\/www.leccecronaca.it\/index.php\/2020\/10\/29\/azzolina-che-cazziatone-a-emiliano\/\" layout=\"button_count\"><\/fb:like><\/span>","protected":false},"excerpt":{"rendered":"<p>(Rdl)_______La decisione di ieri sera, sia nel metodo con cui \u00e8 stata adottata, sia, soprattutto, nel contenuto, del presidente della Regione Puglia Michele Emiliano continua a suscitare reazioni, per lo pi\u00f9 negative, di critica e di forte opposizione, soprattutto fra i genitori degli scolari pugliesi. In queste ore, arriva una vera e propria sconfessione dell&#8217;operato [&hellip;]<\/p>\n","protected":false},"author":4,"featured_media":174044,"comment_status":"open","ping_status":"closed","sticky":false,"template":"","format":"standard","meta":[],"categories":[69,76],"tags":[],"_links":{"self":[{"href":"https:\/\/www.leccecronaca.it\/index.php\/wp-json\/wp\/v2\/posts\/174043"}],"collection":[{"href":"https:\/\/www.leccecronaca.it\/index.php\/wp-json\/wp\/v2\/posts"}],"about":[{"href":"https:\/\/www.leccecronaca.it\/index.php\/wp-json\/wp\/v2\/types\/post"}],"author":[{"embeddable":true,"href":"https:\/\/www.leccecronaca.it\/index.php\/wp-json\/wp\/v2\/users\/4"}],"replies":[{"embeddable":true,"href":"https:\/\/www.leccecronaca.it\/index.php\/wp-json\/wp\/v2\/comments?post=174043"}],"version-history":[{"count":7,"href":"https:\/\/www.leccecronaca.it\/index.php\/wp-json\/wp\/v2\/posts\/174043\/revisions"}],"predecessor-version":[{"id":174052,"href":"https:\/\/www.leccecronaca.it\/index.php\/wp-json\/wp\/v2\/posts\/174043\/revisions\/174052"}],"wp:featuredmedia":[{"embeddable":true,"href":"https:\/\/www.leccecronaca.it\/index.php\/wp-json\/wp\/v2\/media\/174044"}],"wp:attachment":[{"href":"https:\/\/www.leccecronaca.it\/index.php\/wp-json\/wp\/v2\/media?parent=174043"}],"wp:term":[{"taxonomy":"category","embeddable":true,"href":"https:\/\/www.leccecronaca.it\/index.php\/wp-json\/wp\/v2\/categories?post=174043"},{"taxonomy":"post_tag","embeddable":true,"href":"https:\/\/www.leccecronaca.it\/index.php\/wp-json\/wp\/v2\/tags?post=174043"}],"curies":[{"name":"wp","href":"https:\/\/api.w.org\/{rel}","templated":true}]}}