{"id":174120,"date":"2020-10-31T12:28:52","date_gmt":"2020-10-31T11:28:52","guid":{"rendered":"http:\/\/www.leccecronaca.it\/?p=174120"},"modified":"2020-10-31T12:54:56","modified_gmt":"2020-10-31T11:54:56","slug":"iovogliotornareascuolaperche-la-scuola-non-e-solo-didattica-ma-anche-e-soprattutto-socialita","status":"publish","type":"post","link":"https:\/\/www.leccecronaca.it\/index.php\/2020\/10\/31\/iovogliotornareascuolaperche-la-scuola-non-e-solo-didattica-ma-anche-e-soprattutto-socialita\/","title":{"rendered":"#iovogliotornareascuolaperch\u00e8 LA SCUOLA NON E&#8217; SOLO DIDATTICA, MA ANCHE E SOPRATTUTTO SOCIALITA&#8217;!"},"content":{"rendered":"<div dir=\"auto\"><img decoding=\"async\" loading=\"lazy\" class=\"alignnone size-large wp-image-174121\" src=\"https:\/\/www.leccecronaca.it\/wordpress\/wp-content\/uploads\/2020\/10\/IMG_20201031_082140-1024x768.jpg\" alt=\"\" width=\"1024\" height=\"768\" \/>di <strong>Serena Fiorentino<\/strong>______<\/div>\n<div dir=\"auto\"><\/div>\n<div dir=\"auto\">I genitori e i bambini delle classi primarie dell&#8217;Istituto comprensivo Polo3 di Galatina vogliono far sentire forti le tante motivazioni per cui i piccoli studenti e le piccole studentesse vogliono tornare a frequentare la Scuola in presenza, compatibilmente con tutte le precauzioni necessarie e atte a contenere la diffusione del virus SARS-COV2.<\/div>\n<div dir=\"auto\"><\/div>\n<div dir=\"auto\">Gi\u00e0 da ieri sera i genitori si sono fatti portavoce dei bisogni e delle necessit\u00e0 dei loro figli e delle loro figlie affiggendo sui cancelli della scuola i primi disegni e le prime frasi che loro hanno voluto affidargli e postandoli sui social utilizzando l&#8217;hashtag<\/div>\n<div dir=\"auto\">#iovogliotornareascuolaperch\u00e8<\/div>\n<div dir=\"auto\"><\/div>\n<div dir=\"auto\">L&#8217;iniziativa andr\u00e0 avanti anche nei prossimi giorni.<\/div>\n<div dir=\"auto\"><\/div>\n<div dir=\"auto\">Ne nasce una vera e propria \u201cdichiarazione d&#8217;amore\u201d verso la scuola, non una mera protesta per la riapertura tout court, quanto piuttosto una richiesta d&#8217;aiuto a che non siano i bambini a dover pagare con la rinuncia alla socialit\u00e0 le scelte politiche della classe dirigente.<\/div>\n<div dir=\"auto\"><\/div>\n<div dir=\"auto\">La didattica on line \u00e8 sicuramente un elemento integrativo utile al percorso scolastico, un&#8217;esperienza preziosa e da valorizzare. Ma la scuola ha bisogno anche di relazioni e rapporti diretti, di crescita e di confronto con l&#8217;altro. E questo non pu\u00f2 avvenire solo attraverso lo schermo di un computer.<\/div>\n<div dir=\"auto\"><\/div>\n<div dir=\"auto\"><em>\u201cQuesto vuole essere un gesto di rispetto verso la dirigente, le maestre e tutto il personale scolastico, che, ininterrottamente, hanno lavorato per consentire la riapertura delle scuole in sicurezza attuando e rispettando tutti i protocolli anti contagio. Un gesto di rispetto e d&#8217;amore!<\/em><\/div>\n<div dir=\"auto\"><em>Perch\u00e9 la scuola in presenza non \u00e8 solo didattica; la scuola in presenza \u00e8 stimolo, \u00e8 riflessione, \u00e8 mettersi in gioco, \u00e8 conoscersi attraverso gli altri, ma soprattutto \u00e8 crescita condivisa\u201d.<\/em><\/div>\n<div dir=\"auto\"><\/div>\n<div dir=\"auto\">Queste le riflessioni di una delle tante mamme che questa mattina si \u00e8 recata presso i cancelli della scuola primaria di via Spoleto a Galatina per portare la testimonianza del proprio figlio.<\/div>\n<div dir=\"auto\"><\/div>\n<div dir=\"auto\"><img decoding=\"async\" loading=\"lazy\" class=\"alignnone size-large wp-image-174122\" src=\"https:\/\/www.leccecronaca.it\/wordpress\/wp-content\/uploads\/2020\/10\/IMG-20201030-WA0071-768x1024.jpg\" alt=\"\" width=\"768\" height=\"1024\" srcset=\"https:\/\/www.leccecronaca.it\/wordpress\/wp-content\/uploads\/2020\/10\/IMG-20201030-WA0071-768x1024.jpg 768w, https:\/\/www.leccecronaca.it\/wordpress\/wp-content\/uploads\/2020\/10\/IMG-20201030-WA0071-225x300.jpg 225w, https:\/\/www.leccecronaca.it\/wordpress\/wp-content\/uploads\/2020\/10\/IMG-20201030-WA0071-1152x1536.jpg 1152w, https:\/\/www.leccecronaca.it\/wordpress\/wp-content\/uploads\/2020\/10\/IMG-20201030-WA0071.jpg 1200w\" sizes=\"(max-width: 768px) 100vw, 768px\" \/><\/div>\n<div dir=\"auto\">______<\/div>\n<div dir=\"auto\">LA RICERCA nei nostri articoli del 28 e 29 ottobre scorso<\/div>\n<div dir=\"auto\"><\/div>\n<div dir=\"auto\"><a href=\"https:\/\/www.leccecronaca.it\/index.php\/2020\/10\/29\/azzolina-che-cazziatone-a-emiliano\/\">https:\/\/www.leccecronaca.it\/index.php\/2020\/10\/29\/azzolina-che-cazziatone-a-emiliano\/<\/a><\/div>\n<div dir=\"auto\"><\/div>\n<div dir=\"auto\"><a href=\"https:\/\/www.leccecronaca.it\/index.php\/2020\/10\/28\/ultimora-scuole-chiuse-in-puglia\/\">https:\/\/www.leccecronaca.it\/index.php\/2020\/10\/28\/ultimora-scuole-chiuse-in-puglia\/<\/a><\/div>\n<div dir=\"auto\"><\/div>\n<div dir=\"auto\"><\/div>\n<fb:like href='https:\/\/www.leccecronaca.it\/index.php\/2020\/10\/31\/iovogliotornareascuolaperche-la-scuola-non-e-solo-didattica-ma-anche-e-soprattutto-socialita\/' send='true' layout='button_count' show_faces='true' width='450' height='65' action='recommend' colorscheme='light' font='lucida grande'><\/fb:like><span class=\"fb_share\"><fb:like href=\"https:\/\/www.leccecronaca.it\/index.php\/2020\/10\/31\/iovogliotornareascuolaperche-la-scuola-non-e-solo-didattica-ma-anche-e-soprattutto-socialita\/\" layout=\"button_count\"><\/fb:like><\/span>","protected":false},"excerpt":{"rendered":"<p>di Serena Fiorentino______ I genitori e i bambini delle classi primarie dell&#8217;Istituto comprensivo Polo3 di Galatina vogliono far sentire forti le tante motivazioni per cui i piccoli studenti e le piccole studentesse vogliono tornare a frequentare la Scuola in presenza, compatibilmente con tutte le precauzioni necessarie e atte a contenere la diffusione del virus SARS-COV2. [&hellip;]<\/p>\n","protected":false},"author":4,"featured_media":174121,"comment_status":"open","ping_status":"closed","sticky":false,"template":"","format":"standard","meta":[],"categories":[69,31,76],"tags":[],"_links":{"self":[{"href":"https:\/\/www.leccecronaca.it\/index.php\/wp-json\/wp\/v2\/posts\/174120"}],"collection":[{"href":"https:\/\/www.leccecronaca.it\/index.php\/wp-json\/wp\/v2\/posts"}],"about":[{"href":"https:\/\/www.leccecronaca.it\/index.php\/wp-json\/wp\/v2\/types\/post"}],"author":[{"embeddable":true,"href":"https:\/\/www.leccecronaca.it\/index.php\/wp-json\/wp\/v2\/users\/4"}],"replies":[{"embeddable":true,"href":"https:\/\/www.leccecronaca.it\/index.php\/wp-json\/wp\/v2\/comments?post=174120"}],"version-history":[{"count":3,"href":"https:\/\/www.leccecronaca.it\/index.php\/wp-json\/wp\/v2\/posts\/174120\/revisions"}],"predecessor-version":[{"id":174125,"href":"https:\/\/www.leccecronaca.it\/index.php\/wp-json\/wp\/v2\/posts\/174120\/revisions\/174125"}],"wp:featuredmedia":[{"embeddable":true,"href":"https:\/\/www.leccecronaca.it\/index.php\/wp-json\/wp\/v2\/media\/174121"}],"wp:attachment":[{"href":"https:\/\/www.leccecronaca.it\/index.php\/wp-json\/wp\/v2\/media?parent=174120"}],"wp:term":[{"taxonomy":"category","embeddable":true,"href":"https:\/\/www.leccecronaca.it\/index.php\/wp-json\/wp\/v2\/categories?post=174120"},{"taxonomy":"post_tag","embeddable":true,"href":"https:\/\/www.leccecronaca.it\/index.php\/wp-json\/wp\/v2\/tags?post=174120"}],"curies":[{"name":"wp","href":"https:\/\/api.w.org\/{rel}","templated":true}]}}