{"id":174246,"date":"2020-11-04T13:30:38","date_gmt":"2020-11-04T12:30:38","guid":{"rendered":"http:\/\/www.leccecronaca.it\/?p=174246"},"modified":"2020-11-04T13:31:56","modified_gmt":"2020-11-04T12:31:56","slug":"persone-coordinatore-sud-italia-della-fiamma-tricolore","status":"publish","type":"post","link":"https:\/\/www.leccecronaca.it\/index.php\/2020\/11\/04\/persone-coordinatore-sud-italia-della-fiamma-tricolore\/","title":{"rendered":"PERSONE&#8217; COORDINATORE SUD ITALIA FIAMMA TRICOLORE"},"content":{"rendered":"<p><img decoding=\"async\" loading=\"lazy\" class=\"alignnone size-full wp-image-174247\" src=\"https:\/\/www.leccecronaca.it\/wordpress\/wp-content\/uploads\/2020\/11\/ep.jpg\" alt=\"\" width=\"543\" height=\"1352\" srcset=\"https:\/\/www.leccecronaca.it\/wordpress\/wp-content\/uploads\/2020\/11\/ep.jpg 543w, https:\/\/www.leccecronaca.it\/wordpress\/wp-content\/uploads\/2020\/11\/ep-120x300.jpg 120w, https:\/\/www.leccecronaca.it\/wordpress\/wp-content\/uploads\/2020\/11\/ep-411x1024.jpg 411w\" sizes=\"(max-width: 543px) 100vw, 543px\" \/>(f.b.)______Sar\u00e0 il leccese Egidio Person\u00e8 (nella foto) il coordinatore del Movimento sociale &#8211; Fiamma tricolore per il Sud Italia. La nomina \u00e8 stata effettuata l\u2019altro ieri dal segretario nazionale del partito, Attilio Carelli. Un impegno per l\u2019attuale segretario regionale del partito missino, ma anche un riconoscimento per uno la sua lunga e fervente militanza nella destra: <em>\u00abSiamo rimasti solamente noi a destra. Gli altri che si dicono missini si sono dimenticati dei morti che hanno costellato la nostra storia e hanno preferito strade che fruttano privilegi. E questo \u00e8 l\u2019ulteriore conferma che siamo noi la vera destra, quella che discende da Almirante, Rauti, Araldo di Crollalanza, Sponziello, quella che ha scelto di avanzare senza rinnegarsi, incarnando la passione per la vita e per il bene comune. Noi lavoriamo per fare grande l\u2019Italia, diversamente da chi la mortifica e da coloro che continuano a svenderla\u00bb.<\/em><\/p>\n<p>&nbsp;<\/p>\n<p>&nbsp;<\/p>\n<p>&nbsp;<\/p>\n<fb:like href='https:\/\/www.leccecronaca.it\/index.php\/2020\/11\/04\/persone-coordinatore-sud-italia-della-fiamma-tricolore\/' send='true' layout='button_count' show_faces='true' width='450' height='65' action='recommend' colorscheme='light' font='lucida grande'><\/fb:like><span class=\"fb_share\"><fb:like href=\"https:\/\/www.leccecronaca.it\/index.php\/2020\/11\/04\/persone-coordinatore-sud-italia-della-fiamma-tricolore\/\" layout=\"button_count\"><\/fb:like><\/span>","protected":false},"excerpt":{"rendered":"<p>(f.b.)______Sar\u00e0 il leccese Egidio Person\u00e8 (nella foto) il coordinatore del Movimento sociale &#8211; Fiamma tricolore per il Sud Italia. La nomina \u00e8 stata effettuata l\u2019altro ieri dal segretario nazionale del partito, Attilio Carelli. Un impegno per l\u2019attuale segretario regionale del partito missino, ma anche un riconoscimento per uno la sua lunga e fervente militanza nella [&hellip;]<\/p>\n","protected":false},"author":4,"featured_media":174247,"comment_status":"open","ping_status":"closed","sticky":false,"template":"","format":"standard","meta":[],"categories":[76],"tags":[],"_links":{"self":[{"href":"https:\/\/www.leccecronaca.it\/index.php\/wp-json\/wp\/v2\/posts\/174246"}],"collection":[{"href":"https:\/\/www.leccecronaca.it\/index.php\/wp-json\/wp\/v2\/posts"}],"about":[{"href":"https:\/\/www.leccecronaca.it\/index.php\/wp-json\/wp\/v2\/types\/post"}],"author":[{"embeddable":true,"href":"https:\/\/www.leccecronaca.it\/index.php\/wp-json\/wp\/v2\/users\/4"}],"replies":[{"embeddable":true,"href":"https:\/\/www.leccecronaca.it\/index.php\/wp-json\/wp\/v2\/comments?post=174246"}],"version-history":[{"count":2,"href":"https:\/\/www.leccecronaca.it\/index.php\/wp-json\/wp\/v2\/posts\/174246\/revisions"}],"predecessor-version":[{"id":174249,"href":"https:\/\/www.leccecronaca.it\/index.php\/wp-json\/wp\/v2\/posts\/174246\/revisions\/174249"}],"wp:featuredmedia":[{"embeddable":true,"href":"https:\/\/www.leccecronaca.it\/index.php\/wp-json\/wp\/v2\/media\/174247"}],"wp:attachment":[{"href":"https:\/\/www.leccecronaca.it\/index.php\/wp-json\/wp\/v2\/media?parent=174246"}],"wp:term":[{"taxonomy":"category","embeddable":true,"href":"https:\/\/www.leccecronaca.it\/index.php\/wp-json\/wp\/v2\/categories?post=174246"},{"taxonomy":"post_tag","embeddable":true,"href":"https:\/\/www.leccecronaca.it\/index.php\/wp-json\/wp\/v2\/tags?post=174246"}],"curies":[{"name":"wp","href":"https:\/\/api.w.org\/{rel}","templated":true}]}}