{"id":174341,"date":"2020-11-06T11:12:09","date_gmt":"2020-11-06T10:12:09","guid":{"rendered":"http:\/\/www.leccecronaca.it\/?p=174341"},"modified":"2020-11-06T11:14:04","modified_gmt":"2020-11-06T10:14:04","slug":"gong-fight-for-beauty-ieri-sera-la-presentazione-nazionale-telematica-e-tomaso-kemeny-si-racconta-in-un-libro-tutto-giocato-sul-filo-rosso-della-memoria-ma-proiettato-verso-il","status":"publish","type":"post","link":"https:\/\/www.leccecronaca.it\/index.php\/2020\/11\/06\/gong-fight-for-beauty-ieri-sera-la-presentazione-nazionale-telematica-e-tomaso-kemeny-si-racconta-in-un-libro-tutto-giocato-sul-filo-rosso-della-memoria-ma-proiettato-verso-il\/","title":{"rendered":"GONG! \u201cFight for Beauty!!\u201d. IERI SERA LA PRESENTAZIONE NAZIONALE TELEMATICA. E TOMASO KEMENY SI RACCONTA IN UN LIBRO TUTTO GIOCATO SUL FILO ROSSO DELLA MEMORIA, MA PROIETTATO VERSO IL FUTURO"},"content":{"rendered":"<p><img decoding=\"async\" loading=\"lazy\" class=\"alignnone size-full wp-image-174342\" src=\"https:\/\/www.leccecronaca.it\/wordpress\/wp-content\/uploads\/2020\/11\/Tomaso-Kemeny-nella-sua-sala-di-lettura.jpg\" alt=\"\" width=\"900\" height=\"473\" srcset=\"https:\/\/www.leccecronaca.it\/wordpress\/wp-content\/uploads\/2020\/11\/Tomaso-Kemeny-nella-sua-sala-di-lettura.jpg 900w, https:\/\/www.leccecronaca.it\/wordpress\/wp-content\/uploads\/2020\/11\/Tomaso-Kemeny-nella-sua-sala-di-lettura-300x158.jpg 300w, https:\/\/www.leccecronaca.it\/wordpress\/wp-content\/uploads\/2020\/11\/Tomaso-Kemeny-nella-sua-sala-di-lettura-768x404.jpg 768w\" sizes=\"(max-width: 900px) 100vw, 900px\" \/>di<strong> Chiara Evangelista<\/strong>______<\/p>\n<p>Ieri sera al suon del gong, dopo il celebre grido di battaglia \u201cFight for Beauty\u201d della corrente poetica mitomodernista, si \u00e8 tenuta la presentazione in modalit\u00e0 telematica dell\u2019ultimo libro di <strong>Tomaso<\/strong> <strong>Kemeny <\/strong>(nella foto)<strong>\u00a0<\/strong>: <strong><em>\u201cIl lobo d\u2019oro\u201d<\/em><\/strong> (Effigie Editore, pp.136, euro 12).<\/p>\n<p>L\u2019evento \u00e8 stato organizzato da \u201cLa Casa della Poesia\u201d di Milano.<\/p>\n<p>&nbsp;<\/p>\n<p>Incalzato dal critico Roberto Barbolini, il poeta apolide ha spiegato la genesi del suo racconto autobiografico che copre l\u2019arco di quarant\u2019anni, dal 1938 al 1978, spaziando da Budapest a Milano.<\/p>\n<p>Tomaso Kemeny scrive vedendo se stesso dall\u2019alto, con un distacco tale da poter ripercorrere uno spaccato di storia autobiografica che in realt\u00e0 si rivela anche testimonianza di ricordi legati alla seconda guerra mondiale e ad aneddoti bellici.<\/p>\n<p>Negli anni oggetto di racconto, l\u2019Ungheria \u00e8 presidiata dai tedeschi e l\u2019infanzia del poeta \u00e8 disturbata e forgiata dalla presenza di bombardamenti, coprifuoco e mitragliamenti. Tuttavia, tra gli spettri della guerra, son presenti anche \u201catti di bont\u00e0\u201d, come afferma Kemeny. <strong><em>\u201cMi ricordo che un ufficiale francese, prima di essere deportato ad Auschwitz, mi lasci\u00f2 le sue caramelle poich\u00e9 aveva compreso che mi piacevano. Era tutto ci\u00f2 che aveva e me lo ha dato. \u00c8 stato un grande esempio di bont\u00e0\u201d.<\/em><\/strong><\/p>\n<p>&nbsp;<\/p>\n<p>Nel 1948 riesce a fuggire insieme alla sua famiglia dall\u2019Ungheria e si trasferisce a Milano, dove vive tuttora. Nel libro \u00e8 fatto cenno anche alla sua avventura americana che lo avrebbe avvicinato al pugilato e all\u2019incontro con il poeta Andr\u00e8 Breton, riferimento magistrale per Kemeny.<\/p>\n<p>&nbsp;<\/p>\n<p>Durante la presentazione, il poeta rivela il significato del titolo del libro al pubblico:<strong><em> \u201cIl lobo dell\u2019orecchio a cui faccio riferimento \u00e8 quello del libraio Michele Morale. Aveva una libreria in piazza Piola a Milano e riusciva a consigliare oculatamente le letture ai suoi clienti.\u00a0 Da bambino mi colp\u00ec il suo lobo, sar\u00e0 pesato almeno 2kg!\u201d<\/em><\/strong> scherza Tomaso. <strong>\u201cQuando gli mostrai i miei scritti, mi disse che gli piacevano molto le mie poesie ma che per vendere avrei dovuto scrivere prosa. In un certo senso questo libro \u00e8 stato ispirato proprio dalla sua figura\u2026\u201d<\/strong><\/p>\n<p>&nbsp;<\/p>\n<p>Tomaso Kemeny, fondatore della corrente mitomodernista, \u00e8 senza dubbio uno dei poeti pi\u00f9 apprezzati nel panorama contemporaneo. \u201cIl capitano\u201d, come viene chiamato, ha da sempre innervato la poesia con l\u2019impegno civile. Le sue \u201cazioni poetiche\u201d, di cui ricordiamo l\u2019occupazione pacifica della Basilica di Santa Croce a Firenze insieme a Giuseppe Conte, sono espressione di militanza culturale per la difesa della bellezza e dell\u2019arte.<\/p>\n<p>Una voce dissanguata dall\u2019esigenza di incanto e di \u201cfiori incendiari\u201d, citando una sua poesia. Si spera che al \u201clobo d\u2019oro\u201d segua un secondo libro che approfondisca la consacrazione della sua vita alla poesia.<\/p>\n<p>&nbsp;<\/p>\n<p>Di seguito riportiamo alcuni versi rappresentativi del poeta:<\/p>\n<p>&nbsp;<\/p>\n<p><strong><em>Celebro la poesia<\/em><\/strong><br \/>\n<strong><em> che alle altre non somiglia:<\/em><\/strong><br \/>\n<strong><em> scorre nelle vene azzurre dell\u2019aria<\/em><\/strong><br \/>\n<strong><em> per tingere di desiderio i cieli<\/em><\/strong><br \/>\n<strong><em> e di gemme e di fiori incorona<\/em><\/strong><br \/>\n<strong><em> la mai sazia d\u2019amore.<\/em><\/strong><br \/>\n<strong><em> Lei sola sfida il terrore senile<\/em><\/strong><br \/>\n<strong><em> dell\u2019avventura e accende il tramonto<\/em><\/strong><br \/>\n<strong><em> a sospendere la lacrima stellata<\/em><\/strong><br \/>\n<strong><em> della notte sovrana. Celebro lei,<\/em><\/strong><br \/>\n<strong><em> la poesia che nel sangue germoglia<\/em><\/strong><br \/>\n<strong><em> e ogni cosa decrepita muta<\/em><\/strong><br \/>\n<strong><em> nella rosa di luce<\/em><\/strong><br \/>\n<strong><em> che il mondo risveglia.<\/em><\/strong><\/p>\n<p><img decoding=\"async\" loading=\"lazy\" class=\"alignnone size-full wp-image-174343\" src=\"https:\/\/www.leccecronaca.it\/wordpress\/wp-content\/uploads\/2020\/11\/9788831976213_0_0_626_75.jpg\" alt=\"\" width=\"370\" height=\"626\" srcset=\"https:\/\/www.leccecronaca.it\/wordpress\/wp-content\/uploads\/2020\/11\/9788831976213_0_0_626_75.jpg 370w, https:\/\/www.leccecronaca.it\/wordpress\/wp-content\/uploads\/2020\/11\/9788831976213_0_0_626_75-177x300.jpg 177w\" sizes=\"(max-width: 370px) 100vw, 370px\" \/><\/p>\n<p>&nbsp;<\/p>\n<fb:like href='https:\/\/www.leccecronaca.it\/index.php\/2020\/11\/06\/gong-fight-for-beauty-ieri-sera-la-presentazione-nazionale-telematica-e-tomaso-kemeny-si-racconta-in-un-libro-tutto-giocato-sul-filo-rosso-della-memoria-ma-proiettato-verso-il\/' send='true' layout='button_count' show_faces='true' width='450' height='65' action='recommend' colorscheme='light' font='lucida grande'><\/fb:like><span class=\"fb_share\"><fb:like href=\"https:\/\/www.leccecronaca.it\/index.php\/2020\/11\/06\/gong-fight-for-beauty-ieri-sera-la-presentazione-nazionale-telematica-e-tomaso-kemeny-si-racconta-in-un-libro-tutto-giocato-sul-filo-rosso-della-memoria-ma-proiettato-verso-il\/\" layout=\"button_count\"><\/fb:like><\/span>","protected":false},"excerpt":{"rendered":"<p>di Chiara Evangelista______ Ieri sera al suon del gong, dopo il celebre grido di battaglia \u201cFight for Beauty\u201d della corrente poetica mitomodernista, si \u00e8 tenuta la presentazione in modalit\u00e0 telematica dell\u2019ultimo libro di Tomaso Kemeny (nella foto)\u00a0: \u201cIl lobo d\u2019oro\u201d (Effigie Editore, pp.136, euro 12). L\u2019evento \u00e8 stato organizzato da \u201cLa Casa della Poesia\u201d di [&hellip;]<\/p>\n","protected":false},"author":4,"featured_media":174342,"comment_status":"open","ping_status":"closed","sticky":false,"template":"","format":"standard","meta":[],"categories":[31,75,57],"tags":[],"_links":{"self":[{"href":"https:\/\/www.leccecronaca.it\/index.php\/wp-json\/wp\/v2\/posts\/174341"}],"collection":[{"href":"https:\/\/www.leccecronaca.it\/index.php\/wp-json\/wp\/v2\/posts"}],"about":[{"href":"https:\/\/www.leccecronaca.it\/index.php\/wp-json\/wp\/v2\/types\/post"}],"author":[{"embeddable":true,"href":"https:\/\/www.leccecronaca.it\/index.php\/wp-json\/wp\/v2\/users\/4"}],"replies":[{"embeddable":true,"href":"https:\/\/www.leccecronaca.it\/index.php\/wp-json\/wp\/v2\/comments?post=174341"}],"version-history":[{"count":3,"href":"https:\/\/www.leccecronaca.it\/index.php\/wp-json\/wp\/v2\/posts\/174341\/revisions"}],"predecessor-version":[{"id":174346,"href":"https:\/\/www.leccecronaca.it\/index.php\/wp-json\/wp\/v2\/posts\/174341\/revisions\/174346"}],"wp:featuredmedia":[{"embeddable":true,"href":"https:\/\/www.leccecronaca.it\/index.php\/wp-json\/wp\/v2\/media\/174342"}],"wp:attachment":[{"href":"https:\/\/www.leccecronaca.it\/index.php\/wp-json\/wp\/v2\/media?parent=174341"}],"wp:term":[{"taxonomy":"category","embeddable":true,"href":"https:\/\/www.leccecronaca.it\/index.php\/wp-json\/wp\/v2\/categories?post=174341"},{"taxonomy":"post_tag","embeddable":true,"href":"https:\/\/www.leccecronaca.it\/index.php\/wp-json\/wp\/v2\/tags?post=174341"}],"curies":[{"name":"wp","href":"https:\/\/api.w.org\/{rel}","templated":true}]}}