{"id":174733,"date":"2020-11-15T00:02:02","date_gmt":"2020-11-14T23:02:02","guid":{"rendered":"http:\/\/www.leccecronaca.it\/?p=174733"},"modified":"2020-11-14T18:39:53","modified_gmt":"2020-11-14T17:39:53","slug":"novita-editoriali-esce-per-iqdb-edizioni-un-saggio-di-francesco-aprile-dedicato-al-poeta-francesco-saverio-dodaro","status":"publish","type":"post","link":"https:\/\/www.leccecronaca.it\/index.php\/2020\/11\/15\/novita-editoriali-esce-per-iqdb-edizioni-un-saggio-di-francesco-aprile-dedicato-al-poeta-francesco-saverio-dodaro\/","title":{"rendered":"NOVIT\u00c0 EDITORIALI \/ ESCE PER iQdB EDIZIONI UN BEL SAGGIO DI FRANCESCO APRILE DEDICATO AL POETA FRANCESCO SAVERIO DODARO RECENTEMENTE SCOMPARSO"},"content":{"rendered":"<p><img decoding=\"async\" loading=\"lazy\" class=\"alignnone wp-image-174734\" src=\"https:\/\/www.leccecronaca.it\/wordpress\/wp-content\/uploads\/2020\/11\/3540107_saverio_dodaro-210x300.jpg\" alt=\"\" width=\"400\" height=\"571\" \/>di <strong>Chiara Evangelista<\/strong>______<\/p>\n<p>Esce per \u201cI Quaderni del Bardo Edizioni\u201d di Stefano Donno \u201c<em><strong>D\u00d2DARO: Dal battito creatore alla<\/strong> <strong>rifondazione dell\u2019anthropos<\/strong><\/em>\u201d (pp. 288, \u20ac 13,32) di <strong>Francesco Aprile<\/strong>.<\/p>\n<p>Francesco Saverio D\u00f2daro (Bari 01\/08\/1930 \u2013 Lecce 09\/02\/2018) \u00e8 stato poeta, poeta visivo, saggista, filosofo, teorico dell&#8217;arte e della letteratura, narratore, studioso del libro e delle sue forme. Questo \u00e8 il lavoro pi\u00f9 esaustivo che ad oggi sia uscito su di lui.<\/p>\n<p><strong>Francesco Aprile<\/strong>, 35 anni, di Lecce, \u00e8 un poeta visivo, autore di scritture asemantiche. Ha fondato nel 2014 insieme a Cristiano Caggiula la rivista Utsanga.it<\/p>\n<p>&nbsp;<\/p>\n<p>L\u2019autore del libro, racconta cos\u00ec la genesi del lavoro e la figura pragmatica dell\u2019artista salentino: <em>\u201cIlluminante e socratico, capace di insegnare coi silenzi, di far maturare e far venire fuori senza imporre nulla. Perch\u00e9 tutto questo? Solo per ricordare a me stesso quanto quelle parole e quei silenzi abbiano fatto crescere intere generazioni, qui, nel Salento. <\/em><\/p>\n<p><em>Pragmatico eppure visionario, attento osservatore del suo tempo, ha saputo tessere rapporti col mondo, facendo del Salento quello che Antonio Verri chiamava &#8216;il Salento europe&#8217; e di cui D\u00f2daro, a detta di Verri, era una delle colonne. <\/em><\/p>\n<p><em>Una figura volutamente appartata, per rifiuto di ogni ribalta, che ha donato se stesso agli altri, anteponendo poesia e crescita dei giovani a ogni tornaconto personale. Colpevole soltanto di purezza. Un autore capace di tenere insieme ricerca letteraria e tensione sociale, rivolto al mondo, ma senza dimenticare il territorio.\u00a0 Nel libro ho voluto raccogliere questo e molto altro, affrontando l&#8217;opera pi\u00f9 che cinquantennale di un autore che ha sempre guardato al mondo e alla poesia nell&#8217;ottica di una ricerca esistenziale profonda\u201d.<\/em><\/p>\n<p>La poetica di Dodaro \u00e8 segnata dall\u2019<em>altro<\/em> come luogo di scrittura e responsabilit\u00e0. Si salda il linguaggio come congiunzione, si scava ai limiti della parola. S\u2019intende il soggetto come luogo dell\u2019altro, il discorso come luogo dell\u2019alterit\u00e0. Ma la modulazione di questa immanenza non \u00e8 mai determinata ed esaurita. Scavare l\u2019altro della scrittura vuol dire indagare la porosit\u00e0 della materia autorale.<\/p>\n<p>Di seguito riportiamo alcuni versi del poeta:<\/p>\n<p><em>\u00abHo bruciato il dizionario.<\/em><\/p>\n<p><em>Duemila pagine.<\/em><\/p>\n<p><em>Ottantamila voci.<\/em><\/p>\n<p><em>Una sola parola, tutto il resto una metafora\u00bb<\/em><\/p>\n<p><img decoding=\"async\" loading=\"lazy\" class=\"alignnone size-full wp-image-174736\" src=\"https:\/\/www.leccecronaca.it\/wordpress\/wp-content\/uploads\/2020\/11\/fra.jpg\" alt=\"\" width=\"1200\" height=\"1800\" srcset=\"https:\/\/www.leccecronaca.it\/wordpress\/wp-content\/uploads\/2020\/11\/fra.jpg 1200w, https:\/\/www.leccecronaca.it\/wordpress\/wp-content\/uploads\/2020\/11\/fra-200x300.jpg 200w, https:\/\/www.leccecronaca.it\/wordpress\/wp-content\/uploads\/2020\/11\/fra-683x1024.jpg 683w, https:\/\/www.leccecronaca.it\/wordpress\/wp-content\/uploads\/2020\/11\/fra-768x1152.jpg 768w, https:\/\/www.leccecronaca.it\/wordpress\/wp-content\/uploads\/2020\/11\/fra-1024x1536.jpg 1024w\" sizes=\"(max-width: 1200px) 100vw, 1200px\" \/><\/p>\n<p>&nbsp;<\/p>\n<p>Link per acquistare il libro:<\/p>\n<p><a href=\"https:\/\/www.amazon.it\/D\u00d2DARO-battito-creatore-rifondazione-dellanthropos\/dp\/B08L5MGYYV\/ref=sr_1_1?__mk_it_IT=\u00c5M\u00c5\u017d\u00d5\u00d1&amp;dchild=1&amp;keywords=dodaro+bardo&amp;qid=1605369907&amp;sr=8-1\">https:\/\/www.amazon.it\/D\u00d2DARO-battito-creatore-rifondazione-dellanthropos\/dp\/B08L5MGYYV\/ref=sr_1_1?__mk_it_IT=\u00c5M\u00c5\u017d\u00d5\u00d1&amp;dchild=1&amp;keywords=dodaro+bardo&amp;qid=1605369907&amp;sr=8-1<\/a><\/p>\n<p>&nbsp;<\/p>\n<p>&nbsp;<\/p>\n<p>&nbsp;<\/p>\n<p>&nbsp;<\/p>\n<fb:like href='https:\/\/www.leccecronaca.it\/index.php\/2020\/11\/15\/novita-editoriali-esce-per-iqdb-edizioni-un-saggio-di-francesco-aprile-dedicato-al-poeta-francesco-saverio-dodaro\/' send='true' layout='button_count' show_faces='true' width='450' height='65' action='recommend' colorscheme='light' font='lucida grande'><\/fb:like><span class=\"fb_share\"><fb:like href=\"https:\/\/www.leccecronaca.it\/index.php\/2020\/11\/15\/novita-editoriali-esce-per-iqdb-edizioni-un-saggio-di-francesco-aprile-dedicato-al-poeta-francesco-saverio-dodaro\/\" layout=\"button_count\"><\/fb:like><\/span>","protected":false},"excerpt":{"rendered":"<p>di Chiara Evangelista______ Esce per \u201cI Quaderni del Bardo Edizioni\u201d di Stefano Donno \u201cD\u00d2DARO: Dal battito creatore alla rifondazione dell\u2019anthropos\u201d (pp. 288, \u20ac 13,32) di Francesco Aprile. Francesco Saverio D\u00f2daro (Bari 01\/08\/1930 \u2013 Lecce 09\/02\/2018) \u00e8 stato poeta, poeta visivo, saggista, filosofo, teorico dell&#8217;arte e della letteratura, narratore, studioso del libro e delle sue forme. [&hellip;]<\/p>\n","protected":false},"author":4,"featured_media":174734,"comment_status":"open","ping_status":"closed","sticky":false,"template":"","format":"standard","meta":[],"categories":[31,57],"tags":[],"_links":{"self":[{"href":"https:\/\/www.leccecronaca.it\/index.php\/wp-json\/wp\/v2\/posts\/174733"}],"collection":[{"href":"https:\/\/www.leccecronaca.it\/index.php\/wp-json\/wp\/v2\/posts"}],"about":[{"href":"https:\/\/www.leccecronaca.it\/index.php\/wp-json\/wp\/v2\/types\/post"}],"author":[{"embeddable":true,"href":"https:\/\/www.leccecronaca.it\/index.php\/wp-json\/wp\/v2\/users\/4"}],"replies":[{"embeddable":true,"href":"https:\/\/www.leccecronaca.it\/index.php\/wp-json\/wp\/v2\/comments?post=174733"}],"version-history":[{"count":3,"href":"https:\/\/www.leccecronaca.it\/index.php\/wp-json\/wp\/v2\/posts\/174733\/revisions"}],"predecessor-version":[{"id":174739,"href":"https:\/\/www.leccecronaca.it\/index.php\/wp-json\/wp\/v2\/posts\/174733\/revisions\/174739"}],"wp:featuredmedia":[{"embeddable":true,"href":"https:\/\/www.leccecronaca.it\/index.php\/wp-json\/wp\/v2\/media\/174734"}],"wp:attachment":[{"href":"https:\/\/www.leccecronaca.it\/index.php\/wp-json\/wp\/v2\/media?parent=174733"}],"wp:term":[{"taxonomy":"category","embeddable":true,"href":"https:\/\/www.leccecronaca.it\/index.php\/wp-json\/wp\/v2\/categories?post=174733"},{"taxonomy":"post_tag","embeddable":true,"href":"https:\/\/www.leccecronaca.it\/index.php\/wp-json\/wp\/v2\/tags?post=174733"}],"curies":[{"name":"wp","href":"https:\/\/api.w.org\/{rel}","templated":true}]}}