{"id":174745,"date":"2020-11-15T00:03:15","date_gmt":"2020-11-14T23:03:15","guid":{"rendered":"http:\/\/www.leccecronaca.it\/?p=174745"},"modified":"2020-11-21T17:58:19","modified_gmt":"2020-11-21T16:58:19","slug":"174745","status":"publish","type":"post","link":"https:\/\/www.leccecronaca.it\/index.php\/2020\/11\/15\/174745\/","title":{"rendered":"\u201cLibreria Palmieri\u201d, \u201cLa Libreria\u201d, \u201cLa Tour de Babel\u201d: DA LECCE, A PARIGI LE LIBRERIE RESISTONO"},"content":{"rendered":"<p><img decoding=\"async\" loading=\"lazy\" class=\"alignnone size-full wp-image-174756\" src=\"https:\/\/www.leccecronaca.it\/wordpress\/wp-content\/uploads\/2020\/11\/LIPA.jpg\" alt=\"\" width=\"960\" height=\"720\" srcset=\"https:\/\/www.leccecronaca.it\/wordpress\/wp-content\/uploads\/2020\/11\/LIPA.jpg 960w, https:\/\/www.leccecronaca.it\/wordpress\/wp-content\/uploads\/2020\/11\/LIPA-300x225.jpg 300w, https:\/\/www.leccecronaca.it\/wordpress\/wp-content\/uploads\/2020\/11\/LIPA-768x576.jpg 768w, https:\/\/www.leccecronaca.it\/wordpress\/wp-content\/uploads\/2020\/11\/LIPA-400x300.jpg 400w\" sizes=\"(max-width: 960px) 100vw, 960px\" \/>LO RACCONTANO A leccecronaca.it I TITOLARI DANIELA PALMIERI, ANDREA DE RITIS, FLORENCE RAUT, FORTUNATO TRAMUTA E PATRIZIA MOLTENI, FRA INSICUREZZE E VOGLIA DI ANDARE AVANTI<\/p>\n<p>di<strong>\u00a0Mariangela Rosato<\/strong>______<\/p>\n<p><strong><em>\u201cChe il libro sopravviva non ci sono dubbi, quello che \u00e8 a rischio sono le persone.\u201d<\/em> <\/strong><\/p>\n<p>La frase della signora <strong>Daniela Palmieri<\/strong>, proprietaria della storica <strong>libreria Palmieri di Lecce <\/strong><em>(nella foto di copertina)<\/em>, colpisce e fa spalancare gli occhi che si riempiono di speranza, i miei quelli di una giovanissima catapultata da poco nel mondo dell\u2019editoria e, forse, anche i suoi, quelli di una donna combattiva che continua a fare della sua libreria uno dei centri di maggior giovanile bruciore letterario a Lecce, una citt\u00e0 di un Sud Italia, a volte, poco avvezzo allo sfogliare delle pagine.<\/p>\n<p>Non le parlo di persona, ci divide un telefono e qualche migliaio di chilometri, lei nella terra del mare e io in una Parigi grigia dove, in un\u2019epoca lontana che- a guardare le strade vuote oggi- sembra non ci sia mai stata, pittori, compositori si incontravano con poeti e scrittori dando vita ad idee nuove nelle quali i colori e le forme di un mondo onirico si contaminavano con i versi di Guillaume Apollinaire e la virulenza di quegli ann\u00e9es folles.<\/p>\n<p>Un\u2019epoca in cui non certo gli artisti avrebbero pensato che un giorno ci saremmo trovati qui a parlare della crisi delle librerie e a chiederci se lo sfogliare della carta con gli occhi fissi sul foglio e il dito indice gi\u00e0 pronto a scoprire cosa ci sia al di l\u00e0, possa continuare ancora.<\/p>\n<p>&nbsp;<\/p>\n<p>Ad oggi la realt\u00e0, figlia di una distopia orwelliana, \u00e8 cruda e concepisce le librerie come luoghi per molti superflui, soggetti, ora pi\u00f9 che mai, ad una crisi sociale capace di oltrepassare le frontiere nazionali.<\/p>\n<p><strong><em>\u201cNon \u00e8 il rapporto con il libro ad essere cambiato, ma piuttosto quello con le librerie\u201d<\/em><\/strong>\u00a0&#8211; continua Daniela Palmieri per poi interrompersi.<\/p>\n<p>Risponde ad un suo collaboratore in maniera frenetica dandomi l\u2019impressione che un altro libro sia pronto per passare dalle sue mani a quelle del nuovo lettore. Il desiderio di entrare nella libreria continua a persistere nonostante la rivoluzione dei libri digitali.<\/p>\n<p>La libreria, almeno la sua, resta un centro di incontro, non solo per persone pi\u00f9 avanti con l\u2019et\u00e0, spesso poco avvezze all\u2019utilizzo di sistemi informatici, ma soprattutto per quei giovani universitari e non incuriositi da ci\u00f2 che una libreria storica ed indipendente, come la Libreria Palmieri, pu\u00f2 offrire.<\/p>\n<p>La passione per il libro e le librerie quindi, persiste nonostante lo smartphone sia diventato un\u2019altra parte di noi, un arto da cui non ci si libera. Eppure i minuti di solo silenzio, riflessione, sgomento mistico che si provano aprendo le pagine di un libro impolverato. o entrando in una libreria indipendente continuano a permeare le azioni di molti, anche in un\u2019Italia sgomenta dove la giovent\u00f9 scompare e la cultura batte sempre pi\u00f9 in ritirata.<\/p>\n<p>Daniela Palmieri risponde alle mie domande con fare deciso e in sintesi, spera che le librerie come centri di scambio possano essere salvaguardate per il bene di tutti.<\/p>\n<p>&nbsp;<\/p>\n<p>Voglio sapere di pi\u00f9 sullo stato delle librerie italiane e decido di rivolgermi ai librai che l\u2019Italia l\u2019hanno lasciata per andare altrove e diffondere, da veri ambasciatori sul territorio straniero, la nostra letteratura.<\/p>\n<p><img decoding=\"async\" loading=\"lazy\" class=\"alignnone size-full wp-image-174753\" src=\"https:\/\/www.leccecronaca.it\/wordpress\/wp-content\/uploads\/2020\/11\/La-tour-de-Babel_Paris.jpg\" alt=\"\" width=\"800\" height=\"597\" srcset=\"https:\/\/www.leccecronaca.it\/wordpress\/wp-content\/uploads\/2020\/11\/La-tour-de-Babel_Paris.jpg 800w, https:\/\/www.leccecronaca.it\/wordpress\/wp-content\/uploads\/2020\/11\/La-tour-de-Babel_Paris-300x224.jpg 300w, https:\/\/www.leccecronaca.it\/wordpress\/wp-content\/uploads\/2020\/11\/La-tour-de-Babel_Paris-768x573.jpg 768w, https:\/\/www.leccecronaca.it\/wordpress\/wp-content\/uploads\/2020\/11\/La-tour-de-Babel_Paris-400x300.jpg 400w\" sizes=\"(max-width: 800px) 100vw, 800px\" \/><\/p>\n<p>Questi librai coraggiosi hanno scelto Parigi, una citt\u00e0 che fa sognare, sperare e che, spesso, costringe a mettersi a nudo spogliandosi del nome per diventare uno dei tanti che attraversa le vie.<\/p>\n<p>&nbsp;<\/p>\n<p>I suoni che si sentono per strada diventano giorno dopo giorno pi\u00f9 familiari, ma le sonorit\u00e0 della carne non si dimenticano e si possono ritrovare proprio nelle librerie dei nostri connazionali come <strong>\u201cLa Libreria\u201d<\/strong>\u00a0(foto sotto) gestita da <strong>Andrea De Ritis<\/strong> e <strong>Florence Raut<\/strong> sulla Rue du Faubourg-Poissonni\u00e8re- in un quartiere dal forte multiculturalismo- e \u201cLa Tour de Babel\u201d (foto sopra), 10 Roi de Sicile gestita da <strong>Fortunato Tramuta<\/strong> e <strong>Patrizia Molteni<\/strong>.<\/p>\n<p><img decoding=\"async\" loading=\"lazy\" class=\"alignnone size-full wp-image-174757\" src=\"https:\/\/www.leccecronaca.it\/wordpress\/wp-content\/uploads\/2020\/11\/11150750_954599534553316_8083121733161068168_n.jpg\" alt=\"\" width=\"640\" height=\"621\" srcset=\"https:\/\/www.leccecronaca.it\/wordpress\/wp-content\/uploads\/2020\/11\/11150750_954599534553316_8083121733161068168_n.jpg 640w, https:\/\/www.leccecronaca.it\/wordpress\/wp-content\/uploads\/2020\/11\/11150750_954599534553316_8083121733161068168_n-300x291.jpg 300w\" sizes=\"(max-width: 640px) 100vw, 640px\" \/><\/p>\n<p>Sono dei luoghi magici dove la cultura francese e italiana si incontrano finendo per fondersi ed accogliere un pubblico misto dove si ritrova chi vuole dare uno sguardo alle novit\u00e0 del mondo editoriale italiano da lettore accanito e chi, invece, \u00e8 semplicemente affascinato dallo stivale e non vede l\u2019ora di spiccicare qualche parola nella lingua della dolce vita.<\/p>\n<p>La dolce vita in Italia \u00e8 solo un ricordo, ma il mito continua a persistere rendendo questi luoghi dei centri nevralgici delle relazioni culturali Francia\/Italia. Entrambe le librerie hanno un pubblico fidato, soprattutto francese, amante persino degli autori italiani pi\u00f9 complessi come Camilleri e Magris che molti riescono a leggere anche in lingua originale.<\/p>\n<p><strong><em>\u201cC\u2019\u00e8 un fascino nei confronti della cultura italiana e della nostra letteratura\u201d<\/em>\u00a0&#8211;\u00a0<\/strong>mi dicono-\u00a0 <strong><em>\u201ced \u00e8 proprio questo interesse che ci ha convinti ad aprire uno spazio di questo tipo.\u201d\u00a0 <\/em><\/strong><\/p>\n<p>Una storia che per \u201cLa Tour de Babel\u201d va avanti dal 1984\u00a0 e per \u201cLa Libreria\u201d dal 2006, una storia per entrambe di successo nonostante la crisi del sistema librario degli ultimi anni e quella pi\u00f9 recente legata alla pandemia abbiano colpito anche loro.<\/p>\n<p><strong><em>\u201cLa situazione delle librerie \u00e8 critica sia in Italia che in Francia\u201d<\/em><\/strong>\u00a0&#8211; mi confessano i due proprietari senza indugiare, entrambi sottolineando che i francesi &#8211; les parisiens in particolare &#8211; seppur meno rispetto a prima, sembrano essere pi\u00f9 catturati dalla lettura rispetto agli Italiani.<\/p>\n<p><strong><em>\u201cAnzi il confinement\u00a0<\/em><\/strong>&#8211; mi fa notare Andrea &#8211; <em><strong>ha fatto riscoprire a molti l\u2019importanza della lettura<\/strong> <strong>e, soprattutto, del libro cartaceo\u201d.<\/strong><\/em><\/p>\n<p>Anche Patrizia \u00e8 dello stesso avviso: <strong><em>\u201cla gente non ne pu\u00f2 pi\u00f9 del mondo virtuale e ad ogni deconfino si precipita in libreria. C\u2019\u00e8 un ritorno al vero, all\u2019autentico, al libro, alla carta.\u201d<\/em> <\/strong><\/p>\n<p>&nbsp;<\/p>\n<p>Le parole rincuorano e fanno sperare, eppure non si riescono ad assopire le preoccupazioni. Il telefono squilla una, due, tre volte nella \u201cTour de Babel\u201d, la stessa pressione concitata si sente anche ne \u201cLa Libreria\u201d.<\/p>\n<p>Les parisiens vogliono leggere a dimostrazione del fatto che il libro \u00e8 ancora per molti un bene di prima necessit\u00e0 a cui neanche in pandemia si pu\u00f2 rinunciare. Et tant pis se il confinement impedisce di scegliere i libri direttamente in libreria: i librai hanno organizzato dei servizi di Click&amp;Collect con cui \u00e8 possibile ordinare e poi andare a ritirare i libri direttamente in libreria in orari specifici di permanenza.<\/p>\n<p>Finisco di prendere qualche appunto a matita su sfogli sparsi. Le risposte di questi librai infondano speranza, incertezza, ma al contempo tenacia e voglia di resistere. Una riluttanza attraverso la quale si protegge la cultura, la letteratura e ci si prende cura di una delle poche cose capaci di lasciare resti \u00a0di noi anche al di l\u00e0 del corpo: il libro.______<\/p>\n<p>Libreria Palmieri: libreriapalmieri@email.it<\/p>\n<p>La Libreria: lalibreria.paris@gmail.com<\/p>\n<p>La Tour de Babel: tourdebabel@club-internet.fr<\/p>\n<p>______<\/p>\n<p>LA RICERCA nel nostro articolo dell&#8217; 8 novembre scorso<\/p>\n<blockquote class=\"wp-embedded-content\" data-secret=\"aoHqu2r2jJ\"><p><a href=\"https:\/\/www.leccecronaca.it\/index.php\/2020\/11\/08\/alla-scoperta-della-shakespeare-co-la-mitica-libreria-di-parigi-che-fu-lombelico-del-mondo-culturale-internazionale-adesso-cento-anni-dopo-lotta-per-sopravvivere-e-chiede-aiu\/\">ALLA SCOPERTA DELLA \u201cShakespeare &#038;Co\u201d, LA MITICA LIBRERIA DI PARIGI CHE FU L&#8217;OMBELICO DEL MONDO CULTURALE. ADESSO, CENTO ANNI DOPO, LOTTA PER SOPRAVVIVERE, E CHIEDE AIUTO: \u201cTemps difficiles\u201d<\/a><\/p><\/blockquote>\n<p><iframe class=\"wp-embedded-content\" sandbox=\"allow-scripts\" security=\"restricted\" style=\"position: absolute; clip: rect(1px, 1px, 1px, 1px);\" src=\"https:\/\/www.leccecronaca.it\/index.php\/2020\/11\/08\/alla-scoperta-della-shakespeare-co-la-mitica-libreria-di-parigi-che-fu-lombelico-del-mondo-culturale-internazionale-adesso-cento-anni-dopo-lotta-per-sopravvivere-e-chiede-aiu\/embed\/#?secret=aoHqu2r2jJ\" data-secret=\"aoHqu2r2jJ\" width=\"500\" height=\"282\" title=\"&#8220;ALLA SCOPERTA DELLA \u201cShakespeare &#038;Co\u201d, LA MITICA LIBRERIA DI PARIGI CHE FU L&#8217;OMBELICO DEL MONDO CULTURALE. ADESSO, CENTO ANNI DOPO, LOTTA PER SOPRAVVIVERE, E CHIEDE AIUTO: \u201cTemps difficiles\u201d&#8221; &#8212; LecceCronaca.it\" frameborder=\"0\" marginwidth=\"0\" marginheight=\"0\" scrolling=\"no\"><\/iframe><\/p>\n<p>&nbsp;<\/p>\n<p>&nbsp;<\/p>\n<fb:like href='https:\/\/www.leccecronaca.it\/index.php\/2020\/11\/15\/174745\/' send='true' layout='button_count' show_faces='true' width='450' height='65' action='recommend' colorscheme='light' font='lucida grande'><\/fb:like><span class=\"fb_share\"><fb:like href=\"https:\/\/www.leccecronaca.it\/index.php\/2020\/11\/15\/174745\/\" layout=\"button_count\"><\/fb:like><\/span>","protected":false},"excerpt":{"rendered":"<p>LO RACCONTANO A leccecronaca.it I TITOLARI DANIELA PALMIERI, ANDREA DE RITIS, FLORENCE RAUT, FORTUNATO TRAMUTA E PATRIZIA MOLTENI, FRA INSICUREZZE E VOGLIA DI ANDARE AVANTI di\u00a0Mariangela Rosato______ \u201cChe il libro sopravviva non ci sono dubbi, quello che \u00e8 a rischio sono le persone.\u201d La frase della signora Daniela Palmieri, proprietaria della storica libreria Palmieri di [&hellip;]<\/p>\n","protected":false},"author":4,"featured_media":174756,"comment_status":"open","ping_status":"closed","sticky":false,"template":"","format":"standard","meta":[],"categories":[69,31,57,77],"tags":[],"_links":{"self":[{"href":"https:\/\/www.leccecronaca.it\/index.php\/wp-json\/wp\/v2\/posts\/174745"}],"collection":[{"href":"https:\/\/www.leccecronaca.it\/index.php\/wp-json\/wp\/v2\/posts"}],"about":[{"href":"https:\/\/www.leccecronaca.it\/index.php\/wp-json\/wp\/v2\/types\/post"}],"author":[{"embeddable":true,"href":"https:\/\/www.leccecronaca.it\/index.php\/wp-json\/wp\/v2\/users\/4"}],"replies":[{"embeddable":true,"href":"https:\/\/www.leccecronaca.it\/index.php\/wp-json\/wp\/v2\/comments?post=174745"}],"version-history":[{"count":10,"href":"https:\/\/www.leccecronaca.it\/index.php\/wp-json\/wp\/v2\/posts\/174745\/revisions"}],"predecessor-version":[{"id":174796,"href":"https:\/\/www.leccecronaca.it\/index.php\/wp-json\/wp\/v2\/posts\/174745\/revisions\/174796"}],"wp:featuredmedia":[{"embeddable":true,"href":"https:\/\/www.leccecronaca.it\/index.php\/wp-json\/wp\/v2\/media\/174756"}],"wp:attachment":[{"href":"https:\/\/www.leccecronaca.it\/index.php\/wp-json\/wp\/v2\/media?parent=174745"}],"wp:term":[{"taxonomy":"category","embeddable":true,"href":"https:\/\/www.leccecronaca.it\/index.php\/wp-json\/wp\/v2\/categories?post=174745"},{"taxonomy":"post_tag","embeddable":true,"href":"https:\/\/www.leccecronaca.it\/index.php\/wp-json\/wp\/v2\/tags?post=174745"}],"curies":[{"name":"wp","href":"https:\/\/api.w.org\/{rel}","templated":true}]}}