{"id":174890,"date":"2020-11-18T14:45:14","date_gmt":"2020-11-18T13:45:14","guid":{"rendered":"http:\/\/www.leccecronaca.it\/?p=174890"},"modified":"2020-11-18T14:45:42","modified_gmt":"2020-11-18T13:45:42","slug":"consulenze-a-richiesta-degli-psicologi-dellunisalento","status":"publish","type":"post","link":"https:\/\/www.leccecronaca.it\/index.php\/2020\/11\/18\/consulenze-a-richiesta-degli-psicologi-dellunisalento\/","title":{"rendered":"CONSULENZE A RICHIESTA DEGLI PSICOLOGI UNISALENTO"},"content":{"rendered":"<p><img decoding=\"async\" loading=\"lazy\" class=\"alignnone size-full wp-image-174891\" src=\"https:\/\/www.leccecronaca.it\/wordpress\/wp-content\/uploads\/2020\/11\/supporto_telefonico.jpg\" alt=\"\" width=\"800\" height=\"566\" srcset=\"https:\/\/www.leccecronaca.it\/wordpress\/wp-content\/uploads\/2020\/11\/supporto_telefonico.jpg 800w, https:\/\/www.leccecronaca.it\/wordpress\/wp-content\/uploads\/2020\/11\/supporto_telefonico-300x212.jpg 300w, https:\/\/www.leccecronaca.it\/wordpress\/wp-content\/uploads\/2020\/11\/supporto_telefonico-768x543.jpg 768w\" sizes=\"(max-width: 800px) 100vw, 800px\" \/>Riceviamo e volentieri pubblichiamo. L&#8217;Universit\u00e0 del Salento ci manda il seguente comunicato______<\/p>\n<p>All\u2019<b>Universit\u00e0 del Salento<\/b>\u00a0riapre lo sportello telefonico di supporto psicologico gi\u00e0 avviato nella prima fase della pandemia per sostenere gli studenti e le famiglie, i docenti e il personale d\u2019Ateneo.<\/p>\n<p>Dottorandi e assegnisti iscritti all\u2019Ordine professionale degli Psicologi (i dottori\u00a0<b>Lucrezia Ferrante<\/b>,\u00a0<b>Marika Iaia<\/b>,\u00a0<b>Gloria Lagetto<\/b>,\u00a0<b>Tiziana Marinaci<\/b>,\u00a0<b>Annalisa Levante<\/b>,\u00a0<b>Paola Pasca<\/b>,\u00a0<b>Giulia Piraino<\/b>,\u00a0<b>Simone Rollo<\/b>\u00a0e\u00a0<b>Matteo Zaterini<\/b>), coordinati dai professori\u00a0<b>Claudia Venuleo<\/b>\u00a0e\u00a0<b>Omar Gelo<\/b>, risponderanno al\u00a0<b>numero 0832 299100<\/b>\u00a0nei giorni di luned\u00ec, marted\u00ec e gioved\u00ec, dalle ore 9 alle ore 13 e dalle ore 16 alle ore 18, dialogando con quanti sentissero il bisogno di parlare delle proprie paure, preoccupazioni, senso di solitudine.<\/p>\n<p>L\u2019attivit\u00e0, gratuita per la comunit\u00e0 accademica, \u00e8 stata ora inserita in un pi\u00f9 articolato \u201cServizio di Psicologia\u201d, attivato presso il Dipartimento di Storia, Societ\u00e0 e Studi sull\u2019Uomo: per esigenze che travalicano le possibilit\u00e0 offerte dall\u2019ascolto e necessitano di una presa in carico di tipo consulenziale o terapeutico, \u00e8 infatti possibile scrivere a<\/p>\n<p><a target=\"_self\">serviziopsicologia@unisalento.it<\/a><\/p>\n<p>Il nuovo \u201cServizio di Psicologia\u201d \u00e8 coordinato da\u00a0<b>Claudia Venuleo<\/b>, docente di Psicologia clinica, ed \u00e8 organizzato su due ambiti principali di intervento: l\u2019<b>ambito<\/b><b>\u00a0clinico<\/b>\u00a0(referenti i professori Venuleo e Gelo), per attivit\u00e0 clinica di consulenza, sostegno e psicoterapia, in setting individuali, di coppia o di gruppo e per attivit\u00e0 formative \u2013 seminari, corsi brevi di aggiornamento e qualificazione professionale su temi legati alla prevenzione e all\u2019intervento nell\u2019ambito della psicologia clinica e della salute; l\u2019<b>ambito<\/b><b>\u00a0organizzativo e del lavoro<\/b>\u00a0(referente la professoressa\u00a0<b>Emanuela Ingusci<\/b>) per attivit\u00e0 di consulenza, analisi dei fabbisogni, selezione, formazione, sviluppo e gestione psicologica delle risorse umane al servizio di enti, istituzioni, realt\u00e0 aziendali. Questi ulteriori servizi saranno erogati con l\u2019applicazione di tariffe agevolate per la comunit\u00e0 accademica (personale e studenti).<\/p>\n<fb:like href='https:\/\/www.leccecronaca.it\/index.php\/2020\/11\/18\/consulenze-a-richiesta-degli-psicologi-dellunisalento\/' send='true' layout='button_count' show_faces='true' width='450' height='65' action='recommend' colorscheme='light' font='lucida grande'><\/fb:like><span class=\"fb_share\"><fb:like href=\"https:\/\/www.leccecronaca.it\/index.php\/2020\/11\/18\/consulenze-a-richiesta-degli-psicologi-dellunisalento\/\" layout=\"button_count\"><\/fb:like><\/span>","protected":false},"excerpt":{"rendered":"<p>Riceviamo e volentieri pubblichiamo. L&#8217;Universit\u00e0 del Salento ci manda il seguente comunicato______ All\u2019Universit\u00e0 del Salento\u00a0riapre lo sportello telefonico di supporto psicologico gi\u00e0 avviato nella prima fase della pandemia per sostenere gli studenti e le famiglie, i docenti e il personale d\u2019Ateneo. Dottorandi e assegnisti iscritti all\u2019Ordine professionale degli Psicologi (i dottori\u00a0Lucrezia Ferrante,\u00a0Marika Iaia,\u00a0Gloria Lagetto,\u00a0Tiziana Marinaci,\u00a0Annalisa [&hellip;]<\/p>\n","protected":false},"author":4,"featured_media":174891,"comment_status":"open","ping_status":"closed","sticky":false,"template":"","format":"standard","meta":[],"categories":[69,31,36],"tags":[],"_links":{"self":[{"href":"https:\/\/www.leccecronaca.it\/index.php\/wp-json\/wp\/v2\/posts\/174890"}],"collection":[{"href":"https:\/\/www.leccecronaca.it\/index.php\/wp-json\/wp\/v2\/posts"}],"about":[{"href":"https:\/\/www.leccecronaca.it\/index.php\/wp-json\/wp\/v2\/types\/post"}],"author":[{"embeddable":true,"href":"https:\/\/www.leccecronaca.it\/index.php\/wp-json\/wp\/v2\/users\/4"}],"replies":[{"embeddable":true,"href":"https:\/\/www.leccecronaca.it\/index.php\/wp-json\/wp\/v2\/comments?post=174890"}],"version-history":[{"count":2,"href":"https:\/\/www.leccecronaca.it\/index.php\/wp-json\/wp\/v2\/posts\/174890\/revisions"}],"predecessor-version":[{"id":174893,"href":"https:\/\/www.leccecronaca.it\/index.php\/wp-json\/wp\/v2\/posts\/174890\/revisions\/174893"}],"wp:featuredmedia":[{"embeddable":true,"href":"https:\/\/www.leccecronaca.it\/index.php\/wp-json\/wp\/v2\/media\/174891"}],"wp:attachment":[{"href":"https:\/\/www.leccecronaca.it\/index.php\/wp-json\/wp\/v2\/media?parent=174890"}],"wp:term":[{"taxonomy":"category","embeddable":true,"href":"https:\/\/www.leccecronaca.it\/index.php\/wp-json\/wp\/v2\/categories?post=174890"},{"taxonomy":"post_tag","embeddable":true,"href":"https:\/\/www.leccecronaca.it\/index.php\/wp-json\/wp\/v2\/tags?post=174890"}],"curies":[{"name":"wp","href":"https:\/\/api.w.org\/{rel}","templated":true}]}}