{"id":175075,"date":"2020-11-23T15:09:10","date_gmt":"2020-11-23T14:09:10","guid":{"rendered":"http:\/\/www.leccecronaca.it\/?p=175075"},"modified":"2020-11-23T15:15:12","modified_gmt":"2020-11-23T14:15:12","slug":"le-idee-il-rinnovato-grido-di-dolore-di-greta-tumberg","status":"publish","type":"post","link":"https:\/\/www.leccecronaca.it\/index.php\/2020\/11\/23\/le-idee-il-rinnovato-grido-di-dolore-di-greta-tumberg\/","title":{"rendered":"LE IDEE \/ IL RINNOVATO GRIDO DI DOLORE DI GRETA THUMBERG: &#8220;Abbiamo smesso di prenderci cura gli uni degli altri, abbiamo smesso di pensare a lungo termine&#8221;"},"content":{"rendered":"<p><img decoding=\"async\" loading=\"lazy\" class=\"alignnone size-full wp-image-175076\" src=\"https:\/\/www.leccecronaca.it\/wordpress\/wp-content\/uploads\/2020\/11\/72759059_955219538179200_1222795863689003008_n.jpg\" alt=\"\" width=\"959\" height=\"960\" srcset=\"https:\/\/www.leccecronaca.it\/wordpress\/wp-content\/uploads\/2020\/11\/72759059_955219538179200_1222795863689003008_n.jpg 959w, https:\/\/www.leccecronaca.it\/wordpress\/wp-content\/uploads\/2020\/11\/72759059_955219538179200_1222795863689003008_n-300x300.jpg 300w, https:\/\/www.leccecronaca.it\/wordpress\/wp-content\/uploads\/2020\/11\/72759059_955219538179200_1222795863689003008_n-150x150.jpg 150w, https:\/\/www.leccecronaca.it\/wordpress\/wp-content\/uploads\/2020\/11\/72759059_955219538179200_1222795863689003008_n-768x769.jpg 768w, https:\/\/www.leccecronaca.it\/wordpress\/wp-content\/uploads\/2020\/11\/72759059_955219538179200_1222795863689003008_n-60x60.jpg 60w\" sizes=\"(max-width: 959px) 100vw, 959px\" \/>(Rdl)______<em><span style=\"color: #008000;\"><strong>&#8220;La crisi climatica non \u00e8 mai stata trattata come una crisi. Viene trattata come una questione pubblica e importante, come un argomento politico. Ma non \u00e8 cos\u00ec, perch\u00e9 \u00e8 una crisi esistenziale&#8221;. <\/strong><\/span><\/em><\/p>\n<p>E&#8217; uno dei passaggi pi\u00f9 significativi di una lunga intervista a <span style=\"color: #008000;\"><strong>Greta Thumberg<\/strong><\/span>\u00a0(nella foto) del canale pay-tv\u00a0National Geographic.<\/p>\n<p>Eccone un altro, pi\u00f9 articolato: <span style=\"color: #008000;\"><strong><em>&#8220;Oggi\u00a0viviamo in una societ\u00e0 della post-verit\u00e0,\u00a0 non ci importa di aver perso l\u2019empatia. Abbiamo smesso di prenderci cura gli uni degli altri, in un certo senso. Abbiamo smesso di pensare a lungo termine e in modo sostenibile&#8230;.Le emissioni stanno aumentando&#8230; Certo, non possiamo aspettarci che questo movimento da solo cambi il mondo. Se lo pensiamo allora non abbiamo capito la crisi climatica. La gente dice &#8211; Il tuo movimento ha fallito visto che non hai raggiunto i tuoi obiettivi?&#8217; &#8211; <\/em><\/strong><\/span><\/p>\n<p><span style=\"color: #008000;\"><strong><em>Ma quali sono i nostri obiettivi? Noi non abbiamo nessun obiettivo. Il nostro obiettivo \u00e8 fare il pi\u00f9 possibile per essere una piccola parte di un cambiamento molto pi\u00f9 grande. Essere uno di tanti attivisti che spingono nella stessa direzione da prospettive diverse. \u00c8 questo il nostro obiettivo. Non possiamo aspettarci che un movimento o un\u2019iniziativa, una soluzione possano cambiare tutto, o che ci spingano nella direzione giusta. Perch\u00e9 la crisi climatica \u00e8 molto complessa. Non \u00e8 cos\u00ec semplice.&#8221;<\/em><\/strong><\/span><br \/>\n<span style=\"color: #008000;\"><strong><em>\u00a0<\/em><\/strong><\/span><\/p>\n<fb:like href='https:\/\/www.leccecronaca.it\/index.php\/2020\/11\/23\/le-idee-il-rinnovato-grido-di-dolore-di-greta-tumberg\/' send='true' layout='button_count' show_faces='true' width='450' height='65' action='recommend' colorscheme='light' font='lucida grande'><\/fb:like><span class=\"fb_share\"><fb:like href=\"https:\/\/www.leccecronaca.it\/index.php\/2020\/11\/23\/le-idee-il-rinnovato-grido-di-dolore-di-greta-tumberg\/\" layout=\"button_count\"><\/fb:like><\/span>","protected":false},"excerpt":{"rendered":"<p>(Rdl)______&#8220;La crisi climatica non \u00e8 mai stata trattata come una crisi. Viene trattata come una questione pubblica e importante, come un argomento politico. Ma non \u00e8 cos\u00ec, perch\u00e9 \u00e8 una crisi esistenziale&#8221;. E&#8217; uno dei passaggi pi\u00f9 significativi di una lunga intervista a Greta Thumberg\u00a0(nella foto) del canale pay-tv\u00a0National Geographic. Eccone un altro, pi\u00f9 articolato: [&hellip;]<\/p>\n","protected":false},"author":4,"featured_media":175076,"comment_status":"open","ping_status":"closed","sticky":false,"template":"","format":"standard","meta":[],"categories":[1,31],"tags":[],"_links":{"self":[{"href":"https:\/\/www.leccecronaca.it\/index.php\/wp-json\/wp\/v2\/posts\/175075"}],"collection":[{"href":"https:\/\/www.leccecronaca.it\/index.php\/wp-json\/wp\/v2\/posts"}],"about":[{"href":"https:\/\/www.leccecronaca.it\/index.php\/wp-json\/wp\/v2\/types\/post"}],"author":[{"embeddable":true,"href":"https:\/\/www.leccecronaca.it\/index.php\/wp-json\/wp\/v2\/users\/4"}],"replies":[{"embeddable":true,"href":"https:\/\/www.leccecronaca.it\/index.php\/wp-json\/wp\/v2\/comments?post=175075"}],"version-history":[{"count":5,"href":"https:\/\/www.leccecronaca.it\/index.php\/wp-json\/wp\/v2\/posts\/175075\/revisions"}],"predecessor-version":[{"id":175081,"href":"https:\/\/www.leccecronaca.it\/index.php\/wp-json\/wp\/v2\/posts\/175075\/revisions\/175081"}],"wp:featuredmedia":[{"embeddable":true,"href":"https:\/\/www.leccecronaca.it\/index.php\/wp-json\/wp\/v2\/media\/175076"}],"wp:attachment":[{"href":"https:\/\/www.leccecronaca.it\/index.php\/wp-json\/wp\/v2\/media?parent=175075"}],"wp:term":[{"taxonomy":"category","embeddable":true,"href":"https:\/\/www.leccecronaca.it\/index.php\/wp-json\/wp\/v2\/categories?post=175075"},{"taxonomy":"post_tag","embeddable":true,"href":"https:\/\/www.leccecronaca.it\/index.php\/wp-json\/wp\/v2\/tags?post=175075"}],"curies":[{"name":"wp","href":"https:\/\/api.w.org\/{rel}","templated":true}]}}