{"id":175144,"date":"2020-11-24T19:50:58","date_gmt":"2020-11-24T18:50:58","guid":{"rendered":"http:\/\/www.leccecronaca.it\/?p=175144"},"modified":"2020-11-24T20:30:48","modified_gmt":"2020-11-24T19:30:48","slug":"la-colpa-di-alfredo-e-quella-di-vasco","status":"publish","type":"post","link":"https:\/\/www.leccecronaca.it\/index.php\/2020\/11\/24\/la-colpa-di-alfredo-e-quella-di-vasco\/","title":{"rendered":"LA COLPA DI ALFREDO. E QUELLA DI VASCO"},"content":{"rendered":"<p><img decoding=\"async\" loading=\"lazy\" class=\"alignnone size-full wp-image-175146\" src=\"https:\/\/www.leccecronaca.it\/wordpress\/wp-content\/uploads\/2020\/11\/vasco.jpg\" alt=\"\" width=\"1140\" height=\"641\" srcset=\"https:\/\/www.leccecronaca.it\/wordpress\/wp-content\/uploads\/2020\/11\/vasco.jpg 1140w, https:\/\/www.leccecronaca.it\/wordpress\/wp-content\/uploads\/2020\/11\/vasco-300x169.jpg 300w, https:\/\/www.leccecronaca.it\/wordpress\/wp-content\/uploads\/2020\/11\/vasco-1024x576.jpg 1024w, https:\/\/www.leccecronaca.it\/wordpress\/wp-content\/uploads\/2020\/11\/vasco-768x432.jpg 768w\" sizes=\"(max-width: 1140px) 100vw, 1140px\" \/>(g.p.)_______Trovo oggi pi\u00f9 volte variamente ripresa, copiata, sviluppata, e pi\u00f9 o meno entusiasticamente commentata da tutte le parti del web, una ricostruzione &#8211; addirittura: &#8220;una scoperta pazzesca&#8221; \u00e8 stata definita da un autorevole quotidiano &#8211;\u00a0 riguardante la canzone <strong><em>&#8220;Colpa di<\/em> Alfredo&#8221;<\/strong> di <strong>Vasco Rossi<\/strong>.<\/p>\n<p>Anno di grazia 1980, quando usc\u00ec, con grande scalpore, che si riduceva per\u00f2 in crasse risate maschiliste e pacche sulle spalle complici e solidali.<\/p>\n<p>Sono passati quaranta anni, una vita.<\/p>\n<p>Ma le canzoni sono segni dei tempi, sono la colonna sonora delle nostre emozioni, sono &#8220;dei fiori&#8221; che non \u00e8 vero &#8220;che svaniscono in fretta&#8221;, no, alcune rimangono, indelebili, e rimangono per sempre, non muoiono mai.<\/p>\n<p>Motivo di cotanta attenzione, all&#8217;epoca, il celeberrimo incipit:<\/p>\n<p>&#8220;Ho perso un&#8217;altra occasione buona &#8216;stasera<\/p>\n<p><strong>\u00e8 andata a casa con il negro la troia&#8221;<\/strong>.<\/p>\n<p>Una specie di record, riuscire a concentrare in un verso, in poche parole, un simile florilegio di sessismo, razzismo e di affronto a quello che nel frattempo abbiamo imparato a chiamare il &#8220;politically\u00a0 correct&#8221;.<\/p>\n<p>Ma c&#8217;\u00e8 anche di peggio.<\/p>\n<p>Alla luce delle rivelazioni odierne, bisogna aggiungerci anche l&#8217;affronto ai Meridionali, che non sanno neanche parlare bene.<\/p>\n<p>E allora, racconta tutto il vero Alfredo, che era poi un amico di Vasco Rossi, che all&#8217;epoca faceva il disk jockey e suonava qua e l\u00e0 dove capitava. L&#8217;unico particolare, \u00e8 Andrea, il suo vero nome, trasformato per esigenze&#8230;metriche e musicali.<\/p>\n<p>Per il resto, l&#8217;episodio \u00e8 vero, tutto quanto, particolari compresi.<\/p>\n<p>La ragazza in questione si chiamava Daniela.<\/p>\n<p>Su &#8220;Leggo&#8221; cos\u00ec la racconta Andrea: <strong><em>&#8220;Vasco era perso per una ragazza di vicino Modena, la Daniela. Ci provava ogni sera e ogni sera lei inventava scuse. Un giorno accett\u00f2 di uscire con lui e da l\u00ec inizi\u00f2 tutto.<\/em><\/strong><\/p>\n<p><strong><em>Vasco venne da noi, stava a duemila per l&#8217;emozione. Io iniziai a parlargli dicendo che, visto che doveva arrivare a Misano dove la sera avrebbe dovuto suonare, era meglio che partiva in tempo utile per non rimanere imbottigliato nel traffico. Questi erano i discorsi seri e inopportuni&#8230;&#8221;<\/em> <\/strong>che gli fecero perdere l&#8217;occasione&#8230;<\/p>\n<p>Infatti &#8211; sempre nel racconto di Andrea alias Alfredo &#8211; <strong><em>&#8220;la discoteca era frequentata da un certo Santino, un ragazzotto con origini meridionali. Aveva la carnagione cos\u00ec scura che dopo mezza giornata al mare sembrava un tunisino&#8230; si era comprato una Bmw e Daniela scelse di andare via con lui, lasciando Vasco a fare tutti i suoi progetti&#8221;.<\/em><\/strong><\/p>\n<p>&nbsp;<\/p>\n<p>A Vasco Rossi viene perdonato tutto.<\/p>\n<p>Ma oggi, oggi ecco due parole di scuse da parte sua, ci sarebbero state benissimo, in un contestualizzare la vicenda e in un prenderne le distanze postume, invece niente, anche perch\u00e9 viene annunciata una prossima ripubblicazione discografica del pezzo in questione.<\/p>\n<p>Cos\u00ec \u00e8, la cultura radical chic usa da sempre due pesi e due misure, a proprio tornaconto, commerciale e politico.<\/p>\n<p>Gli ha perdonato finanche una scandalosa, prolungata, sostanziale apologia dell&#8217;uso della droga.<\/p>\n<p>Oggi, poi, \u00e8 stato imbarazzante il silenzio delle sacerdotesse del &#8220;mee to&#8221;.<\/p>\n<p>Le parole sono importanti, a volte pesano pi\u00f9 di macigni.<\/p>\n<p>Anche quando mancano del tutto, quando sarebbero state pi\u00f9 che opportune: doverose.<\/p>\n<p>***<br \/>\nQuando parlo di due pesi e di due misure, delle colpe di una certa sinistra intrallazzona, superficiale, omologata, asservita e francamente irritante, non parlo a vanvera.<\/p>\n<p>Mesi fa &#8211; e intendiamoci: hanno fatto benissimo &#8211; un oscuro consigliere comunale di Bari pass\u00f2 i guai suoi per essere stato accusato di aver scritto un epiteto sessista ad una collega, con tanto di perizie grafiche, istruttorie processuali, avvocati, giudici ed estenuanti dibattiti indignati.<\/p>\n<p>Poche settimane fa, \u00e8 rimbalzato sui giornali un appunto attribuito ad un illustre leader della sinistra in cui egli emula Vasco Rossi nell&#8217;ingiuria rivolta per iscritto ad una sua illustre amica, collega, parlamentare e ministro.<\/p>\n<p>Niente.<\/p>\n<p>Anzi, c&#8217;\u00e8 chi l&#8217;ha difeso, o ha tentato di difenderlo, minimizzando.<\/p>\n<p>Due pesi e due misure.<\/p>\n<p>Prove tecniche di regime, prodromi della dittatura del pensiero unico dominante, usato pretestuosamente solo quando conviene a chi lo esercita, a suo uso e consumo, per propaganda politica, contro chi non \u00e8 allineato e non \u00e8 amico dei salotti buoni televisivi e dei salotti buoni della sinistra radical chic.<\/p>\n<p>&nbsp;<\/p>\n<p>&nbsp;<\/p>\n<p>&nbsp;<\/p>\n<p>&nbsp;<\/p>\n<p>&nbsp;<\/p>\n<p>&nbsp;<\/p>\n<p>&nbsp;<\/p>\n<p>&nbsp;<\/p>\n<p>&nbsp;<\/p>\n<p>&nbsp;<\/p>\n<fb:like href='https:\/\/www.leccecronaca.it\/index.php\/2020\/11\/24\/la-colpa-di-alfredo-e-quella-di-vasco\/' send='true' layout='button_count' show_faces='true' width='450' height='65' action='recommend' colorscheme='light' font='lucida grande'><\/fb:like><span class=\"fb_share\"><fb:like href=\"https:\/\/www.leccecronaca.it\/index.php\/2020\/11\/24\/la-colpa-di-alfredo-e-quella-di-vasco\/\" layout=\"button_count\"><\/fb:like><\/span>","protected":false},"excerpt":{"rendered":"<p>(g.p.)_______Trovo oggi pi\u00f9 volte variamente ripresa, copiata, sviluppata, e pi\u00f9 o meno entusiasticamente commentata da tutte le parti del web, una ricostruzione &#8211; addirittura: &#8220;una scoperta pazzesca&#8221; \u00e8 stata definita da un autorevole quotidiano &#8211;\u00a0 riguardante la canzone &#8220;Colpa di Alfredo&#8221; di Vasco Rossi. Anno di grazia 1980, quando usc\u00ec, con grande scalpore, che si [&hellip;]<\/p>\n","protected":false},"author":4,"featured_media":175146,"comment_status":"open","ping_status":"closed","sticky":false,"template":"","format":"standard","meta":[],"categories":[69,31],"tags":[],"_links":{"self":[{"href":"https:\/\/www.leccecronaca.it\/index.php\/wp-json\/wp\/v2\/posts\/175144"}],"collection":[{"href":"https:\/\/www.leccecronaca.it\/index.php\/wp-json\/wp\/v2\/posts"}],"about":[{"href":"https:\/\/www.leccecronaca.it\/index.php\/wp-json\/wp\/v2\/types\/post"}],"author":[{"embeddable":true,"href":"https:\/\/www.leccecronaca.it\/index.php\/wp-json\/wp\/v2\/users\/4"}],"replies":[{"embeddable":true,"href":"https:\/\/www.leccecronaca.it\/index.php\/wp-json\/wp\/v2\/comments?post=175144"}],"version-history":[{"count":7,"href":"https:\/\/www.leccecronaca.it\/index.php\/wp-json\/wp\/v2\/posts\/175144\/revisions"}],"predecessor-version":[{"id":175152,"href":"https:\/\/www.leccecronaca.it\/index.php\/wp-json\/wp\/v2\/posts\/175144\/revisions\/175152"}],"wp:featuredmedia":[{"embeddable":true,"href":"https:\/\/www.leccecronaca.it\/index.php\/wp-json\/wp\/v2\/media\/175146"}],"wp:attachment":[{"href":"https:\/\/www.leccecronaca.it\/index.php\/wp-json\/wp\/v2\/media?parent=175144"}],"wp:term":[{"taxonomy":"category","embeddable":true,"href":"https:\/\/www.leccecronaca.it\/index.php\/wp-json\/wp\/v2\/categories?post=175144"},{"taxonomy":"post_tag","embeddable":true,"href":"https:\/\/www.leccecronaca.it\/index.php\/wp-json\/wp\/v2\/tags?post=175144"}],"curies":[{"name":"wp","href":"https:\/\/api.w.org\/{rel}","templated":true}]}}